{"id":7375,"date":"2020-07-02T10:34:00","date_gmt":"2020-07-02T15:34:00","guid":{"rendered":"http:\/\/tvalaire.com\/?p=7375"},"modified":"2020-08-01T10:35:06","modified_gmt":"2020-08-01T15:35:06","slug":"en-colaboracion-con-vecinos-se-reforesta-villas-de-la-loma","status":"publish","type":"post","link":"http:\/\/tvalaire.com\/?p=7375","title":{"rendered":"EN COLABORACI\u00d3N CON VECINOS SE REFORESTA VILLAS DE LA LOMA"},"content":{"rendered":"\n<p><strong> <\/strong><\/p>\n\n\n\n<ul class=\"wp-block-list\"><li><strong>Habitantes\ndel lugar se comprometieron a cuidar de ellos<\/strong><\/li><li><strong>M\u00e1s\nde mil 370 arbolitos plantados en varios puntos de la ciudad <\/strong><\/li><\/ul>\n\n\n\n<p>Con el fin de aprovechar\neste periodo de lluvias la Coordinaci\u00f3n de Ecolog\u00eda en colaboraci\u00f3n con el\nCentro de Desarrollo Comunitario del fraccionamiento Villas de la Loma y el\nInstituto de la Juventud Piedadense (INJUP) realizaron actividad de\nreforestaci\u00f3n en esa zona habitacional. <\/p>\n\n\n\n<p>La dependencia municipal\nllev\u00f3 al lugar 300 arbolitos de diferentes tipos como; Palma abanico, fresno,\npata de vaca, cedro blanco, trueno chino y lluvia de oro, los cuales se\nplantaron en diferentes zonas como el camell\u00f3n central y en algunas de las\nsecciones del fraccionamiento. <\/p>\n\n\n\n<p>Tatiana Ayala Avi\u00f1a, titular\nde la Coordinaci\u00f3n de Ecolog\u00eda coment\u00f3 que a la fecha se han podido plantar mil\n372 \u00e1rboles de diferentes especies con los que se buscan mejorar los espacios y\n\u00e1reas verdes quefavorezcan el medio ambiente del municipio. <\/p>\n\n\n\n<p>La servidora p\u00fablica a\nnombre de nuestro presidente Alex Espinoza, reconoci\u00f3 en los habitantes de esa\nparte de la ciudad el inter\u00e9s de participaci\u00f3n que siempre han mostrado en las\ndiferentes acciones de mejoramiento urbano que se han realizado, as\u00ed mismo por\nadoptar el compromiso de cuidar el crecimiento de las plantas.<\/p>\n\n\n\n<p>De igual manera el\nreconocimiento se hizo extensivo para el personal del Centro de Desarrollo\nComunitario del Fraccionamiento, mismo que de manera constante promueve\nacciones de rehabilitaci\u00f3n y mejoramiento de la zona habitacional en las que el\nGobierno Municipal suma esfuerzos para beneficio de los vecinos del lugar. <\/p>\n","protected":false},"excerpt":{"rendered":"<p>Habitantes del lugar se comprometieron a cuidar de ellos M\u00e1s de mil 370 arbolitos plantados&#8230;<\/p>\n","protected":false},"author":1,"featured_media":7376,"comment_status":"open","ping_status":"open","sticky":false,"template":"","format":"standard","meta":{"jetpack_post_was_ever_published":false,"_jetpack_newsletter_access":"","_jetpack_dont_email_post_to_subs":false,"_jetpack_newsletter_tier_id":0,"_jetpack_memberships_contains_paywalled_content":false,"_jetpack_memberships_contains_paid_content":false,"footnotes":"","jetpack_publicize_message":"","jetpack_publicize_feature_enabled":true,"jetpack_social_post_already_shared":false,"jetpack_social_options":{"image_generator_settings":{"template":"highway","enabled":false},"version":2}},"categories":[1],"tags":[],"class_list":["post-7375","post","type-post","status-publish","format-standard","has-post-thumbnail","hentry","category-la-piedad"],"jetpack_publicize_connections":[],"jetpack_sharing_enabled":true,"featured_image_urls":{"full":["http:\/\/tvalaire.com\/wp-content\/uploads\/2020\/08\/1-5.jpeg",1080,720,false],"thumbnail":["http:\/\/tvalaire.com\/wp-content\/uploads\/2020\/08\/1-5-150x150.jpeg",150,150,true],"medium":["http:\/\/tvalaire.com\/wp-content\/uploads\/2020\/08\/1-5-300x200.jpeg",300,200,true],"medium_large":["http:\/\/tvalaire.com\/wp-content\/uploads\/2020\/08\/1-5-768x512.jpeg",640,427,true],"large":["http:\/\/tvalaire.com\/wp-content\/uploads\/2020\/08\/1-5-1024x683.jpeg",640,427,true],"post-slider-thumb-size":["http:\/\/tvalaire.com\/wp-content\/uploads\/2020\/08\/1-5-330x190.jpeg",330,190,true],"post-category-slider-size":["http:\/\/tvalaire.com\/wp-content\/uploads\/2020\/08\/1-5.jpeg",330,220,false],"1536x1536":["http:\/\/tvalaire.com\/wp-content\/uploads\/2020\/08\/1-5.jpeg",1080,720,false],"2048x2048":["http:\/\/tvalaire.com\/wp-content\/uploads\/2020\/08\/1-5.jpeg",1080,720,false],"newsium-slider-full":["http:\/\/tvalaire.com\/wp-content\/uploads\/2020\/08\/1-5.jpeg",1080,720,false],"newsium-featured":["http:\/\/tvalaire.com\/wp-content\/uploads\/2020\/08\/1-5-1024x683.jpeg",1024,683,true],"newsium-medium":["http:\/\/tvalaire.com\/wp-content\/uploads\/2020\/08\/1-5-720x475.jpeg",720,475,true]},"author_info":{"info":["tvalairenoti"]},"category_info":"<a href=\"http:\/\/tvalaire.com\/?cat=1\" rel=\"category\">La Piedad<\/a>","tag_info":"La Piedad","comment_count":"0","jetpack_featured_media_url":"http:\/\/tvalaire.com\/wp-content\/uploads\/2020\/08\/1-5.jpeg","_links":{"self":[{"href":"http:\/\/tvalaire.com\/index.php?rest_route=\/wp\/v2\/posts\/7375"}],"collection":[{"href":"http:\/\/tvalaire.com\/index.php?rest_route=\/wp\/v2\/posts"}],"about":[{"href":"http:\/\/tvalaire.com\/index.php?rest_route=\/wp\/v2\/types\/post"}],"author":[{"embeddable":true,"href":"http:\/\/tvalaire.com\/index.php?rest_route=\/wp\/v2\/users\/1"}],"replies":[{"embeddable":true,"href":"http:\/\/tvalaire.com\/index.php?rest_route=%2Fwp%2Fv2%2Fcomments&post=7375"}],"version-history":[{"count":1,"href":"http:\/\/tvalaire.com\/index.php?rest_route=\/wp\/v2\/posts\/7375\/revisions"}],"predecessor-version":[{"id":7377,"href":"http:\/\/tvalaire.com\/index.php?rest_route=\/wp\/v2\/posts\/7375\/revisions\/7377"}],"wp:featuredmedia":[{"embeddable":true,"href":"http:\/\/tvalaire.com\/index.php?rest_route=\/wp\/v2\/media\/7376"}],"wp:attachment":[{"href":"http:\/\/tvalaire.com\/index.php?rest_route=%2Fwp%2Fv2%2Fmedia&parent=7375"}],"wp:term":[{"taxonomy":"category","embeddable":true,"href":"http:\/\/tvalaire.com\/index.php?rest_route=%2Fwp%2Fv2%2Fcategories&post=7375"},{"taxonomy":"post_tag","embeddable":true,"href":"http:\/\/tvalaire.com\/index.php?rest_route=%2Fwp%2Fv2%2Ftags&post=7375"}],"curies":[{"name":"wp","href":"https:\/\/api.w.org\/{rel}","templated":true}]}}