{"id":729,"date":"2017-03-07T09:40:42","date_gmt":"2017-03-07T15:40:42","guid":{"rendered":"http:\/\/tvalaire.com\/?p=729"},"modified":"2017-03-07T09:40:42","modified_gmt":"2017-03-07T15:40:42","slug":"impartiran-curso-sobre-coberturas-de-riesgo-de-precios-en-los-granos","status":"publish","type":"post","link":"http:\/\/tvalaire.com\/?p=729","title":{"rendered":"IMPARTIR\u00c1N CURSO SOBRE \u201cCOBERTURAS DE RIESGO DE PRECIOS EN LOS GRANOS\u201d"},"content":{"rendered":"<p class=\"xmsonormal\" style=\"background: white; font-variant-ligatures: normal; font-variant-caps: normal; orphans: 2; text-align: start; widows: 2; -webkit-text-stroke-width: 0px; word-spacing: 0px;\"><b><span style=\"font-size: 16.0pt; font-family: 'Arial','sans-serif'; color: #212121;\">\u00a0<\/span><\/b><\/p>\n<p class=\"xmsonormal\" style=\"text-align: justify; background: white; font-variant-ligatures: normal; font-variant-caps: normal; orphans: 2; widows: 2; -webkit-text-stroke-width: 0px; word-spacing: 0px;\"><span style=\"font-size: 13.0pt; font-family: 'Arial','sans-serif'; color: #212121;\">Con el objetivo de preparar a productores agr\u00edcolas a ser m\u00e1s productivos e independientes, la direcci\u00f3n de Fomento Agropecuario impartir\u00e1 este viernes 10 un curso sobre \u201cCoberturas de riesgo de precios en los granos\u201d, el cual se desarrollar\u00e1 en el Centro de Desarrollo Comunitario \u201cCarlos Castillo Peraza\u201d de la colonia Vasco de Quiroga a partir de las 10:00 de la ma\u00f1ana.<\/span><\/p>\n<p class=\"xmsonormal\" style=\"text-align: justify; background: white;\"><span style=\"font-size: 13.0pt; font-family: 'Arial','sans-serif'; color: #212121;\">El curso estar\u00e1 impartido por Salvador Z\u00e1rate quien cuenta con Diplomado que lo avala para hablar sobre temas relacionados con la cobertura de precios.<\/span><\/p>\n<p class=\"xmsonormal\" style=\"text-align: justify; background: white;\"><span style=\"font-size: 13.0pt; font-family: 'Arial','sans-serif'; color: #212121;\">El tema se encuentra dirigido a todos los productores agr\u00edcolas, a quienes se invita para que acudan este viernes a conocer de voz de este experto sobre el tema que les involucra a todos los productores del campo, ya que durante el curso se explicar\u00e1n las formas en las que se manejan los precios de los granos ya sea en forma general o por su propia cuenta.<\/span><\/p>\n<p class=\"xmsonormal\" style=\"text-align: justify; background: white;\"><span style=\"font-size: 13.0pt; font-family: 'Arial','sans-serif'; color: #212121;\">Salvador Z\u00e1rate inform\u00f3 que este a\u00f1o el gobierno estatal pondr\u00e1 el 100% del costo en el pago de las coberturas para la agricultura por contrato, cuando anteriormente daban s\u00f3lo el 85%.<\/span><\/p>\n<p class=\"xmsonormal\" style=\"text-align: justify; background: white; font-variant-ligatures: normal; font-variant-caps: normal; orphans: 2; widows: 2; -webkit-text-stroke-width: 0px; word-spacing: 0px;\"><span style=\"font-size: 13.0pt; font-family: 'Arial','sans-serif'; color: #212121;\">En esta ocasi\u00f3n, el Gobierno quit\u00f3 el apoyo que otorgaba a las empresas comercializadoras que participaban en el \u00e1rea de agricultura por contrato y decidi\u00f3 dar esos recursos pero para el pago de coberturas de los productores agr\u00edcolas.<\/span><\/p>\n<p class=\"xmsonormal\" style=\"text-align: justify; background: white;\"><span style=\"font-size: 13.0pt; font-family: 'Arial','sans-serif'; color: #212121;\">Dio a conocer que este a\u00f1o, las \u00fanicas empresas locales que aceptaron establecer agricultura por contrato a pesar de que no recibir\u00e1n apoyo del Gobierno del Estado son Nu3 y Casavi Comercial, quienes incluso se ofrecieron a hacer todo el papeleo.<\/span><\/p>\n<p class=\"xmsonormal\" style=\"text-align: justify; background: white;\"><span style=\"font-size: 13.0pt; font-family: 'Arial','sans-serif'; color: #212121;\">Por lo que se invit\u00f3 a todos los jefes de tenencia, encargados del orden y productores agr\u00edcolas en general, a que acudan al curso en donde obtendr\u00e1n informaci\u00f3n de inter\u00e9s para todos.<\/span><\/p>\n","protected":false},"excerpt":{"rendered":"<p>\u00a0 Con el objetivo de preparar a productores agr\u00edcolas a ser m\u00e1s productivos e independientes,&#8230;<\/p>\n","protected":false},"author":1,"featured_media":726,"comment_status":"open","ping_status":"open","sticky":false,"template":"","format":"standard","meta":{"jetpack_post_was_ever_published":false,"_jetpack_newsletter_access":"","_jetpack_dont_email_post_to_subs":false,"_jetpack_newsletter_tier_id":0,"_jetpack_memberships_contains_paywalled_content":false,"_jetpack_memberships_contains_paid_content":false,"footnotes":"","jetpack_publicize_message":"","jetpack_publicize_feature_enabled":true,"jetpack_social_post_already_shared":false,"jetpack_social_options":{"image_generator_settings":{"template":"highway","enabled":false},"version":2}},"categories":[1],"tags":[15,36],"class_list":["post-729","post","type-post","status-publish","format-standard","has-post-thumbnail","hentry","category-la-piedad","tag-la-piedad","tag-principales"],"jetpack_publicize_connections":[],"jetpack_sharing_enabled":true,"featured_image_urls":{"full":["http:\/\/tvalaire.com\/wp-content\/uploads\/2017\/03\/IMPARTIR\u00c1N-CURSO-SOBRE-\u201cCOBERTURAS-DE-RIESGO-DE-PRECIOS-EN-LOS-GRANOS\u201d.jpg",1024,683,false],"thumbnail":["http:\/\/tvalaire.com\/wp-content\/uploads\/2017\/03\/IMPARTIR\u00c1N-CURSO-SOBRE-\u201cCOBERTURAS-DE-RIESGO-DE-PRECIOS-EN-LOS-GRANOS\u201d-150x150.jpg",150,150,true],"medium":["http:\/\/tvalaire.com\/wp-content\/uploads\/2017\/03\/IMPARTIR\u00c1N-CURSO-SOBRE-\u201cCOBERTURAS-DE-RIESGO-DE-PRECIOS-EN-LOS-GRANOS\u201d-300x200.jpg",300,200,true],"medium_large":["http:\/\/tvalaire.com\/wp-content\/uploads\/2017\/03\/IMPARTIR\u00c1N-CURSO-SOBRE-\u201cCOBERTURAS-DE-RIESGO-DE-PRECIOS-EN-LOS-GRANOS\u201d-768x512.jpg",640,427,true],"large":["http:\/\/tvalaire.com\/wp-content\/uploads\/2017\/03\/IMPARTIR\u00c1N-CURSO-SOBRE-\u201cCOBERTURAS-DE-RIESGO-DE-PRECIOS-EN-LOS-GRANOS\u201d-1024x683.jpg",640,427,true],"post-slider-thumb-size":["http:\/\/tvalaire.com\/wp-content\/uploads\/2017\/03\/IMPARTIR\u00c1N-CURSO-SOBRE-\u201cCOBERTURAS-DE-RIESGO-DE-PRECIOS-EN-LOS-GRANOS\u201d.jpg",285,190,false],"post-category-slider-size":["http:\/\/tvalaire.com\/wp-content\/uploads\/2017\/03\/IMPARTIR\u00c1N-CURSO-SOBRE-\u201cCOBERTURAS-DE-RIESGO-DE-PRECIOS-EN-LOS-GRANOS\u201d.jpg",330,220,false],"1536x1536":["http:\/\/tvalaire.com\/wp-content\/uploads\/2017\/03\/IMPARTIR\u00c1N-CURSO-SOBRE-\u201cCOBERTURAS-DE-RIESGO-DE-PRECIOS-EN-LOS-GRANOS\u201d.jpg",1024,683,false],"2048x2048":["http:\/\/tvalaire.com\/wp-content\/uploads\/2017\/03\/IMPARTIR\u00c1N-CURSO-SOBRE-\u201cCOBERTURAS-DE-RIESGO-DE-PRECIOS-EN-LOS-GRANOS\u201d.jpg",1024,683,false],"newsium-slider-full":["http:\/\/tvalaire.com\/wp-content\/uploads\/2017\/03\/IMPARTIR\u00c1N-CURSO-SOBRE-\u201cCOBERTURAS-DE-RIESGO-DE-PRECIOS-EN-LOS-GRANOS\u201d.jpg",1024,683,false],"newsium-featured":["http:\/\/tvalaire.com\/wp-content\/uploads\/2017\/03\/IMPARTIR\u00c1N-CURSO-SOBRE-\u201cCOBERTURAS-DE-RIESGO-DE-PRECIOS-EN-LOS-GRANOS\u201d.jpg",1024,683,false],"newsium-medium":["http:\/\/tvalaire.com\/wp-content\/uploads\/2017\/03\/IMPARTIR\u00c1N-CURSO-SOBRE-\u201cCOBERTURAS-DE-RIESGO-DE-PRECIOS-EN-LOS-GRANOS\u201d.jpg",712,475,false]},"author_info":{"info":["tvalairenoti"]},"category_info":"<a href=\"http:\/\/tvalaire.com\/?cat=1\" rel=\"category\">La Piedad<\/a>","tag_info":"La Piedad","comment_count":"0","jetpack_featured_media_url":"http:\/\/tvalaire.com\/wp-content\/uploads\/2017\/03\/IMPARTIR\u00c1N-CURSO-SOBRE-\u201cCOBERTURAS-DE-RIESGO-DE-PRECIOS-EN-LOS-GRANOS\u201d.jpg","_links":{"self":[{"href":"http:\/\/tvalaire.com\/index.php?rest_route=\/wp\/v2\/posts\/729"}],"collection":[{"href":"http:\/\/tvalaire.com\/index.php?rest_route=\/wp\/v2\/posts"}],"about":[{"href":"http:\/\/tvalaire.com\/index.php?rest_route=\/wp\/v2\/types\/post"}],"author":[{"embeddable":true,"href":"http:\/\/tvalaire.com\/index.php?rest_route=\/wp\/v2\/users\/1"}],"replies":[{"embeddable":true,"href":"http:\/\/tvalaire.com\/index.php?rest_route=%2Fwp%2Fv2%2Fcomments&post=729"}],"version-history":[{"count":1,"href":"http:\/\/tvalaire.com\/index.php?rest_route=\/wp\/v2\/posts\/729\/revisions"}],"predecessor-version":[{"id":730,"href":"http:\/\/tvalaire.com\/index.php?rest_route=\/wp\/v2\/posts\/729\/revisions\/730"}],"wp:featuredmedia":[{"embeddable":true,"href":"http:\/\/tvalaire.com\/index.php?rest_route=\/wp\/v2\/media\/726"}],"wp:attachment":[{"href":"http:\/\/tvalaire.com\/index.php?rest_route=%2Fwp%2Fv2%2Fmedia&parent=729"}],"wp:term":[{"taxonomy":"category","embeddable":true,"href":"http:\/\/tvalaire.com\/index.php?rest_route=%2Fwp%2Fv2%2Fcategories&post=729"},{"taxonomy":"post_tag","embeddable":true,"href":"http:\/\/tvalaire.com\/index.php?rest_route=%2Fwp%2Fv2%2Ftags&post=729"}],"curies":[{"name":"wp","href":"https:\/\/api.w.org\/{rel}","templated":true}]}}