{"id":722,"date":"2017-03-03T09:36:11","date_gmt":"2017-03-03T15:36:11","guid":{"rendered":"http:\/\/tvalaire.com\/?p=722"},"modified":"2017-03-03T09:36:11","modified_gmt":"2017-03-03T15:36:11","slug":"extienden-plazo-de-inscripcion-a-la-junta-de-sanidad-vegetal","status":"publish","type":"post","link":"http:\/\/tvalaire.com\/?p=722","title":{"rendered":"EXTIENDEN PLAZO DE INSCRIPCI\u00d3N A LA JUNTA DE SANIDAD VEGETAL"},"content":{"rendered":"<p class=\"xmsonormal\" style=\"text-align: center; background: white;\" align=\"center\"><span style=\"font-size: 13.0pt; font-family: 'Segoe UI','sans-serif'; color: #212121;\">\u00a0<\/span><\/p>\n<p class=\"xmsonormal\" style=\"text-align: justify; background: white; font-variant-ligatures: normal; font-variant-caps: normal; orphans: 2; widows: 2; -webkit-text-stroke-width: 0px; word-spacing: 0px;\"><span style=\"font-family: 'Arial','sans-serif'; color: #212121;\">Con el fin de dar oportunidad a todos los productores del campo para que\u00a0 inscriban la superficie a sembrar para los pr\u00f3ximos dos ciclos de producci\u00f3n agr\u00edcola, se anunci\u00f3 que la fecha para su adhesi\u00f3n a la Junta de Sanidad Vegetal se extiende hasta el 31 de marzo.<\/span><\/p>\n<p class=\"xmsonormal\" style=\"text-align: justify; background: white;\"><span style=\"font-family: 'Arial','sans-serif'; color: #212121;\">La informaci\u00f3n se dio a conocer durante la Segunda Reuni\u00f3n del Consejo Municipal de Desarrollo Rural Sustentable que se llev\u00f3 a cabo en el Centro Comunitario de la colonia Vasco de Quiroga.<\/span><\/p>\n<p class=\"xmsonormal\" style=\"text-align: justify; background: white;\"><span style=\"font-family: 'Arial','sans-serif'; color: #212121;\">Por lo que se reiter\u00f3 la invitaci\u00f3n a los jefes de tenencia y encargados del orden para que \u00e9stos a su vez repliquen la informaci\u00f3n a sus vecinos para motivarlos a inscribirse, para ello se les coment\u00f3 que las inscripciones se recibe de manera directa en las instalaciones de la direcci\u00f3n de Fomento Agropecuario, en donde los \u00fanicos requisitos establecidos son; copia de la CURP, as\u00ed como de su credencial del IFE o INE y copia del comprobante de domicilio.<\/span><\/p>\n<p class=\"xmsonormal\" style=\"text-align: justify; background: white;\"><span style=\"font-family: 'Arial','sans-serif'; color: #212121;\">Por hect\u00e1rea registrada el costo es de 30 pesos la inscripci\u00f3n, de los cuales el 50% lo aporta el Gobierno Municipal y el resto, el productor agr\u00edcola.<\/span><\/p>\n<p class=\"xmsonormal\" style=\"text-align: justify; background: white;\"><span style=\"font-family: 'Arial','sans-serif'; color: #212121;\">Dentro de los beneficios que obtiene el productor que forma parte de la Junta se encuentra, el obtener los subsidios y descuentos que otorga la Junta de Sanidad Vegetal para el control biol\u00f3gico, qu\u00edmico y mec\u00e1nico de plagas, as\u00ed como capacitaciones y para que tambi\u00e9n puedan acceder a los apoyos del municipio en donde el recurso asignado para el campo este a\u00f1o est\u00e1 siendo planeado para su distribuci\u00f3n por dicho Consejo.<\/span><\/p>\n<p class=\"xmsonormal\" style=\"text-align: justify; background: white;\"><span style=\"font-family: 'Arial','sans-serif'; color: #212121;\">Para ello, se anunci\u00f3 que este a\u00f1o se habr\u00e1n de repetir e incrementar los programas del 2016 en el que se incluyeron aspersores manuales, aspersores de motor, paquete de l\u00e1minas galvanizadas, alambre de p\u00faas y pollitas ponedoras, debido a los grandes beneficios que brindan al sector agropecuario con los cuales se estima aumentar a un 30% m\u00e1s de productores en este 2017.<\/span><\/p>\n<p class=\"xmsonormal\" style=\"text-align: justify; background: white;\"><span style=\"font-family: 'Arial','sans-serif'; color: #212121;\">Tambi\u00e9n se pretende este a\u00f1o ofertar con un costo del 50% de su valor algunos implementos agr\u00edcolas en el \u00e1nimo de hacer un campo sustentable y sostenible.<\/span><\/p>\n<p class=\"xmsonormal\" style=\"text-align: justify; background: white;\"><span style=\"font-family: 'Arial','sans-serif'; color: #212121;\">Durante la reuni\u00f3n se program\u00f3 para el 10 de marzo a partir de las 10:00 horas un curso referente al mercado f\u00edsico y mercado de futuros, esto con el fin de que los productores tengan pleno conocimiento de los valores reales de sus cosechas con respecto al mercado internacional.<\/span><\/p>\n<p class=\"xmsonormal\" style=\"text-align: justify; background: white;\"><span style=\"font-family: 'Arial','sans-serif'; color: #212121;\">Se aprovech\u00f3 a su vez para hacer el enlace de un productor y comercializador de huevo el cual se encuentra ya haciendo contacto con aquellos beneficiados del programa de pollitas ponedoras que se entregaron en noviembre del 2016 y que para estas fechas comienzan a estar en postura. Compromiso que se hiciera en el \u00e1nimo de poder crear una verdadera vocaci\u00f3n av\u00edcola en el municipio y que aquellos que adquieran paquetes puedan verlo como una crianza de traspatio eficiente y que les genere un ingreso adicional a la econom\u00eda familiar.<\/span><\/p>\n<p class=\"xmsonormal\" style=\"text-align: justify; background: white;\"><span style=\"font-family: 'Arial','sans-serif'; color: #212121;\">Se inform\u00f3 que la SEDRUA apertur\u00f3 ya la ventanilla, la cual permanecer\u00e1 abierta hasta el 24 de marzo y la SAGARPA extendi\u00f3 la invitaci\u00f3n para los productores a darse de alta en el registro \u00fanico de productores, que se est\u00e1 realizando en el CADER Numar\u00e1n el cual se encuentra ubicado en el Centro Comunitario de la colonia Vasco de Quiroga en esta localidad.<\/span><\/p>\n","protected":false},"excerpt":{"rendered":"<p>\u00a0 Con el fin de dar oportunidad a todos los productores del campo para que\u00a0&#8230;<\/p>\n","protected":false},"author":1,"featured_media":719,"comment_status":"open","ping_status":"open","sticky":false,"template":"","format":"standard","meta":{"jetpack_post_was_ever_published":false,"_jetpack_newsletter_access":"","_jetpack_dont_email_post_to_subs":false,"_jetpack_newsletter_tier_id":0,"_jetpack_memberships_contains_paywalled_content":false,"_jetpack_memberships_contains_paid_content":false,"footnotes":"","jetpack_publicize_message":"","jetpack_publicize_feature_enabled":true,"jetpack_social_post_already_shared":false,"jetpack_social_options":{"image_generator_settings":{"template":"highway","enabled":false},"version":2}},"categories":[1],"tags":[15,36],"class_list":["post-722","post","type-post","status-publish","format-standard","has-post-thumbnail","hentry","category-la-piedad","tag-la-piedad","tag-principales"],"jetpack_publicize_connections":[],"jetpack_sharing_enabled":true,"featured_image_urls":{"full":["http:\/\/tvalaire.com\/wp-content\/uploads\/2017\/03\/EXTIENDEN-PLAZO-DE-INSCRIPCI\u00d3N-A-LA-JUNTA-DE-SANIDAD-VEGETAL.jpg",1280,959,false],"thumbnail":["http:\/\/tvalaire.com\/wp-content\/uploads\/2017\/03\/EXTIENDEN-PLAZO-DE-INSCRIPCI\u00d3N-A-LA-JUNTA-DE-SANIDAD-VEGETAL-150x150.jpg",150,150,true],"medium":["http:\/\/tvalaire.com\/wp-content\/uploads\/2017\/03\/EXTIENDEN-PLAZO-DE-INSCRIPCI\u00d3N-A-LA-JUNTA-DE-SANIDAD-VEGETAL-300x225.jpg",300,225,true],"medium_large":["http:\/\/tvalaire.com\/wp-content\/uploads\/2017\/03\/EXTIENDEN-PLAZO-DE-INSCRIPCI\u00d3N-A-LA-JUNTA-DE-SANIDAD-VEGETAL-768x575.jpg",640,479,true],"large":["http:\/\/tvalaire.com\/wp-content\/uploads\/2017\/03\/EXTIENDEN-PLAZO-DE-INSCRIPCI\u00d3N-A-LA-JUNTA-DE-SANIDAD-VEGETAL-1024x767.jpg",640,479,true],"post-slider-thumb-size":["http:\/\/tvalaire.com\/wp-content\/uploads\/2017\/03\/EXTIENDEN-PLAZO-DE-INSCRIPCI\u00d3N-A-LA-JUNTA-DE-SANIDAD-VEGETAL.jpg",254,190,false],"post-category-slider-size":["http:\/\/tvalaire.com\/wp-content\/uploads\/2017\/03\/EXTIENDEN-PLAZO-DE-INSCRIPCI\u00d3N-A-LA-JUNTA-DE-SANIDAD-VEGETAL.jpg",330,247,false],"1536x1536":["http:\/\/tvalaire.com\/wp-content\/uploads\/2017\/03\/EXTIENDEN-PLAZO-DE-INSCRIPCI\u00d3N-A-LA-JUNTA-DE-SANIDAD-VEGETAL.jpg",1280,959,false],"2048x2048":["http:\/\/tvalaire.com\/wp-content\/uploads\/2017\/03\/EXTIENDEN-PLAZO-DE-INSCRIPCI\u00d3N-A-LA-JUNTA-DE-SANIDAD-VEGETAL.jpg",1280,959,false],"newsium-slider-full":["http:\/\/tvalaire.com\/wp-content\/uploads\/2017\/03\/EXTIENDEN-PLAZO-DE-INSCRIPCI\u00d3N-A-LA-JUNTA-DE-SANIDAD-VEGETAL.jpg",1128,845,false],"newsium-featured":["http:\/\/tvalaire.com\/wp-content\/uploads\/2017\/03\/EXTIENDEN-PLAZO-DE-INSCRIPCI\u00d3N-A-LA-JUNTA-DE-SANIDAD-VEGETAL.jpg",1024,767,false],"newsium-medium":["http:\/\/tvalaire.com\/wp-content\/uploads\/2017\/03\/EXTIENDEN-PLAZO-DE-INSCRIPCI\u00d3N-A-LA-JUNTA-DE-SANIDAD-VEGETAL.jpg",634,475,false]},"author_info":{"info":["tvalairenoti"]},"category_info":"<a href=\"http:\/\/tvalaire.com\/?cat=1\" rel=\"category\">La Piedad<\/a>","tag_info":"La Piedad","comment_count":"0","jetpack_featured_media_url":"http:\/\/tvalaire.com\/wp-content\/uploads\/2017\/03\/EXTIENDEN-PLAZO-DE-INSCRIPCI\u00d3N-A-LA-JUNTA-DE-SANIDAD-VEGETAL.jpg","_links":{"self":[{"href":"http:\/\/tvalaire.com\/index.php?rest_route=\/wp\/v2\/posts\/722"}],"collection":[{"href":"http:\/\/tvalaire.com\/index.php?rest_route=\/wp\/v2\/posts"}],"about":[{"href":"http:\/\/tvalaire.com\/index.php?rest_route=\/wp\/v2\/types\/post"}],"author":[{"embeddable":true,"href":"http:\/\/tvalaire.com\/index.php?rest_route=\/wp\/v2\/users\/1"}],"replies":[{"embeddable":true,"href":"http:\/\/tvalaire.com\/index.php?rest_route=%2Fwp%2Fv2%2Fcomments&post=722"}],"version-history":[{"count":1,"href":"http:\/\/tvalaire.com\/index.php?rest_route=\/wp\/v2\/posts\/722\/revisions"}],"predecessor-version":[{"id":723,"href":"http:\/\/tvalaire.com\/index.php?rest_route=\/wp\/v2\/posts\/722\/revisions\/723"}],"wp:featuredmedia":[{"embeddable":true,"href":"http:\/\/tvalaire.com\/index.php?rest_route=\/wp\/v2\/media\/719"}],"wp:attachment":[{"href":"http:\/\/tvalaire.com\/index.php?rest_route=%2Fwp%2Fv2%2Fmedia&parent=722"}],"wp:term":[{"taxonomy":"category","embeddable":true,"href":"http:\/\/tvalaire.com\/index.php?rest_route=%2Fwp%2Fv2%2Fcategories&post=722"},{"taxonomy":"post_tag","embeddable":true,"href":"http:\/\/tvalaire.com\/index.php?rest_route=%2Fwp%2Fv2%2Ftags&post=722"}],"curies":[{"name":"wp","href":"https:\/\/api.w.org\/{rel}","templated":true}]}}