{"id":7203,"date":"2020-06-11T11:03:00","date_gmt":"2020-06-11T16:03:00","guid":{"rendered":"http:\/\/tvalaire.com\/?p=7203"},"modified":"2020-06-15T11:05:13","modified_gmt":"2020-06-15T16:05:13","slug":"arranque-de-la-guardia-de-salud-con-la-finalidad-de-seguir-protegiendo-a-la-poblacion-del-covid-19","status":"publish","type":"post","link":"http:\/\/tvalaire.com\/?p=7203","title":{"rendered":"ARRANQUE DE LA &#8220;GUARDIA DE SALUD&#8221; CON LA FINALIDAD DE SEGUIR PROTEGIENDO A LA POBLACI\u00d3N DEL COVID-19"},"content":{"rendered":"\n<p><\/p>\n\n\n\n<p>En\nun evento bajo las medidas de prevenci\u00f3n, a trav\u00e9s de medios de comunicaci\u00f3n y\nredes sociales, el Dr. Jes\u00fas Infante Ayala, Presidente Municipal de Ecuandureo\npresent\u00f3 y di\u00f3 arranque a la \u201cGuardia de Salud\u201d, equipo dedicado informar y\norientar a la poblaci\u00f3nsobre las medidas de higiene y prevenci\u00f3n para\nprotecci\u00f3n del covid-19 en la nueva normalidad. <\/p>\n\n\n\n<p>El\ngrupo especializado estar\u00e1 enfocado en orientar y corregir algunas de las\nsituaciones que pueden poner en riesgo a la poblaci\u00f3n. La Guardia de Salud est\u00e1\nconformada por distintos elementos del Ayuntamiento Municipal, Protecci\u00f3n Civil\ny Bomberos, Seguridad P\u00fablica, Oficial\u00b4\u00eda mayor y Coordinaci\u00f3n de Salud del DIF\nMunicipal.<\/p>\n\n\n\n<p>Durante\nel evento estuvo presente el Dr. Pavel Garc\u00eda Morales, titular de Jurisdicci\u00f3n\nSanitaria No. 2, quien reconoci\u00f3 la estrategia como innovadora: \u201cVoy a presumir\nlas acciones que hace Ecuandureo con los 21 municipios de la jurisdicci\u00f3n,\nvamos a darle seguimiento a c\u00f3mo se va desenvolviendo este proyecto. Estoy\nseguro que generar\u00e1 resultados positivos\u201d, afirm\u00f3 en su intervenci\u00f3n. <\/p>\n\n\n\n<p>Por\nsu parte, el Dr. Jes\u00fas Infante Ayala, Presidente Municipal de Ecuandureo\nasegur\u00f3 que la \u201cGuardia de Salud\u201d estar\u00e1 funcionando para orientar, educar y\ncapacitar a los comerciantes y ciudadanos para prevenir contagios de covid-19. <\/p>\n\n\n\n<p>Con\nla aplicaci\u00f3n de este tipo de estrategias, el Gobierno Municipal de Ecuandureo\ncontin\u00faa trabajando por mantener la salud de la poblaci\u00f3n en el menor riesgo\nposible, laborando de manera eficaz y eficiente. <\/p>\n","protected":false},"excerpt":{"rendered":"<p>En un evento bajo las medidas de prevenci\u00f3n, a trav\u00e9s de medios de comunicaci\u00f3n y&#8230;<\/p>\n","protected":false},"author":1,"featured_media":7204,"comment_status":"open","ping_status":"open","sticky":false,"template":"","format":"standard","meta":{"jetpack_post_was_ever_published":false,"_jetpack_newsletter_access":"","_jetpack_dont_email_post_to_subs":false,"_jetpack_newsletter_tier_id":0,"_jetpack_memberships_contains_paywalled_content":false,"_jetpack_memberships_contains_paid_content":false,"footnotes":"","jetpack_publicize_message":"","jetpack_publicize_feature_enabled":true,"jetpack_social_post_already_shared":false,"jetpack_social_options":{"image_generator_settings":{"template":"highway","enabled":false},"version":2}},"categories":[45],"tags":[46],"class_list":["post-7203","post","type-post","status-publish","format-standard","has-post-thumbnail","hentry","category-ecuandureo","tag-ecuandureo"],"jetpack_publicize_connections":[],"jetpack_sharing_enabled":true,"featured_image_urls":{"full":["http:\/\/tvalaire.com\/wp-content\/uploads\/2020\/06\/gs1.jpg",960,720,false],"thumbnail":["http:\/\/tvalaire.com\/wp-content\/uploads\/2020\/06\/gs1-150x150.jpg",150,150,true],"medium":["http:\/\/tvalaire.com\/wp-content\/uploads\/2020\/06\/gs1-300x225.jpg",300,225,true],"medium_large":["http:\/\/tvalaire.com\/wp-content\/uploads\/2020\/06\/gs1-768x576.jpg",640,480,true],"large":["http:\/\/tvalaire.com\/wp-content\/uploads\/2020\/06\/gs1.jpg",640,480,false],"post-slider-thumb-size":["http:\/\/tvalaire.com\/wp-content\/uploads\/2020\/06\/gs1-330x190.jpg",330,190,true],"post-category-slider-size":["http:\/\/tvalaire.com\/wp-content\/uploads\/2020\/06\/gs1.jpg",330,248,false],"1536x1536":["http:\/\/tvalaire.com\/wp-content\/uploads\/2020\/06\/gs1.jpg",960,720,false],"2048x2048":["http:\/\/tvalaire.com\/wp-content\/uploads\/2020\/06\/gs1.jpg",960,720,false],"newsium-slider-full":["http:\/\/tvalaire.com\/wp-content\/uploads\/2020\/06\/gs1.jpg",960,720,false],"newsium-featured":["http:\/\/tvalaire.com\/wp-content\/uploads\/2020\/06\/gs1.jpg",960,720,false],"newsium-medium":["http:\/\/tvalaire.com\/wp-content\/uploads\/2020\/06\/gs1-720x475.jpg",720,475,true]},"author_info":{"info":["tvalairenoti"]},"category_info":"<a href=\"http:\/\/tvalaire.com\/?cat=45\" rel=\"category\">Ecuandureo<\/a>","tag_info":"Ecuandureo","comment_count":"0","jetpack_featured_media_url":"http:\/\/tvalaire.com\/wp-content\/uploads\/2020\/06\/gs1.jpg","_links":{"self":[{"href":"http:\/\/tvalaire.com\/index.php?rest_route=\/wp\/v2\/posts\/7203"}],"collection":[{"href":"http:\/\/tvalaire.com\/index.php?rest_route=\/wp\/v2\/posts"}],"about":[{"href":"http:\/\/tvalaire.com\/index.php?rest_route=\/wp\/v2\/types\/post"}],"author":[{"embeddable":true,"href":"http:\/\/tvalaire.com\/index.php?rest_route=\/wp\/v2\/users\/1"}],"replies":[{"embeddable":true,"href":"http:\/\/tvalaire.com\/index.php?rest_route=%2Fwp%2Fv2%2Fcomments&post=7203"}],"version-history":[{"count":1,"href":"http:\/\/tvalaire.com\/index.php?rest_route=\/wp\/v2\/posts\/7203\/revisions"}],"predecessor-version":[{"id":7205,"href":"http:\/\/tvalaire.com\/index.php?rest_route=\/wp\/v2\/posts\/7203\/revisions\/7205"}],"wp:featuredmedia":[{"embeddable":true,"href":"http:\/\/tvalaire.com\/index.php?rest_route=\/wp\/v2\/media\/7204"}],"wp:attachment":[{"href":"http:\/\/tvalaire.com\/index.php?rest_route=%2Fwp%2Fv2%2Fmedia&parent=7203"}],"wp:term":[{"taxonomy":"category","embeddable":true,"href":"http:\/\/tvalaire.com\/index.php?rest_route=%2Fwp%2Fv2%2Fcategories&post=7203"},{"taxonomy":"post_tag","embeddable":true,"href":"http:\/\/tvalaire.com\/index.php?rest_route=%2Fwp%2Fv2%2Ftags&post=7203"}],"curies":[{"name":"wp","href":"https:\/\/api.w.org\/{rel}","templated":true}]}}