{"id":7200,"date":"2020-06-11T11:02:00","date_gmt":"2020-06-11T16:02:00","guid":{"rendered":"http:\/\/tvalaire.com\/?p=7200"},"modified":"2020-06-15T11:03:19","modified_gmt":"2020-06-15T16:03:19","slug":"hacen-segunda-entrega-de-creditos-del-plan-emergente","status":"publish","type":"post","link":"http:\/\/tvalaire.com\/?p=7200","title":{"rendered":"HACEN SEGUNDA ENTREGA DE CR\u00c9DITOS DEL PLAN EMERGENTE"},"content":{"rendered":"\n<p><\/p>\n\n\n\n<ul class=\"wp-block-list\"><li><strong>El\nobjetivo es impulsar la econom\u00eda en la localidad<\/strong><\/li><li><strong>Dirigido\na comerciantes establecidos y ambulantes<\/strong><\/li><\/ul>\n\n\n\n<p>Con el compromiso de\nimpulsar la econom\u00eda, se realiz\u00f3 la segunda entrega de cr\u00e9ditos al comercio local,\nesto como parte del Plan Emergente por el COVID-19.<\/p>\n\n\n\n<p>El evento se realiz\u00f3 como\nparte de la gira de trabajo en La Piedad de los secretarios de Gobierno y\nDesarrollo Econ\u00f3mico, en compa\u00f1\u00eda de nuestro presidente municipal, Alex\nEspinoza.<\/p>\n\n\n\n<p>El evento se llev\u00f3 a cabo en\nel auditorio de la Universidad del Valle de Atemajac (UNIVA), en donde en total\notorgaron 11 cr\u00e9ditos de 50 mil al comercio establecido y 30 pr\u00e9stamos de 4 mil\npesos al comercio informal.<\/p>\n\n\n\n<p>Carlos Herrera Tello,\nsecretario de Gobierno afirm\u00f3 que la pandemia afect\u00f3 a las peque\u00f1as y medianas\nempresas, as\u00ed como a comercios de autoempleo que juntos generan el 90% de la\neconom\u00eda en el pa\u00eds y el 98% en el estado.<\/p>\n\n\n\n<p>Nuestro alcalde Alex\nEspinoza, record\u00f3 que en su af\u00e1n por apoyar a este sector decidi\u00f3 apostar con\nla creaci\u00f3n de un fondo inicial de 2 millones pesos, al que luego le sum\u00f3 un\nmill\u00f3npara apoyar a los micros y peque\u00f1os comerciantes.<\/p>\n\n\n\n<p>De igual forma, Gobierno Estatal\nasign\u00f3 otros 2 millones de pesos, para mejorar la econom\u00eda local y por lo cual\nagradeci\u00f3 el apoyo y respaldo a esta iniciativa que cuenta con 5 millones pesos.\n<\/p>\n\n\n\n<p>Jes\u00fas Melgoza Vel\u00e1zquez,\nsecretario de Desarrollo Econ\u00f3mico indic\u00f3 que, con estos cr\u00e9ditos, las micro y\npeque\u00f1os comerciantes, podr\u00e1n iniciar la reapertura en esta primera fase de la nueva\nconvivenciacon las medidas sanitarias establecidas por el Sector Salud.<\/p>\n","protected":false},"excerpt":{"rendered":"<p>El objetivo es impulsar la econom\u00eda en la localidad Dirigido a comerciantes establecidos y ambulantes&#8230;<\/p>\n","protected":false},"author":1,"featured_media":7201,"comment_status":"open","ping_status":"open","sticky":false,"template":"","format":"standard","meta":{"jetpack_post_was_ever_published":false,"_jetpack_newsletter_access":"","_jetpack_dont_email_post_to_subs":false,"_jetpack_newsletter_tier_id":0,"_jetpack_memberships_contains_paywalled_content":false,"_jetpack_memberships_contains_paid_content":false,"footnotes":"","jetpack_publicize_message":"","jetpack_publicize_feature_enabled":true,"jetpack_social_post_already_shared":false,"jetpack_social_options":{"image_generator_settings":{"template":"highway","enabled":false},"version":2}},"categories":[1],"tags":[15,36],"class_list":["post-7200","post","type-post","status-publish","format-standard","has-post-thumbnail","hentry","category-la-piedad","tag-la-piedad","tag-principales"],"jetpack_publicize_connections":[],"jetpack_sharing_enabled":true,"featured_image_urls":{"full":["http:\/\/tvalaire.com\/wp-content\/uploads\/2020\/06\/1-2-7.jpeg",1280,720,false],"thumbnail":["http:\/\/tvalaire.com\/wp-content\/uploads\/2020\/06\/1-2-7-150x150.jpeg",150,150,true],"medium":["http:\/\/tvalaire.com\/wp-content\/uploads\/2020\/06\/1-2-7-300x169.jpeg",300,169,true],"medium_large":["http:\/\/tvalaire.com\/wp-content\/uploads\/2020\/06\/1-2-7-768x432.jpeg",640,360,true],"large":["http:\/\/tvalaire.com\/wp-content\/uploads\/2020\/06\/1-2-7-1024x576.jpeg",640,360,true],"post-slider-thumb-size":["http:\/\/tvalaire.com\/wp-content\/uploads\/2020\/06\/1-2-7-330x190.jpeg",330,190,true],"post-category-slider-size":["http:\/\/tvalaire.com\/wp-content\/uploads\/2020\/06\/1-2-7.jpeg",330,186,false],"1536x1536":["http:\/\/tvalaire.com\/wp-content\/uploads\/2020\/06\/1-2-7.jpeg",1280,720,false],"2048x2048":["http:\/\/tvalaire.com\/wp-content\/uploads\/2020\/06\/1-2-7.jpeg",1280,720,false],"newsium-slider-full":["http:\/\/tvalaire.com\/wp-content\/uploads\/2020\/06\/1-2-7.jpeg",1280,720,false],"newsium-featured":["http:\/\/tvalaire.com\/wp-content\/uploads\/2020\/06\/1-2-7-1024x576.jpeg",1024,576,true],"newsium-medium":["http:\/\/tvalaire.com\/wp-content\/uploads\/2020\/06\/1-2-7-720x475.jpeg",720,475,true]},"author_info":{"info":["tvalairenoti"]},"category_info":"<a href=\"http:\/\/tvalaire.com\/?cat=1\" rel=\"category\">La Piedad<\/a>","tag_info":"La Piedad","comment_count":"0","jetpack_featured_media_url":"http:\/\/tvalaire.com\/wp-content\/uploads\/2020\/06\/1-2-7.jpeg","_links":{"self":[{"href":"http:\/\/tvalaire.com\/index.php?rest_route=\/wp\/v2\/posts\/7200"}],"collection":[{"href":"http:\/\/tvalaire.com\/index.php?rest_route=\/wp\/v2\/posts"}],"about":[{"href":"http:\/\/tvalaire.com\/index.php?rest_route=\/wp\/v2\/types\/post"}],"author":[{"embeddable":true,"href":"http:\/\/tvalaire.com\/index.php?rest_route=\/wp\/v2\/users\/1"}],"replies":[{"embeddable":true,"href":"http:\/\/tvalaire.com\/index.php?rest_route=%2Fwp%2Fv2%2Fcomments&post=7200"}],"version-history":[{"count":1,"href":"http:\/\/tvalaire.com\/index.php?rest_route=\/wp\/v2\/posts\/7200\/revisions"}],"predecessor-version":[{"id":7202,"href":"http:\/\/tvalaire.com\/index.php?rest_route=\/wp\/v2\/posts\/7200\/revisions\/7202"}],"wp:featuredmedia":[{"embeddable":true,"href":"http:\/\/tvalaire.com\/index.php?rest_route=\/wp\/v2\/media\/7201"}],"wp:attachment":[{"href":"http:\/\/tvalaire.com\/index.php?rest_route=%2Fwp%2Fv2%2Fmedia&parent=7200"}],"wp:term":[{"taxonomy":"category","embeddable":true,"href":"http:\/\/tvalaire.com\/index.php?rest_route=%2Fwp%2Fv2%2Fcategories&post=7200"},{"taxonomy":"post_tag","embeddable":true,"href":"http:\/\/tvalaire.com\/index.php?rest_route=%2Fwp%2Fv2%2Ftags&post=7200"}],"curies":[{"name":"wp","href":"https:\/\/api.w.org\/{rel}","templated":true}]}}