{"id":718,"date":"2017-03-03T09:35:17","date_gmt":"2017-03-03T15:35:17","guid":{"rendered":"http:\/\/tvalaire.com\/?p=718"},"modified":"2017-03-03T09:35:17","modified_gmt":"2017-03-03T15:35:17","slug":"realiza-dif-municipal-campana-de-aparatos-auditivos","status":"publish","type":"post","link":"http:\/\/tvalaire.com\/?p=718","title":{"rendered":"REALIZA DIF MUNICIPAL CAMPA\u00d1A DE APARATOS AUDITIVOS"},"content":{"rendered":"<p class=\"xm8879826458395401234gmail-standard\" style=\"text-align: center; background: white;\" align=\"center\"><span style=\"font-size: 13.0pt; font-family: 'Arial','sans-serif'; color: #212121;\">\u00a0<\/span><\/p>\n<p class=\"xm8879826458395401234gmail-standard\" style=\"text-align: justify; background: white;\"><span style=\"font-size: 13.0pt; font-family: 'Arial','sans-serif'; color: #212121;\">El Sistema Municipal para el Desarrollo Integral de la Familia (DIF), lleva a cabo su campa\u00f1a de aparatos auditivos, por lo que invit\u00f3 a todas las personas que cuenten con alg\u00fan familiar que presente problemas auditivos, a que acudan a las instalaciones del DIF Municipal con la finalidad de solicitar el servicio y que puedan realizar la prueba correspondiente para determinar si son o no candidatos a obtener el apoyo.<\/span><\/p>\n<p class=\"xm8879826458395401234gmail-standard\" style=\"text-align: justify; background: white;\"><span style=\"font-size: 13.0pt; font-family: 'Arial','sans-serif'; color: #212121;\">La campa\u00f1a se mantiene abierta y recibir\u00e1n todas las solicitudes hasta el 31 de marzo, ya que la entrega de los aparatos auditivos se realizar\u00e1 el 7 de abril en las instalaciones de la dependencia social.<\/span><\/p>\n<p class=\"xm8879826458395401234gmail-standard\" style=\"text-align: justify; background: white;\"><span style=\"font-size: 13.0pt; font-family: 'Arial','sans-serif'; color: #212121;\">La presidenta del DIF Municipal, Ma. Socorro Le\u00f3n destac\u00f3 que a trav\u00e9s de esta campa\u00f1a se ha podido apoyar a varias personas y la idea es abarcar a la mayor\u00eda de ciudadanos que requieren de la ayuda, para que puedan mejorar su nivel de vida.<\/span><\/p>\n<p class=\"xm8879826458395401234gmail-standard\" style=\"text-align: justify; background: white;\"><span style=\"font-size: 13.0pt; font-family: 'Arial','sans-serif'; color: #212121;\">Es por eso que hizo extensiva la invitaci\u00f3n a todas las personas interesadas para que promuevan y el mensaje llegue a quienes hoy cuentan con un problema de audici\u00f3n para que m\u00e1s personas sean beneficiados con este programa.<\/span><\/p>\n<p class=\"xm8879826458395401234gmail-standard\" style=\"text-align: justify; background: white;\"><span style=\"font-size: 13.0pt; font-family: 'Arial','sans-serif'; color: #212121;\">La recepci\u00f3n y atenci\u00f3n de solicitudes se lleva a cabo en las instalaciones del DIF en los horarios de servicio en los cuales se podr\u00e1 dar seguimiento a los tr\u00e1mites que realicen para la entrega de sus aparatos auditivos.<\/span><\/p>\n","protected":false},"excerpt":{"rendered":"<p>\u00a0 El Sistema Municipal para el Desarrollo Integral de la Familia (DIF), lleva a cabo&#8230;<\/p>\n","protected":false},"author":1,"featured_media":720,"comment_status":"open","ping_status":"open","sticky":false,"template":"","format":"standard","meta":{"jetpack_post_was_ever_published":false,"_jetpack_newsletter_access":"","_jetpack_dont_email_post_to_subs":false,"_jetpack_newsletter_tier_id":0,"_jetpack_memberships_contains_paywalled_content":false,"_jetpack_memberships_contains_paid_content":false,"footnotes":"","jetpack_publicize_message":"","jetpack_publicize_feature_enabled":true,"jetpack_social_post_already_shared":false,"jetpack_social_options":{"image_generator_settings":{"template":"highway","enabled":false},"version":2}},"categories":[1],"tags":[15,36],"class_list":["post-718","post","type-post","status-publish","format-standard","has-post-thumbnail","hentry","category-la-piedad","tag-la-piedad","tag-principales"],"jetpack_publicize_connections":[],"jetpack_sharing_enabled":true,"featured_image_urls":{"full":["http:\/\/tvalaire.com\/wp-content\/uploads\/2017\/03\/REALIZA-DIF-MUNICIPAL-CAMPA\u00d1A-DE-APARATOS-AUDITIVOS.jpg",1100,733,false],"thumbnail":["http:\/\/tvalaire.com\/wp-content\/uploads\/2017\/03\/REALIZA-DIF-MUNICIPAL-CAMPA\u00d1A-DE-APARATOS-AUDITIVOS-150x150.jpg",150,150,true],"medium":["http:\/\/tvalaire.com\/wp-content\/uploads\/2017\/03\/REALIZA-DIF-MUNICIPAL-CAMPA\u00d1A-DE-APARATOS-AUDITIVOS-300x200.jpg",300,200,true],"medium_large":["http:\/\/tvalaire.com\/wp-content\/uploads\/2017\/03\/REALIZA-DIF-MUNICIPAL-CAMPA\u00d1A-DE-APARATOS-AUDITIVOS-768x512.jpg",640,427,true],"large":["http:\/\/tvalaire.com\/wp-content\/uploads\/2017\/03\/REALIZA-DIF-MUNICIPAL-CAMPA\u00d1A-DE-APARATOS-AUDITIVOS-1024x682.jpg",640,426,true],"post-slider-thumb-size":["http:\/\/tvalaire.com\/wp-content\/uploads\/2017\/03\/REALIZA-DIF-MUNICIPAL-CAMPA\u00d1A-DE-APARATOS-AUDITIVOS.jpg",285,190,false],"post-category-slider-size":["http:\/\/tvalaire.com\/wp-content\/uploads\/2017\/03\/REALIZA-DIF-MUNICIPAL-CAMPA\u00d1A-DE-APARATOS-AUDITIVOS.jpg",330,220,false],"1536x1536":["http:\/\/tvalaire.com\/wp-content\/uploads\/2017\/03\/REALIZA-DIF-MUNICIPAL-CAMPA\u00d1A-DE-APARATOS-AUDITIVOS.jpg",1100,733,false],"2048x2048":["http:\/\/tvalaire.com\/wp-content\/uploads\/2017\/03\/REALIZA-DIF-MUNICIPAL-CAMPA\u00d1A-DE-APARATOS-AUDITIVOS.jpg",1100,733,false],"newsium-slider-full":["http:\/\/tvalaire.com\/wp-content\/uploads\/2017\/03\/REALIZA-DIF-MUNICIPAL-CAMPA\u00d1A-DE-APARATOS-AUDITIVOS.jpg",1100,733,false],"newsium-featured":["http:\/\/tvalaire.com\/wp-content\/uploads\/2017\/03\/REALIZA-DIF-MUNICIPAL-CAMPA\u00d1A-DE-APARATOS-AUDITIVOS.jpg",1024,682,false],"newsium-medium":["http:\/\/tvalaire.com\/wp-content\/uploads\/2017\/03\/REALIZA-DIF-MUNICIPAL-CAMPA\u00d1A-DE-APARATOS-AUDITIVOS.jpg",713,475,false]},"author_info":{"info":["tvalairenoti"]},"category_info":"<a href=\"http:\/\/tvalaire.com\/?cat=1\" rel=\"category\">La Piedad<\/a>","tag_info":"La Piedad","comment_count":"0","jetpack_featured_media_url":"http:\/\/tvalaire.com\/wp-content\/uploads\/2017\/03\/REALIZA-DIF-MUNICIPAL-CAMPA\u00d1A-DE-APARATOS-AUDITIVOS.jpg","_links":{"self":[{"href":"http:\/\/tvalaire.com\/index.php?rest_route=\/wp\/v2\/posts\/718"}],"collection":[{"href":"http:\/\/tvalaire.com\/index.php?rest_route=\/wp\/v2\/posts"}],"about":[{"href":"http:\/\/tvalaire.com\/index.php?rest_route=\/wp\/v2\/types\/post"}],"author":[{"embeddable":true,"href":"http:\/\/tvalaire.com\/index.php?rest_route=\/wp\/v2\/users\/1"}],"replies":[{"embeddable":true,"href":"http:\/\/tvalaire.com\/index.php?rest_route=%2Fwp%2Fv2%2Fcomments&post=718"}],"version-history":[{"count":1,"href":"http:\/\/tvalaire.com\/index.php?rest_route=\/wp\/v2\/posts\/718\/revisions"}],"predecessor-version":[{"id":721,"href":"http:\/\/tvalaire.com\/index.php?rest_route=\/wp\/v2\/posts\/718\/revisions\/721"}],"wp:featuredmedia":[{"embeddable":true,"href":"http:\/\/tvalaire.com\/index.php?rest_route=\/wp\/v2\/media\/720"}],"wp:attachment":[{"href":"http:\/\/tvalaire.com\/index.php?rest_route=%2Fwp%2Fv2%2Fmedia&parent=718"}],"wp:term":[{"taxonomy":"category","embeddable":true,"href":"http:\/\/tvalaire.com\/index.php?rest_route=%2Fwp%2Fv2%2Fcategories&post=718"},{"taxonomy":"post_tag","embeddable":true,"href":"http:\/\/tvalaire.com\/index.php?rest_route=%2Fwp%2Fv2%2Ftags&post=718"}],"curies":[{"name":"wp","href":"https:\/\/api.w.org\/{rel}","templated":true}]}}