{"id":707,"date":"2017-03-02T10:31:39","date_gmt":"2017-03-02T16:31:39","guid":{"rendered":"http:\/\/tvalaire.com\/?p=707"},"modified":"2017-03-02T10:31:39","modified_gmt":"2017-03-02T16:31:39","slug":"victor-vazquez-reconoce-al-honorable-cuerpo-de-bomberos-en-su-37-aniversario","status":"publish","type":"post","link":"http:\/\/tvalaire.com\/?p=707","title":{"rendered":"V\u00cdCTOR V\u00c1ZQUEZ RECONOCE AL HONORABLE CUERPO DE BOMBEROS EN SU 37 ANIVERSARIO"},"content":{"rendered":"<p>Presidente Municipal V\u00edctor V\u00e1zquez reconoce el profesionalismo del Honorable Cuerpo de Bomberos de Puru\u00e1ndiro que han desempe\u00f1ado durante 37 a\u00f1os desde su fundaci\u00f3n.<\/p>\n<p>\u201cReconozco la gran labor que hicieron los fundadores de este H. Cuerpo de Bomberos, el pasado 24 de febrero estuvimos con algunos de sus compa\u00f1eros y no quisimos pasar desapercibido este aniversario, fecha muy importante y significativa\u00a0para todos los Puruandirenses al ser hace 37 a\u00f1os que se fund\u00f3 est\u00e1 Instituci\u00f3n Heroica del Municipio de Puru\u00e1ndiro, es por ello que venimos a reconocer a cada uno de los que tuvieron la fortuna de pertenecer al mismo\u201d extern\u00f3 a los presentes V\u00edctor V\u00e1zquez.<\/p>\n<p>En el mismo marco se\u00f1al\u00f3 \u201ces importante resaltar las cosas buenas que tiene nuestro municipio, este es el mayor ejemplo, esto ha sido una caracter\u00edstica de los Puruandireses el servicio social, el entregarse de coraz\u00f3n y no por cuestiones econ\u00f3micas. Ese sentir se refleja en cada uno de los integrantes de esta heroica corporaci\u00f3n, gracias a ustedes muchas personas han salvado su patrimonio, as\u00ed como su vida, mi reconocimiento para ustedes, sigan como lo han hecho hasta hoy con grandes resultados y que sigan siendo un orgullo para todos los Puruandirenses\u201d.<\/p>\n<p>Por su parte el Dr. Hugo Arregu\u00edn Arredondo representante del patronato resalt\u00f3 que &#8220;las cosas que se hacen de coraz\u00f3n tienen un buen camino, gracias al Honorable Ayuntamiento porque nos ha hecho sentir acogidos y arropados porque anteriormente que yo me acuerdo nadie hab\u00eda volteado a vernos de esta forma, muchas veces con una palmada en la espalda nos conforta m\u00e1s, que bueno que est\u00e1n tambi\u00e9n aqu\u00ed los regidores para que sepan nuestras carencias y como trabajamos&#8221;.<\/p>\n<p><img loading=\"lazy\" decoding=\"async\" class=\"alignnone size-medium wp-image-711\" src=\"http:\/\/tvalaire.com\/wp-content\/uploads\/2017\/03\/PRESIDENTE-RECONOCE-A-LOS-BOMBEROS-4-300x199.jpg\" alt=\"\" width=\"300\" height=\"199\" srcset=\"http:\/\/tvalaire.com\/wp-content\/uploads\/2017\/03\/PRESIDENTE-RECONOCE-A-LOS-BOMBEROS-4-300x199.jpg 300w, http:\/\/tvalaire.com\/wp-content\/uploads\/2017\/03\/PRESIDENTE-RECONOCE-A-LOS-BOMBEROS-4-768x511.jpg 768w, http:\/\/tvalaire.com\/wp-content\/uploads\/2017\/03\/PRESIDENTE-RECONOCE-A-LOS-BOMBEROS-4-1024x681.jpg 1024w\" sizes=\"(max-width: 300px) 100vw, 300px\" \/><\/p>\n<p><img loading=\"lazy\" decoding=\"async\" class=\"alignnone size-medium wp-image-710\" src=\"http:\/\/tvalaire.com\/wp-content\/uploads\/2017\/03\/PRESIDENTE-RECONOCE-A-LOS-BOMBEROS-3-300x199.jpg\" alt=\"\" width=\"300\" height=\"199\" srcset=\"http:\/\/tvalaire.com\/wp-content\/uploads\/2017\/03\/PRESIDENTE-RECONOCE-A-LOS-BOMBEROS-3-300x199.jpg 300w, http:\/\/tvalaire.com\/wp-content\/uploads\/2017\/03\/PRESIDENTE-RECONOCE-A-LOS-BOMBEROS-3-768x511.jpg 768w, http:\/\/tvalaire.com\/wp-content\/uploads\/2017\/03\/PRESIDENTE-RECONOCE-A-LOS-BOMBEROS-3-1024x681.jpg 1024w\" sizes=\"(max-width: 300px) 100vw, 300px\" \/><\/p>\n<p><img loading=\"lazy\" decoding=\"async\" class=\"alignnone size-medium wp-image-709\" src=\"http:\/\/tvalaire.com\/wp-content\/uploads\/2017\/03\/PRESIDENTE-RECONOCE-A-LOS-BOMBEROS-2-300x199.jpg\" alt=\"\" width=\"300\" height=\"199\" srcset=\"http:\/\/tvalaire.com\/wp-content\/uploads\/2017\/03\/PRESIDENTE-RECONOCE-A-LOS-BOMBEROS-2-300x199.jpg 300w, http:\/\/tvalaire.com\/wp-content\/uploads\/2017\/03\/PRESIDENTE-RECONOCE-A-LOS-BOMBEROS-2-768x511.jpg 768w, http:\/\/tvalaire.com\/wp-content\/uploads\/2017\/03\/PRESIDENTE-RECONOCE-A-LOS-BOMBEROS-2-1024x681.jpg 1024w\" sizes=\"(max-width: 300px) 100vw, 300px\" \/><\/p>\n<p><img loading=\"lazy\" decoding=\"async\" class=\"alignnone size-medium wp-image-708\" src=\"http:\/\/tvalaire.com\/wp-content\/uploads\/2017\/03\/PRESIDENTE-RECONOCE-A-LOS-BOMBEROS-1-300x199.jpg\" alt=\"\" width=\"300\" height=\"199\" srcset=\"http:\/\/tvalaire.com\/wp-content\/uploads\/2017\/03\/PRESIDENTE-RECONOCE-A-LOS-BOMBEROS-1-300x199.jpg 300w, http:\/\/tvalaire.com\/wp-content\/uploads\/2017\/03\/PRESIDENTE-RECONOCE-A-LOS-BOMBEROS-1-768x511.jpg 768w, http:\/\/tvalaire.com\/wp-content\/uploads\/2017\/03\/PRESIDENTE-RECONOCE-A-LOS-BOMBEROS-1-1024x681.jpg 1024w\" sizes=\"(max-width: 300px) 100vw, 300px\" \/><\/p>\n","protected":false},"excerpt":{"rendered":"<p>Presidente Municipal V\u00edctor V\u00e1zquez reconoce el profesionalismo del Honorable Cuerpo de Bomberos de Puru\u00e1ndiro que&#8230;<\/p>\n","protected":false},"author":1,"featured_media":712,"comment_status":"open","ping_status":"open","sticky":false,"template":"","format":"standard","meta":{"jetpack_post_was_ever_published":false,"_jetpack_newsletter_access":"","_jetpack_dont_email_post_to_subs":false,"_jetpack_newsletter_tier_id":0,"_jetpack_memberships_contains_paywalled_content":false,"_jetpack_memberships_contains_paid_content":false,"footnotes":"","jetpack_publicize_message":"","jetpack_publicize_feature_enabled":true,"jetpack_social_post_already_shared":false,"jetpack_social_options":{"image_generator_settings":{"template":"highway","enabled":false},"version":2}},"categories":[4],"tags":[36,24],"class_list":["post-707","post","type-post","status-publish","format-standard","has-post-thumbnail","hentry","category-puruandiro","tag-principales","tag-puruandiro"],"jetpack_publicize_connections":[],"jetpack_sharing_enabled":true,"featured_image_urls":{"full":["http:\/\/tvalaire.com\/wp-content\/uploads\/2017\/03\/PRESIDENTE-RECONOCE-A-LOS-BOMBEROS-5.jpg",3008,2000,false],"thumbnail":["http:\/\/tvalaire.com\/wp-content\/uploads\/2017\/03\/PRESIDENTE-RECONOCE-A-LOS-BOMBEROS-5-150x150.jpg",150,150,true],"medium":["http:\/\/tvalaire.com\/wp-content\/uploads\/2017\/03\/PRESIDENTE-RECONOCE-A-LOS-BOMBEROS-5-300x199.jpg",300,199,true],"medium_large":["http:\/\/tvalaire.com\/wp-content\/uploads\/2017\/03\/PRESIDENTE-RECONOCE-A-LOS-BOMBEROS-5-768x511.jpg",640,426,true],"large":["http:\/\/tvalaire.com\/wp-content\/uploads\/2017\/03\/PRESIDENTE-RECONOCE-A-LOS-BOMBEROS-5-1024x681.jpg",640,426,true],"post-slider-thumb-size":["http:\/\/tvalaire.com\/wp-content\/uploads\/2017\/03\/PRESIDENTE-RECONOCE-A-LOS-BOMBEROS-5.jpg",286,190,false],"post-category-slider-size":["http:\/\/tvalaire.com\/wp-content\/uploads\/2017\/03\/PRESIDENTE-RECONOCE-A-LOS-BOMBEROS-5.jpg",330,219,false],"1536x1536":["http:\/\/tvalaire.com\/wp-content\/uploads\/2017\/03\/PRESIDENTE-RECONOCE-A-LOS-BOMBEROS-5.jpg",1536,1021,false],"2048x2048":["http:\/\/tvalaire.com\/wp-content\/uploads\/2017\/03\/PRESIDENTE-RECONOCE-A-LOS-BOMBEROS-5.jpg",2048,1362,false],"newsium-slider-full":["http:\/\/tvalaire.com\/wp-content\/uploads\/2017\/03\/PRESIDENTE-RECONOCE-A-LOS-BOMBEROS-5.jpg",1271,845,false],"newsium-featured":["http:\/\/tvalaire.com\/wp-content\/uploads\/2017\/03\/PRESIDENTE-RECONOCE-A-LOS-BOMBEROS-5.jpg",1024,681,false],"newsium-medium":["http:\/\/tvalaire.com\/wp-content\/uploads\/2017\/03\/PRESIDENTE-RECONOCE-A-LOS-BOMBEROS-5.jpg",714,475,false]},"author_info":{"info":["tvalairenoti"]},"category_info":"<a href=\"http:\/\/tvalaire.com\/?cat=4\" rel=\"category\">Puru\u00e1ndiro<\/a>","tag_info":"Puru\u00e1ndiro","comment_count":"0","jetpack_featured_media_url":"http:\/\/tvalaire.com\/wp-content\/uploads\/2017\/03\/PRESIDENTE-RECONOCE-A-LOS-BOMBEROS-5.jpg","_links":{"self":[{"href":"http:\/\/tvalaire.com\/index.php?rest_route=\/wp\/v2\/posts\/707"}],"collection":[{"href":"http:\/\/tvalaire.com\/index.php?rest_route=\/wp\/v2\/posts"}],"about":[{"href":"http:\/\/tvalaire.com\/index.php?rest_route=\/wp\/v2\/types\/post"}],"author":[{"embeddable":true,"href":"http:\/\/tvalaire.com\/index.php?rest_route=\/wp\/v2\/users\/1"}],"replies":[{"embeddable":true,"href":"http:\/\/tvalaire.com\/index.php?rest_route=%2Fwp%2Fv2%2Fcomments&post=707"}],"version-history":[{"count":1,"href":"http:\/\/tvalaire.com\/index.php?rest_route=\/wp\/v2\/posts\/707\/revisions"}],"predecessor-version":[{"id":713,"href":"http:\/\/tvalaire.com\/index.php?rest_route=\/wp\/v2\/posts\/707\/revisions\/713"}],"wp:featuredmedia":[{"embeddable":true,"href":"http:\/\/tvalaire.com\/index.php?rest_route=\/wp\/v2\/media\/712"}],"wp:attachment":[{"href":"http:\/\/tvalaire.com\/index.php?rest_route=%2Fwp%2Fv2%2Fmedia&parent=707"}],"wp:term":[{"taxonomy":"category","embeddable":true,"href":"http:\/\/tvalaire.com\/index.php?rest_route=%2Fwp%2Fv2%2Fcategories&post=707"},{"taxonomy":"post_tag","embeddable":true,"href":"http:\/\/tvalaire.com\/index.php?rest_route=%2Fwp%2Fv2%2Ftags&post=707"}],"curies":[{"name":"wp","href":"https:\/\/api.w.org\/{rel}","templated":true}]}}