{"id":6969,"date":"2020-05-28T10:14:00","date_gmt":"2020-05-28T15:14:00","guid":{"rendered":"http:\/\/tvalaire.com\/?p=6969"},"modified":"2020-06-01T10:14:44","modified_gmt":"2020-06-01T15:14:44","slug":"habra-segunda-etapa-del-programa-pinta-tu-fachada","status":"publish","type":"post","link":"http:\/\/tvalaire.com\/?p=6969","title":{"rendered":"HABR\u00c1 SEGUNDA ETAPA DEL PROGRAMA \u201cPINTA TU FACHADA\u201d"},"content":{"rendered":"\n<p><\/p>\n\n\n\n<ul class=\"wp-block-list\"><li><strong>Este\na\u00f1o incrementar\u00e1 en un 43% fachadas a mejorar<\/strong><\/li><li><strong>Se\ndestinar\u00e1n 1.5 millones de pesos para programa social<\/strong><\/li><\/ul>\n\n\n\n<p>El Gobierno Municipal a\ntrav\u00e9s de la direcci\u00f3n de Desarrollo Social, arrancar\u00e1n con la segunda etapa\ndel programa\u201cPinta tu fachada\u201d que tiene colaboraci\u00f3n de la fundaci\u00f3n \u201cCoraz\u00f3n\nUrbano\u201d de CEMEX, que este a\u00f1o beneficiar\u00e1 a 531 fachadas de las colonias\nInfonavit \u201cDr. Miguel Silva\u201d e Infonavit Ciudad del Sol a la altura de Ciudad\nde los Ni\u00f1os.<\/p>\n\n\n\n<p>C\u00e9sar Oceguera Estrada,\ndirector de la dependencia municipal inform\u00f3 que la inversi\u00f3n que se aplicar\u00e1\neste a\u00f1o a este programa es de un 1.5 millones de pesos, con el cual se ampli\u00f3\nen un 43% el n\u00famero de casas beneficiadas.<\/p>\n\n\n\n<p>El arranque oficial de esta\nsegunda etapa del programa se tiene previsto para la pr\u00f3xima semana e iniciar\u00e1\nen la calle Heriberto Jara en la colonia Infonavit \u201cDr. Miguel Silva\u201d.<\/p>\n\n\n\n<p>La meta que se tiene\nprevista pintar es de 31 mil 900 metros cuadrados, que alcanzar\u00e1 para 531\nfachadas divididas entre esas dos colonias, que fueron consideradas por su alta\ndensidad poblacional, marginaci\u00f3n y, sobre todo, para dignificar estas zonas\nhabitadas.<\/p>\n\n\n\n<p>Cabe destacar que el a\u00f1o\npasado el programa se aplic\u00f3 por primera vez con una inversi\u00f3n de un mill\u00f3n de\npesos beneficiando a 370 fachadas que se pintaron entre las calles\nrehabilitadas en la zona centro: Matamoros, Santos Degollado, Galeana, Carrillo\nPuerto, Mariano Jim\u00e9nez y Guerrero, as\u00ed como en la colonia Santa Fe.<\/p>\n\n\n\n<p>Ahora, buscan embellecer\nestos puntos de la ciudad, mejorar la calidad de vida de los habitantes y con\nello la imagen urbana, que ha sido una de las propuestas de nuestro alcalde\nAlex Espinoza.<\/p>\n","protected":false},"excerpt":{"rendered":"<p>Este a\u00f1o incrementar\u00e1 en un 43% fachadas a mejorar Se destinar\u00e1n 1.5 millones de pesos&#8230;<\/p>\n","protected":false},"author":1,"featured_media":6970,"comment_status":"open","ping_status":"open","sticky":false,"template":"","format":"standard","meta":{"jetpack_post_was_ever_published":false,"_jetpack_newsletter_access":"","_jetpack_dont_email_post_to_subs":false,"_jetpack_newsletter_tier_id":0,"_jetpack_memberships_contains_paywalled_content":false,"_jetpack_memberships_contains_paid_content":false,"footnotes":"","jetpack_publicize_message":"","jetpack_publicize_feature_enabled":true,"jetpack_social_post_already_shared":false,"jetpack_social_options":{"image_generator_settings":{"template":"highway","enabled":false},"version":2}},"categories":[1],"tags":[],"class_list":["post-6969","post","type-post","status-publish","format-standard","has-post-thumbnail","hentry","category-la-piedad"],"jetpack_publicize_connections":[],"jetpack_sharing_enabled":true,"featured_image_urls":{"full":["http:\/\/tvalaire.com\/wp-content\/uploads\/2020\/06\/1-4.jpeg",1280,720,false],"thumbnail":["http:\/\/tvalaire.com\/wp-content\/uploads\/2020\/06\/1-4-150x150.jpeg",150,150,true],"medium":["http:\/\/tvalaire.com\/wp-content\/uploads\/2020\/06\/1-4-300x169.jpeg",300,169,true],"medium_large":["http:\/\/tvalaire.com\/wp-content\/uploads\/2020\/06\/1-4-768x432.jpeg",640,360,true],"large":["http:\/\/tvalaire.com\/wp-content\/uploads\/2020\/06\/1-4-1024x576.jpeg",640,360,true],"post-slider-thumb-size":["http:\/\/tvalaire.com\/wp-content\/uploads\/2020\/06\/1-4-330x190.jpeg",330,190,true],"post-category-slider-size":["http:\/\/tvalaire.com\/wp-content\/uploads\/2020\/06\/1-4.jpeg",330,186,false],"1536x1536":["http:\/\/tvalaire.com\/wp-content\/uploads\/2020\/06\/1-4.jpeg",1280,720,false],"2048x2048":["http:\/\/tvalaire.com\/wp-content\/uploads\/2020\/06\/1-4.jpeg",1280,720,false],"newsium-slider-full":["http:\/\/tvalaire.com\/wp-content\/uploads\/2020\/06\/1-4.jpeg",1280,720,false],"newsium-featured":["http:\/\/tvalaire.com\/wp-content\/uploads\/2020\/06\/1-4-1024x576.jpeg",1024,576,true],"newsium-medium":["http:\/\/tvalaire.com\/wp-content\/uploads\/2020\/06\/1-4-720x475.jpeg",720,475,true]},"author_info":{"info":["tvalairenoti"]},"category_info":"<a href=\"http:\/\/tvalaire.com\/?cat=1\" rel=\"category\">La Piedad<\/a>","tag_info":"La Piedad","comment_count":"0","jetpack_featured_media_url":"http:\/\/tvalaire.com\/wp-content\/uploads\/2020\/06\/1-4.jpeg","_links":{"self":[{"href":"http:\/\/tvalaire.com\/index.php?rest_route=\/wp\/v2\/posts\/6969"}],"collection":[{"href":"http:\/\/tvalaire.com\/index.php?rest_route=\/wp\/v2\/posts"}],"about":[{"href":"http:\/\/tvalaire.com\/index.php?rest_route=\/wp\/v2\/types\/post"}],"author":[{"embeddable":true,"href":"http:\/\/tvalaire.com\/index.php?rest_route=\/wp\/v2\/users\/1"}],"replies":[{"embeddable":true,"href":"http:\/\/tvalaire.com\/index.php?rest_route=%2Fwp%2Fv2%2Fcomments&post=6969"}],"version-history":[{"count":1,"href":"http:\/\/tvalaire.com\/index.php?rest_route=\/wp\/v2\/posts\/6969\/revisions"}],"predecessor-version":[{"id":6971,"href":"http:\/\/tvalaire.com\/index.php?rest_route=\/wp\/v2\/posts\/6969\/revisions\/6971"}],"wp:featuredmedia":[{"embeddable":true,"href":"http:\/\/tvalaire.com\/index.php?rest_route=\/wp\/v2\/media\/6970"}],"wp:attachment":[{"href":"http:\/\/tvalaire.com\/index.php?rest_route=%2Fwp%2Fv2%2Fmedia&parent=6969"}],"wp:term":[{"taxonomy":"category","embeddable":true,"href":"http:\/\/tvalaire.com\/index.php?rest_route=%2Fwp%2Fv2%2Fcategories&post=6969"},{"taxonomy":"post_tag","embeddable":true,"href":"http:\/\/tvalaire.com\/index.php?rest_route=%2Fwp%2Fv2%2Ftags&post=6969"}],"curies":[{"name":"wp","href":"https:\/\/api.w.org\/{rel}","templated":true}]}}