{"id":6951,"date":"2020-05-27T09:53:00","date_gmt":"2020-05-27T14:53:00","guid":{"rendered":"http:\/\/tvalaire.com\/?p=6951"},"modified":"2020-06-01T09:54:13","modified_gmt":"2020-06-01T14:54:13","slug":"inician-trabajos-de-pavimentacion-en-la-calle-de-la-colonia-potrerillos","status":"publish","type":"post","link":"http:\/\/tvalaire.com\/?p=6951","title":{"rendered":"INICIAN TRABAJOS DE PAVIMENTACI\u00d3N EN LA CALLE DE LA COLONIA POTRERILLOS"},"content":{"rendered":"\n<p><\/p>\n\n\n\n<ul class=\"wp-block-list\"><li><strong>Acciones\nen respuesta a la solicitud de los vecinos <\/strong><\/li><li><strong>El\ntramo en reparaci\u00f3n ser\u00e1 entre las calles Sagitario y Virgo<\/strong><\/li><\/ul>\n\n\n\n<p>Con una inversi\u00f3n de 2\nmillones de pesos, el Gobierno Municipal a trav\u00e9s de la Direcci\u00f3n de Obras\nP\u00fablicas, inici\u00f3 esta semana con los trabajos de pavimentaci\u00f3n de la calle\nIdeas Liberales de la colonia Potrerillos.<\/p>\n\n\n\n<p>Los trabajos consisten en el\nlevantamiento de la carpeta y rehabilitaci\u00f3n del sistema de drenaje y agua\npotable, as\u00ed como la colocaci\u00f3n de carpeta en concreto hidr\u00e1ulico en m\u00e1s de 1\nmil 300 metros cuadrados. De igual forma se har\u00e1 la conexi\u00f3n de la red de agua\npotable y descargas.<\/p>\n\n\n\n<p>Dicha obra se realiza con\nrecursos gestionados por nuestro alcalde Alex Espinoza, a trav\u00e9s del programa\nfederal Fondo III, misma que servir\u00e1 para agilizar el traslado y la movilidad\nde los habitantes.<\/p>\n\n\n\n<p>El director de Obra P\u00fablica,\nAurelio Melchor Pimentel, explic\u00f3 que esta obra es de principal importancia,\npues se trata de dignificar este tramo que hab\u00eda sido solicitado por los mismos\nhabitantes.<\/p>\n\n\n\n<p>El tramo que ser\u00e1 reparado\nen la calle Ideas Liberales es entre Sagitario y Virgo, en donde el compromiso\nde la empresa constructora es de entregar una obra en tiempo y con la calidad\nque se requiere para que pueda ser duradera.<\/p>\n","protected":false},"excerpt":{"rendered":"<p>Acciones en respuesta a la solicitud de los vecinos El tramo en reparaci\u00f3n ser\u00e1 entre&#8230;<\/p>\n","protected":false},"author":1,"featured_media":6952,"comment_status":"open","ping_status":"open","sticky":false,"template":"","format":"standard","meta":{"jetpack_post_was_ever_published":false,"_jetpack_newsletter_access":"","_jetpack_dont_email_post_to_subs":false,"_jetpack_newsletter_tier_id":0,"_jetpack_memberships_contains_paywalled_content":false,"_jetpack_memberships_contains_paid_content":false,"footnotes":"","jetpack_publicize_message":"","jetpack_publicize_feature_enabled":true,"jetpack_social_post_already_shared":false,"jetpack_social_options":{"image_generator_settings":{"template":"highway","enabled":false},"version":2}},"categories":[1],"tags":[],"class_list":["post-6951","post","type-post","status-publish","format-standard","has-post-thumbnail","hentry","category-la-piedad"],"jetpack_publicize_connections":[],"jetpack_sharing_enabled":true,"featured_image_urls":{"full":["http:\/\/tvalaire.com\/wp-content\/uploads\/2020\/06\/1-2-5.jpeg",1280,720,false],"thumbnail":["http:\/\/tvalaire.com\/wp-content\/uploads\/2020\/06\/1-2-5-150x150.jpeg",150,150,true],"medium":["http:\/\/tvalaire.com\/wp-content\/uploads\/2020\/06\/1-2-5-300x169.jpeg",300,169,true],"medium_large":["http:\/\/tvalaire.com\/wp-content\/uploads\/2020\/06\/1-2-5-768x432.jpeg",640,360,true],"large":["http:\/\/tvalaire.com\/wp-content\/uploads\/2020\/06\/1-2-5-1024x576.jpeg",640,360,true],"post-slider-thumb-size":["http:\/\/tvalaire.com\/wp-content\/uploads\/2020\/06\/1-2-5-330x190.jpeg",330,190,true],"post-category-slider-size":["http:\/\/tvalaire.com\/wp-content\/uploads\/2020\/06\/1-2-5.jpeg",330,186,false],"1536x1536":["http:\/\/tvalaire.com\/wp-content\/uploads\/2020\/06\/1-2-5.jpeg",1280,720,false],"2048x2048":["http:\/\/tvalaire.com\/wp-content\/uploads\/2020\/06\/1-2-5.jpeg",1280,720,false],"newsium-slider-full":["http:\/\/tvalaire.com\/wp-content\/uploads\/2020\/06\/1-2-5.jpeg",1280,720,false],"newsium-featured":["http:\/\/tvalaire.com\/wp-content\/uploads\/2020\/06\/1-2-5-1024x576.jpeg",1024,576,true],"newsium-medium":["http:\/\/tvalaire.com\/wp-content\/uploads\/2020\/06\/1-2-5-720x475.jpeg",720,475,true]},"author_info":{"info":["tvalairenoti"]},"category_info":"<a href=\"http:\/\/tvalaire.com\/?cat=1\" rel=\"category\">La Piedad<\/a>","tag_info":"La Piedad","comment_count":"0","jetpack_featured_media_url":"http:\/\/tvalaire.com\/wp-content\/uploads\/2020\/06\/1-2-5.jpeg","_links":{"self":[{"href":"http:\/\/tvalaire.com\/index.php?rest_route=\/wp\/v2\/posts\/6951"}],"collection":[{"href":"http:\/\/tvalaire.com\/index.php?rest_route=\/wp\/v2\/posts"}],"about":[{"href":"http:\/\/tvalaire.com\/index.php?rest_route=\/wp\/v2\/types\/post"}],"author":[{"embeddable":true,"href":"http:\/\/tvalaire.com\/index.php?rest_route=\/wp\/v2\/users\/1"}],"replies":[{"embeddable":true,"href":"http:\/\/tvalaire.com\/index.php?rest_route=%2Fwp%2Fv2%2Fcomments&post=6951"}],"version-history":[{"count":1,"href":"http:\/\/tvalaire.com\/index.php?rest_route=\/wp\/v2\/posts\/6951\/revisions"}],"predecessor-version":[{"id":6953,"href":"http:\/\/tvalaire.com\/index.php?rest_route=\/wp\/v2\/posts\/6951\/revisions\/6953"}],"wp:featuredmedia":[{"embeddable":true,"href":"http:\/\/tvalaire.com\/index.php?rest_route=\/wp\/v2\/media\/6952"}],"wp:attachment":[{"href":"http:\/\/tvalaire.com\/index.php?rest_route=%2Fwp%2Fv2%2Fmedia&parent=6951"}],"wp:term":[{"taxonomy":"category","embeddable":true,"href":"http:\/\/tvalaire.com\/index.php?rest_route=%2Fwp%2Fv2%2Fcategories&post=6951"},{"taxonomy":"post_tag","embeddable":true,"href":"http:\/\/tvalaire.com\/index.php?rest_route=%2Fwp%2Fv2%2Ftags&post=6951"}],"curies":[{"name":"wp","href":"https:\/\/api.w.org\/{rel}","templated":true}]}}