{"id":6919,"date":"2020-05-20T12:05:00","date_gmt":"2020-05-20T17:05:00","guid":{"rendered":"http:\/\/tvalaire.com\/?p=6919"},"modified":"2020-05-26T12:06:44","modified_gmt":"2020-05-26T17:06:44","slug":"instalan-permanentemente-consejo-municipal-de-proteccion-civil","status":"publish","type":"post","link":"http:\/\/tvalaire.com\/?p=6919","title":{"rendered":"INSTALAN PERMANENTEMENTE CONSEJO MUNICIPAL DE PROTECCI\u00d3N CIVIL"},"content":{"rendered":"\n<p><\/p>\n\n\n\n<ul class=\"wp-block-list\"><li><strong>Est\u00e1\nen sesi\u00f3n permanente para atender temporada de lluvias<\/strong><\/li><li><strong>Contemplan\ntemperaturas superiores a los 35 grados <\/strong><\/li><\/ul>\n\n\n\n<p>Quedo instalado de forma\npermanente el Consejo Municipal de Protecci\u00f3n Civil de La Piedad, el cual dar\u00e1\nseguimiento oportuno a los fen\u00f3menos hidrometeorol\u00f3gicos que pudieran\npresentarse durante este periodo de lluvias.<\/p>\n\n\n\n<p>El coordinador municipal de\nProtecci\u00f3n Civil, Juan N\u00fa\u00f1ez Naranjo, el periodo de lluvias inici\u00f3 el pasado 15\nde mayo y de acuerdo con el resultado del Sistema Meteorol\u00f3gico Nacional, en\nesta ocasi\u00f3n se prev\u00e9n 40 fen\u00f3menos hidrometeorol\u00f3gico en el Pac\u00edfico y\nAtl\u00e1ntico.<\/p>\n\n\n\n<p>Este a\u00f1o dijo, se prev\u00e9n lluvias\nligeras, as\u00ed como temperaturas de hasta 35 grados cent\u00edgrados, durante estos\ntres primeros meses de arranque del periodo pluvial; de igual forma se esperan fen\u00f3menos\nat\u00edpicos que podr\u00edan ocasionar tormentas fuertes.<\/p>\n\n\n\n<p>El funcionario expres\u00f3 que el\nGobierno Municipal se prepar\u00f3 y a la fecha cuentan con el 90% de r\u00edos y arroyos\nlibres de maleza y azolve, pese a ello no se descarta alguna eventualidad por\nlo que integrantes del Consejo Municipal de Protecci\u00f3n Civil, se mantienen en\nsesi\u00f3n permanente para atender cualquier situaci\u00f3n que se presente y est\u00e1n listos\npara activar el plan de inundaciones y abrir los refugios temporales que cumplan\ncon la normatividad por el COVID-19.<\/p>\n\n\n\n<p>Para ello, el coordinador de\nProtecci\u00f3n Civil pidi\u00f3 a la poblaci\u00f3n apoyar en las acciones que realiza el\nGobierno, limpiando los bajantes de sus viviendas, no tirando basura en la v\u00eda\np\u00fablica, ni dejar material de construcci\u00f3n en las calles porque estos pueden\nobstruir las alcantarillas y poner en riesgo a la poblaci\u00f3n de posibles\nencharcamientos o inundaciones por obstrucci\u00f3n de coladeras.<\/p>\n","protected":false},"excerpt":{"rendered":"<p>Est\u00e1 en sesi\u00f3n permanente para atender temporada de lluvias Contemplan temperaturas superiores a los 35&#8230;<\/p>\n","protected":false},"author":1,"featured_media":6920,"comment_status":"open","ping_status":"open","sticky":false,"template":"","format":"standard","meta":{"jetpack_post_was_ever_published":false,"_jetpack_newsletter_access":"","_jetpack_dont_email_post_to_subs":false,"_jetpack_newsletter_tier_id":0,"_jetpack_memberships_contains_paywalled_content":false,"_jetpack_memberships_contains_paid_content":false,"footnotes":"","jetpack_publicize_message":"","jetpack_publicize_feature_enabled":true,"jetpack_social_post_already_shared":false,"jetpack_social_options":{"image_generator_settings":{"template":"highway","enabled":false},"version":2}},"categories":[1],"tags":[15],"class_list":["post-6919","post","type-post","status-publish","format-standard","has-post-thumbnail","hentry","category-la-piedad","tag-la-piedad"],"jetpack_publicize_connections":[],"jetpack_sharing_enabled":true,"featured_image_urls":{"full":["http:\/\/tvalaire.com\/wp-content\/uploads\/2020\/05\/1-2-4.jpeg",1280,720,false],"thumbnail":["http:\/\/tvalaire.com\/wp-content\/uploads\/2020\/05\/1-2-4-150x150.jpeg",150,150,true],"medium":["http:\/\/tvalaire.com\/wp-content\/uploads\/2020\/05\/1-2-4-300x169.jpeg",300,169,true],"medium_large":["http:\/\/tvalaire.com\/wp-content\/uploads\/2020\/05\/1-2-4-768x432.jpeg",640,360,true],"large":["http:\/\/tvalaire.com\/wp-content\/uploads\/2020\/05\/1-2-4-1024x576.jpeg",640,360,true],"post-slider-thumb-size":["http:\/\/tvalaire.com\/wp-content\/uploads\/2020\/05\/1-2-4-330x190.jpeg",330,190,true],"post-category-slider-size":["http:\/\/tvalaire.com\/wp-content\/uploads\/2020\/05\/1-2-4.jpeg",330,186,false],"1536x1536":["http:\/\/tvalaire.com\/wp-content\/uploads\/2020\/05\/1-2-4.jpeg",1280,720,false],"2048x2048":["http:\/\/tvalaire.com\/wp-content\/uploads\/2020\/05\/1-2-4.jpeg",1280,720,false],"newsium-slider-full":["http:\/\/tvalaire.com\/wp-content\/uploads\/2020\/05\/1-2-4.jpeg",1280,720,false],"newsium-featured":["http:\/\/tvalaire.com\/wp-content\/uploads\/2020\/05\/1-2-4-1024x576.jpeg",1024,576,true],"newsium-medium":["http:\/\/tvalaire.com\/wp-content\/uploads\/2020\/05\/1-2-4-720x475.jpeg",720,475,true]},"author_info":{"info":["tvalairenoti"]},"category_info":"<a href=\"http:\/\/tvalaire.com\/?cat=1\" rel=\"category\">La Piedad<\/a>","tag_info":"La Piedad","comment_count":"0","jetpack_featured_media_url":"http:\/\/tvalaire.com\/wp-content\/uploads\/2020\/05\/1-2-4.jpeg","_links":{"self":[{"href":"http:\/\/tvalaire.com\/index.php?rest_route=\/wp\/v2\/posts\/6919"}],"collection":[{"href":"http:\/\/tvalaire.com\/index.php?rest_route=\/wp\/v2\/posts"}],"about":[{"href":"http:\/\/tvalaire.com\/index.php?rest_route=\/wp\/v2\/types\/post"}],"author":[{"embeddable":true,"href":"http:\/\/tvalaire.com\/index.php?rest_route=\/wp\/v2\/users\/1"}],"replies":[{"embeddable":true,"href":"http:\/\/tvalaire.com\/index.php?rest_route=%2Fwp%2Fv2%2Fcomments&post=6919"}],"version-history":[{"count":1,"href":"http:\/\/tvalaire.com\/index.php?rest_route=\/wp\/v2\/posts\/6919\/revisions"}],"predecessor-version":[{"id":6921,"href":"http:\/\/tvalaire.com\/index.php?rest_route=\/wp\/v2\/posts\/6919\/revisions\/6921"}],"wp:featuredmedia":[{"embeddable":true,"href":"http:\/\/tvalaire.com\/index.php?rest_route=\/wp\/v2\/media\/6920"}],"wp:attachment":[{"href":"http:\/\/tvalaire.com\/index.php?rest_route=%2Fwp%2Fv2%2Fmedia&parent=6919"}],"wp:term":[{"taxonomy":"category","embeddable":true,"href":"http:\/\/tvalaire.com\/index.php?rest_route=%2Fwp%2Fv2%2Fcategories&post=6919"},{"taxonomy":"post_tag","embeddable":true,"href":"http:\/\/tvalaire.com\/index.php?rest_route=%2Fwp%2Fv2%2Ftags&post=6919"}],"curies":[{"name":"wp","href":"https:\/\/api.w.org\/{rel}","templated":true}]}}