{"id":6842,"date":"2020-05-07T12:02:00","date_gmt":"2020-05-07T17:02:00","guid":{"rendered":"http:\/\/tvalaire.com\/?p=6842"},"modified":"2020-05-08T12:03:31","modified_gmt":"2020-05-08T17:03:31","slug":"preve-ecologia-plantar-4-mil-arboles-esta-temporada-en-la-ciudad","status":"publish","type":"post","link":"http:\/\/tvalaire.com\/?p=6842","title":{"rendered":"PREV\u00c9 ECOLOG\u00cdA PLANTAR 4 MIL \u00c1RBOLES ESTA TEMPORADA EN LA CIUDAD"},"content":{"rendered":"\n<p><\/p>\n\n\n\n<ul class=\"wp-block-list\"><li><strong>El\nprograma se realizar\u00e1 de junio a noviembre del presente a\u00f1o<\/strong><\/li><li><strong>Se\nbusca la colaboraci\u00f3n de la poblaci\u00f3nen este proceso <\/strong><\/li><\/ul>\n\n\n\n<p>La coordinaci\u00f3n de Ecolog\u00eda\nanunci\u00f3 la puesta en marcha del programa de Reforestaci\u00f3n y Revegetaci\u00f3n de\nnuestra ciudad a partir del 1 de junio del presente a\u00f1o.<\/p>\n\n\n\n<p>Tatiana Ayala Avi\u00f1a,\ncoordinadora de la dependencia inform\u00f3 que el objetivo de este programa es\nlograr que la poblaci\u00f3n conozca todo el proceso de reforestaci\u00f3n, su mejor\netapa para realizarlo y que colaboren.<\/p>\n\n\n\n<p>De esta manera, la poblaci\u00f3n\nganar\u00e1 m\u00e1s espacios verdes, aumentar\u00e1n la humedad ambiental y colaborar\u00e1n as\u00ed,\ncon la mitigaci\u00f3n de los efectos por el cambio clim\u00e1tico.Es por ello, que se\nprev\u00e9 plantar m\u00e1s de 4 mil plantas y \u00e1rboles a partir del 1 de junio y\nconcluir\u00e1n en noviembre de este a\u00f1o.<\/p>\n\n\n\n<p>Para alcanzar la meta, la\nfuncionaria convoc\u00f3 a las Organizaciones Civiles, Iniciativa Privada y a la\nsociedad en general para que se sume a estas acciones, con el prop\u00f3sito de\ndotar espacios con mayor vegetaci\u00f3n y contribuir con ello a la mejora de la calidad\ndel aire.<\/p>\n\n\n\n<p>La funcionaria indic\u00f3 que\nlas personas u organizaciones que est\u00e9n interesadas en participar, deber\u00e1n\nacudir a la coordinaci\u00f3n de Ecolog\u00eda ubicada en la calle Mariano Jim\u00e9nez #115\ncolonia centro, en donde les otorgar\u00e1n un vale de donaci\u00f3n para intercambiarlo\nen el Vivero Municipal que se ubica a un costado del Centro de Desarrollo\nComunitario \u201cVicente Fox\u201d del fraccionamiento Delta o llamar al tel\u00e9fono 522 56\n71 extensi\u00f3n 112.<\/p>\n\n\n\n<p>Dentro de las especies que\ntienen disponibles se encuentran: Granados, pino michoacano, fresno, cedro\nblanco, tepehuaje, eucalipto, abedul, fraile, huele de noche, entre otros.<\/p>\n","protected":false},"excerpt":{"rendered":"<p>El programa se realizar\u00e1 de junio a noviembre del presente a\u00f1o Se busca la colaboraci\u00f3n&#8230;<\/p>\n","protected":false},"author":1,"featured_media":6843,"comment_status":"open","ping_status":"open","sticky":false,"template":"","format":"standard","meta":{"jetpack_post_was_ever_published":false,"_jetpack_newsletter_access":"","_jetpack_dont_email_post_to_subs":false,"_jetpack_newsletter_tier_id":0,"_jetpack_memberships_contains_paywalled_content":false,"_jetpack_memberships_contains_paid_content":false,"footnotes":"","jetpack_publicize_message":"","jetpack_publicize_feature_enabled":true,"jetpack_social_post_already_shared":false,"jetpack_social_options":{"image_generator_settings":{"template":"highway","enabled":false},"version":2}},"categories":[1],"tags":[15],"class_list":["post-6842","post","type-post","status-publish","format-standard","has-post-thumbnail","hentry","category-la-piedad","tag-la-piedad"],"jetpack_publicize_connections":[],"jetpack_sharing_enabled":true,"featured_image_urls":{"full":["http:\/\/tvalaire.com\/wp-content\/uploads\/2020\/05\/01-3.jpeg",960,720,false],"thumbnail":["http:\/\/tvalaire.com\/wp-content\/uploads\/2020\/05\/01-3-150x150.jpeg",150,150,true],"medium":["http:\/\/tvalaire.com\/wp-content\/uploads\/2020\/05\/01-3-300x225.jpeg",300,225,true],"medium_large":["http:\/\/tvalaire.com\/wp-content\/uploads\/2020\/05\/01-3-768x576.jpeg",640,480,true],"large":["http:\/\/tvalaire.com\/wp-content\/uploads\/2020\/05\/01-3.jpeg",640,480,false],"post-slider-thumb-size":["http:\/\/tvalaire.com\/wp-content\/uploads\/2020\/05\/01-3-330x190.jpeg",330,190,true],"post-category-slider-size":["http:\/\/tvalaire.com\/wp-content\/uploads\/2020\/05\/01-3.jpeg",330,248,false],"1536x1536":["http:\/\/tvalaire.com\/wp-content\/uploads\/2020\/05\/01-3.jpeg",960,720,false],"2048x2048":["http:\/\/tvalaire.com\/wp-content\/uploads\/2020\/05\/01-3.jpeg",960,720,false],"newsium-slider-full":["http:\/\/tvalaire.com\/wp-content\/uploads\/2020\/05\/01-3.jpeg",960,720,false],"newsium-featured":["http:\/\/tvalaire.com\/wp-content\/uploads\/2020\/05\/01-3.jpeg",960,720,false],"newsium-medium":["http:\/\/tvalaire.com\/wp-content\/uploads\/2020\/05\/01-3-720x475.jpeg",720,475,true]},"author_info":{"info":["tvalairenoti"]},"category_info":"<a href=\"http:\/\/tvalaire.com\/?cat=1\" rel=\"category\">La Piedad<\/a>","tag_info":"La Piedad","comment_count":"0","jetpack_featured_media_url":"http:\/\/tvalaire.com\/wp-content\/uploads\/2020\/05\/01-3.jpeg","_links":{"self":[{"href":"http:\/\/tvalaire.com\/index.php?rest_route=\/wp\/v2\/posts\/6842"}],"collection":[{"href":"http:\/\/tvalaire.com\/index.php?rest_route=\/wp\/v2\/posts"}],"about":[{"href":"http:\/\/tvalaire.com\/index.php?rest_route=\/wp\/v2\/types\/post"}],"author":[{"embeddable":true,"href":"http:\/\/tvalaire.com\/index.php?rest_route=\/wp\/v2\/users\/1"}],"replies":[{"embeddable":true,"href":"http:\/\/tvalaire.com\/index.php?rest_route=%2Fwp%2Fv2%2Fcomments&post=6842"}],"version-history":[{"count":1,"href":"http:\/\/tvalaire.com\/index.php?rest_route=\/wp\/v2\/posts\/6842\/revisions"}],"predecessor-version":[{"id":6844,"href":"http:\/\/tvalaire.com\/index.php?rest_route=\/wp\/v2\/posts\/6842\/revisions\/6844"}],"wp:featuredmedia":[{"embeddable":true,"href":"http:\/\/tvalaire.com\/index.php?rest_route=\/wp\/v2\/media\/6843"}],"wp:attachment":[{"href":"http:\/\/tvalaire.com\/index.php?rest_route=%2Fwp%2Fv2%2Fmedia&parent=6842"}],"wp:term":[{"taxonomy":"category","embeddable":true,"href":"http:\/\/tvalaire.com\/index.php?rest_route=%2Fwp%2Fv2%2Fcategories&post=6842"},{"taxonomy":"post_tag","embeddable":true,"href":"http:\/\/tvalaire.com\/index.php?rest_route=%2Fwp%2Fv2%2Ftags&post=6842"}],"curies":[{"name":"wp","href":"https:\/\/api.w.org\/{rel}","templated":true}]}}