{"id":6838,"date":"2020-05-06T12:00:00","date_gmt":"2020-05-06T17:00:00","guid":{"rendered":"http:\/\/tvalaire.com\/?p=6838"},"modified":"2020-05-08T12:01:59","modified_gmt":"2020-05-08T17:01:59","slug":"endurecen-medidas-de-salubridad-en-mercado-de-abastos","status":"publish","type":"post","link":"http:\/\/tvalaire.com\/?p=6838","title":{"rendered":"ENDURECEN MEDIDAS DE SALUBRIDAD EN MERCADO DE ABASTOS"},"content":{"rendered":"\n<p><\/p>\n\n\n\n<ul class=\"wp-block-list\"><li><strong>Fueron\ninhabilitados trabajadorespor no portar tapabocas<\/strong><\/li><li><strong>Se\nhar\u00e1 una supervisi\u00f3n constante con Mercados y Reglamentos<\/strong><\/li><\/ul>\n\n\n\n<p>El Gobierno Municipal a\ntrav\u00e9s de las direcciones de Reglamentos y Mercados con el apoyo de la\ndirecci\u00f3n de Seguridad P\u00fablica, desalojaron hoy a 10 empleados del Mercado de Abastos\nde la Uni\u00f3n 12 de Octubre, por no acatar las medidas sanitarias establecidas\ndurante esta cuarentena.<\/p>\n\n\n\n<p>Mario M\u00e9ndez Garnica,\ndirector de Mercados inform\u00f3 que la supervisi\u00f3n de las medidas sanitarias se\nllev\u00f3 a cabo a partir de las 6:00 de la ma\u00f1ana, para ello acudieron acompa\u00f1ados\nde personal de Reglamentos y de Seguridad P\u00fablica.<\/p>\n\n\n\n<p>Durante el recorrido se\npercataron que 10 de los trabajadores que laboran en las bodegas no portaban\ncubrebocas,accesorioque es b\u00e1sico y obligatorio en este momento.<\/p>\n\n\n\n<p>Coment\u00f3 que para cerciorarse\nque el personal se retirara, se procedi\u00f3 a levantar un oficio mediante el cual,\nse les pidi\u00f3 suspenderlos durante dos d\u00edas.<\/p>\n\n\n\n<p>El funcionario municipal,\nindic\u00f3 que apenas unos d\u00edas nuestro alcalde Alex Espinoza, reparti\u00f3 en este\nespacio mil cubrebocas entre locatarios, trabajadores y clientela, por lo que\nes obligatorio portar dicho accesorio.<\/p>\n\n\n\n<p>Mencion\u00f3 que en esta ocasi\u00f3n\nfue \u00fanicamente un llamado de atenci\u00f3n y castigo al personal que no portaba\ncubrebocas, pero se les advirti\u00f3 que la pr\u00f3xima ocasi\u00f3n se proceder\u00e1 a\nclausurar el local.<\/p>\n\n\n\n<p>Mario M\u00e9ndez dijo que a\npartir del martes las medidas sanitarias ser\u00e1n m\u00e1s duras, pues se acord\u00f3 con el\nAlcalde abrir la mayor\u00eda de negocios, por tanto, deber\u00e1n cumplir al 100% con\nlos acuerdos establecidos que incluye: portar cubrebocas y marcar espacios de\nsana distancia.<\/p>\n","protected":false},"excerpt":{"rendered":"<p>Fueron inhabilitados trabajadorespor no portar tapabocas Se har\u00e1 una supervisi\u00f3n constante con Mercados y Reglamentos&#8230;<\/p>\n","protected":false},"author":1,"featured_media":6839,"comment_status":"open","ping_status":"open","sticky":false,"template":"","format":"standard","meta":{"jetpack_post_was_ever_published":false,"_jetpack_newsletter_access":"","_jetpack_dont_email_post_to_subs":false,"_jetpack_newsletter_tier_id":0,"_jetpack_memberships_contains_paywalled_content":false,"_jetpack_memberships_contains_paid_content":false,"footnotes":"","jetpack_publicize_message":"","jetpack_publicize_feature_enabled":true,"jetpack_social_post_already_shared":false,"jetpack_social_options":{"image_generator_settings":{"template":"highway","enabled":false},"version":2}},"categories":[1],"tags":[15],"class_list":["post-6838","post","type-post","status-publish","format-standard","has-post-thumbnail","hentry","category-la-piedad","tag-la-piedad"],"jetpack_publicize_connections":[],"jetpack_sharing_enabled":true,"featured_image_urls":{"full":["http:\/\/tvalaire.com\/wp-content\/uploads\/2020\/05\/1-3-1.jpeg",1280,720,false],"thumbnail":["http:\/\/tvalaire.com\/wp-content\/uploads\/2020\/05\/1-3-1-150x150.jpeg",150,150,true],"medium":["http:\/\/tvalaire.com\/wp-content\/uploads\/2020\/05\/1-3-1-300x169.jpeg",300,169,true],"medium_large":["http:\/\/tvalaire.com\/wp-content\/uploads\/2020\/05\/1-3-1-768x432.jpeg",640,360,true],"large":["http:\/\/tvalaire.com\/wp-content\/uploads\/2020\/05\/1-3-1-1024x576.jpeg",640,360,true],"post-slider-thumb-size":["http:\/\/tvalaire.com\/wp-content\/uploads\/2020\/05\/1-3-1-330x190.jpeg",330,190,true],"post-category-slider-size":["http:\/\/tvalaire.com\/wp-content\/uploads\/2020\/05\/1-3-1.jpeg",330,186,false],"1536x1536":["http:\/\/tvalaire.com\/wp-content\/uploads\/2020\/05\/1-3-1.jpeg",1280,720,false],"2048x2048":["http:\/\/tvalaire.com\/wp-content\/uploads\/2020\/05\/1-3-1.jpeg",1280,720,false],"newsium-slider-full":["http:\/\/tvalaire.com\/wp-content\/uploads\/2020\/05\/1-3-1.jpeg",1280,720,false],"newsium-featured":["http:\/\/tvalaire.com\/wp-content\/uploads\/2020\/05\/1-3-1-1024x576.jpeg",1024,576,true],"newsium-medium":["http:\/\/tvalaire.com\/wp-content\/uploads\/2020\/05\/1-3-1-720x475.jpeg",720,475,true]},"author_info":{"info":["tvalairenoti"]},"category_info":"<a href=\"http:\/\/tvalaire.com\/?cat=1\" rel=\"category\">La Piedad<\/a>","tag_info":"La Piedad","comment_count":"0","jetpack_featured_media_url":"http:\/\/tvalaire.com\/wp-content\/uploads\/2020\/05\/1-3-1.jpeg","_links":{"self":[{"href":"http:\/\/tvalaire.com\/index.php?rest_route=\/wp\/v2\/posts\/6838"}],"collection":[{"href":"http:\/\/tvalaire.com\/index.php?rest_route=\/wp\/v2\/posts"}],"about":[{"href":"http:\/\/tvalaire.com\/index.php?rest_route=\/wp\/v2\/types\/post"}],"author":[{"embeddable":true,"href":"http:\/\/tvalaire.com\/index.php?rest_route=\/wp\/v2\/users\/1"}],"replies":[{"embeddable":true,"href":"http:\/\/tvalaire.com\/index.php?rest_route=%2Fwp%2Fv2%2Fcomments&post=6838"}],"version-history":[{"count":1,"href":"http:\/\/tvalaire.com\/index.php?rest_route=\/wp\/v2\/posts\/6838\/revisions"}],"predecessor-version":[{"id":6840,"href":"http:\/\/tvalaire.com\/index.php?rest_route=\/wp\/v2\/posts\/6838\/revisions\/6840"}],"wp:featuredmedia":[{"embeddable":true,"href":"http:\/\/tvalaire.com\/index.php?rest_route=\/wp\/v2\/media\/6839"}],"wp:attachment":[{"href":"http:\/\/tvalaire.com\/index.php?rest_route=%2Fwp%2Fv2%2Fmedia&parent=6838"}],"wp:term":[{"taxonomy":"category","embeddable":true,"href":"http:\/\/tvalaire.com\/index.php?rest_route=%2Fwp%2Fv2%2Fcategories&post=6838"},{"taxonomy":"post_tag","embeddable":true,"href":"http:\/\/tvalaire.com\/index.php?rest_route=%2Fwp%2Fv2%2Ftags&post=6838"}],"curies":[{"name":"wp","href":"https:\/\/api.w.org\/{rel}","templated":true}]}}