{"id":6825,"date":"2020-05-06T11:57:00","date_gmt":"2020-05-06T16:57:00","guid":{"rendered":"http:\/\/tvalaire.com\/?p=6825"},"modified":"2020-05-08T11:58:32","modified_gmt":"2020-05-08T16:58:32","slug":"refuerzan-cercos-sanitarios-en-el-primer-cuadro-de-la-ciudad","status":"publish","type":"post","link":"http:\/\/tvalaire.com\/?p=6825","title":{"rendered":"REFUERZAN CERCOS SANITARIOS EN EL PRIMER CUADRO DE LA CIUDAD"},"content":{"rendered":"\n<p><\/p>\n\n\n\n<ul class=\"wp-block-list\"><li><strong>Se\nampliar\u00e1n cercos sanitarios existentes<\/strong><\/li><li><strong>El\nuso de cubrebocas es obligatorio al ir a la zona centro <\/strong><\/li><\/ul>\n\n\n\n<p>A partir de este viernes 8\nde mayo el Gobierno Municipal, modifica el esquema de seguridad sanitaria en el\nprimer cuadro de la ciudad, con el fin de prevenir riesgos por contagio en\nestos espacios.<\/p>\n\n\n\n<p>Samuel Hidalgo Gallardo,\nsecretario del Ayuntamiento, inform\u00f3 que las modificaciones se har\u00e1n, luego del\nacuerdo con comerciantes para reaperturar algunos comercios en la zona centro.<\/p>\n\n\n\n<p>En primer t\u00e9rmino, el anillo\nde seguridad de la calle 5 de Febrero se elimina y se permitir\u00e1 a partir del viernes\nel ingreso vehicular sin estacionamiento por esta avenida\ny se exigir\u00e1 a los conductores y peatonales portar cubrebocas.<\/p>\n\n\n\n<p>A su vez, se contempla la\ninstalaci\u00f3n de un filtro sanitario en la calle Pino Su\u00e1rez esquina con 5 de\nFebrero, la cual seguir\u00e1n sin circulaci\u00f3n y se mantiene como peatonal.Incluye\ntambi\u00e9n, un filtro peatonal entre Pino Su\u00e1rez y Aquiles Serd\u00e1n, y se mantiene\nel de 25 de Julio y bulevar L\u00e1zaro C\u00e1rdenas.<\/p>\n\n\n\n<p>Seguir\u00e1 cerrado a la\ncirculaci\u00f3n vehicular el anillo de seguridad colocado en Pedro Chavolla y\nbulevar L\u00e1zaro C\u00e1rdenas, lo mismo en Hidalgo esquina con Riva Palacio que\nmantendr\u00e1 un filtro sanitario, as\u00ed como en Mariano Jim\u00e9nez esquina con 5 de\nFebrero.<\/p>\n\n\n\n<p>En lo que respecta a la\nplancha de la Plaza Principal, seguir\u00e1n los filtros sanitarios reforzados en\nlos ingresos de Ocampo, Mariano Jim\u00e9nez, Hidalgo y Morelos, en los cuales\npersonal de Seguridad P\u00fablica seguir\u00e1 sanitizando a los ciudadanos que acudan a\neste punto de la ciudad, colocar\u00e1n tapetes con soluci\u00f3n clorada y no permitir\u00e1n\nel ingreso a nadie que no use cubre bocas.<\/p>\n","protected":false},"excerpt":{"rendered":"<p>Se ampliar\u00e1n cercos sanitarios existentes El uso de cubrebocas es obligatorio al ir a la&#8230;<\/p>\n","protected":false},"author":1,"featured_media":6827,"comment_status":"open","ping_status":"open","sticky":false,"template":"","format":"standard","meta":{"jetpack_post_was_ever_published":false,"_jetpack_newsletter_access":"","_jetpack_dont_email_post_to_subs":false,"_jetpack_newsletter_tier_id":0,"_jetpack_memberships_contains_paywalled_content":false,"_jetpack_memberships_contains_paid_content":false,"footnotes":"","jetpack_publicize_message":"","jetpack_publicize_feature_enabled":true,"jetpack_social_post_already_shared":false,"jetpack_social_options":{"image_generator_settings":{"template":"highway","enabled":false},"version":2}},"categories":[1],"tags":[15,36],"class_list":["post-6825","post","type-post","status-publish","format-standard","has-post-thumbnail","hentry","category-la-piedad","tag-la-piedad","tag-principales"],"jetpack_publicize_connections":[],"jetpack_sharing_enabled":true,"featured_image_urls":{"full":["http:\/\/tvalaire.com\/wp-content\/uploads\/2020\/05\/1-3.jpeg",1280,720,false],"thumbnail":["http:\/\/tvalaire.com\/wp-content\/uploads\/2020\/05\/1-3-150x150.jpeg",150,150,true],"medium":["http:\/\/tvalaire.com\/wp-content\/uploads\/2020\/05\/1-3-300x169.jpeg",300,169,true],"medium_large":["http:\/\/tvalaire.com\/wp-content\/uploads\/2020\/05\/1-3-768x432.jpeg",640,360,true],"large":["http:\/\/tvalaire.com\/wp-content\/uploads\/2020\/05\/1-3-1024x576.jpeg",640,360,true],"post-slider-thumb-size":["http:\/\/tvalaire.com\/wp-content\/uploads\/2020\/05\/1-3-330x190.jpeg",330,190,true],"post-category-slider-size":["http:\/\/tvalaire.com\/wp-content\/uploads\/2020\/05\/1-3.jpeg",330,186,false],"1536x1536":["http:\/\/tvalaire.com\/wp-content\/uploads\/2020\/05\/1-3.jpeg",1280,720,false],"2048x2048":["http:\/\/tvalaire.com\/wp-content\/uploads\/2020\/05\/1-3.jpeg",1280,720,false],"newsium-slider-full":["http:\/\/tvalaire.com\/wp-content\/uploads\/2020\/05\/1-3.jpeg",1280,720,false],"newsium-featured":["http:\/\/tvalaire.com\/wp-content\/uploads\/2020\/05\/1-3-1024x576.jpeg",1024,576,true],"newsium-medium":["http:\/\/tvalaire.com\/wp-content\/uploads\/2020\/05\/1-3-720x475.jpeg",720,475,true]},"author_info":{"info":["tvalairenoti"]},"category_info":"<a href=\"http:\/\/tvalaire.com\/?cat=1\" rel=\"category\">La Piedad<\/a>","tag_info":"La Piedad","comment_count":"0","jetpack_featured_media_url":"http:\/\/tvalaire.com\/wp-content\/uploads\/2020\/05\/1-3.jpeg","_links":{"self":[{"href":"http:\/\/tvalaire.com\/index.php?rest_route=\/wp\/v2\/posts\/6825"}],"collection":[{"href":"http:\/\/tvalaire.com\/index.php?rest_route=\/wp\/v2\/posts"}],"about":[{"href":"http:\/\/tvalaire.com\/index.php?rest_route=\/wp\/v2\/types\/post"}],"author":[{"embeddable":true,"href":"http:\/\/tvalaire.com\/index.php?rest_route=\/wp\/v2\/users\/1"}],"replies":[{"embeddable":true,"href":"http:\/\/tvalaire.com\/index.php?rest_route=%2Fwp%2Fv2%2Fcomments&post=6825"}],"version-history":[{"count":1,"href":"http:\/\/tvalaire.com\/index.php?rest_route=\/wp\/v2\/posts\/6825\/revisions"}],"predecessor-version":[{"id":6828,"href":"http:\/\/tvalaire.com\/index.php?rest_route=\/wp\/v2\/posts\/6825\/revisions\/6828"}],"wp:featuredmedia":[{"embeddable":true,"href":"http:\/\/tvalaire.com\/index.php?rest_route=\/wp\/v2\/media\/6827"}],"wp:attachment":[{"href":"http:\/\/tvalaire.com\/index.php?rest_route=%2Fwp%2Fv2%2Fmedia&parent=6825"}],"wp:term":[{"taxonomy":"category","embeddable":true,"href":"http:\/\/tvalaire.com\/index.php?rest_route=%2Fwp%2Fv2%2Fcategories&post=6825"},{"taxonomy":"post_tag","embeddable":true,"href":"http:\/\/tvalaire.com\/index.php?rest_route=%2Fwp%2Fv2%2Ftags&post=6825"}],"curies":[{"name":"wp","href":"https:\/\/api.w.org\/{rel}","templated":true}]}}