{"id":6819,"date":"2020-05-05T11:51:00","date_gmt":"2020-05-05T16:51:00","guid":{"rendered":"http:\/\/tvalaire.com\/?p=6819"},"modified":"2020-05-08T11:56:07","modified_gmt":"2020-05-08T16:56:07","slug":"invita-sapas-a-utilizar-racionalmente-uso-del-agua-en-esta-temporada","status":"publish","type":"post","link":"http:\/\/tvalaire.com\/?p=6819","title":{"rendered":"INVITA SAPAS A UTILIZAR RACIONALMENTE USO DEL AGUA EN ESTA TEMPORADA"},"content":{"rendered":"\n<p><\/p>\n\n\n\n<ul class=\"wp-block-list\"><li><strong>Temporada\nde calor y contingencia provocan aumento del consumo<\/strong><\/li><li><strong>Se\npuede reutilizar el agua en varias \u00e1reas y evitar desperdiciarla <\/strong><\/li><\/ul>\n\n\n\n<p>El director del Sistema de\nAgua Potable Alcantarillado y Saneamiento (SAPAS), Jorge Rubio Olivares,\nexhort\u00f3 a los usuarios de este servicio a racionar el uso del l\u00edquido.<\/p>\n\n\n\n<p>Esto derivado del incremento\nen el consumo de este vital, por el resguardo domiciliario que se tiene en los\nhogares piedadenses, producto del brote de COVID-19 en la regi\u00f3n.<\/p>\n\n\n\n<p>Adem\u00e1s, la temporada de\ncalor es otro factor que ocasiona el incremento del consumo del agua potable,\nas\u00ed como la recomendaci\u00f3n de lavarse frecuentemente las manos para as\u00ed romper\nla cadena de contagio del Coronavirus.<\/p>\n\n\n\n<p>A decir del director del\norganismo operador, Jorge Rubio Olivares, se ha detectado un incremento del\nconsumo hasta en un 50%, por lo que es importante que la ciudadan\u00eda tome\nmedidas importantes sobre el uso racional del mismo.<\/p>\n\n\n\n<p>Una de ellas es reutilizar\nel agua para actividades dom\u00e9sticas, como lo es la limpieza de pisos.<\/p>\n\n\n\n<p>\u201cLamentablemente almacena\nagua y solo la utilizan uno o dos d\u00edas y la vac\u00edan sin reutilizarla, para\nposteriormente volver a llenarla. Entre&nbsp;gran parte de la poblaci\u00f3n no hay\nconsciencia&nbsp;acerca del uso adecuado que se le debe dar al agua, nos hace\nfalta mucha m\u00e1s cultura en este sentido\u201d, coment\u00f3 Rubio Olivares.<\/p>\n","protected":false},"excerpt":{"rendered":"<p>Temporada de calor y contingencia provocan aumento del consumo Se puede reutilizar el agua en&#8230;<\/p>\n","protected":false},"author":1,"featured_media":6820,"comment_status":"open","ping_status":"open","sticky":false,"template":"","format":"standard","meta":{"jetpack_post_was_ever_published":false,"_jetpack_newsletter_access":"","_jetpack_dont_email_post_to_subs":false,"_jetpack_newsletter_tier_id":0,"_jetpack_memberships_contains_paywalled_content":false,"_jetpack_memberships_contains_paid_content":false,"footnotes":"","jetpack_publicize_message":"","jetpack_publicize_feature_enabled":true,"jetpack_social_post_already_shared":false,"jetpack_social_options":{"image_generator_settings":{"template":"highway","enabled":false},"version":2}},"categories":[1],"tags":[15],"class_list":["post-6819","post","type-post","status-publish","format-standard","has-post-thumbnail","hentry","category-la-piedad","tag-la-piedad"],"jetpack_publicize_connections":[],"jetpack_sharing_enabled":true,"featured_image_urls":{"full":["http:\/\/tvalaire.com\/wp-content\/uploads\/2020\/05\/1-2-2.jpg",1248,701,false],"thumbnail":["http:\/\/tvalaire.com\/wp-content\/uploads\/2020\/05\/1-2-2-150x150.jpg",150,150,true],"medium":["http:\/\/tvalaire.com\/wp-content\/uploads\/2020\/05\/1-2-2-300x169.jpg",300,169,true],"medium_large":["http:\/\/tvalaire.com\/wp-content\/uploads\/2020\/05\/1-2-2-768x431.jpg",640,359,true],"large":["http:\/\/tvalaire.com\/wp-content\/uploads\/2020\/05\/1-2-2-1024x575.jpg",640,359,true],"post-slider-thumb-size":["http:\/\/tvalaire.com\/wp-content\/uploads\/2020\/05\/1-2-2-330x190.jpg",330,190,true],"post-category-slider-size":["http:\/\/tvalaire.com\/wp-content\/uploads\/2020\/05\/1-2-2.jpg",330,185,false],"1536x1536":["http:\/\/tvalaire.com\/wp-content\/uploads\/2020\/05\/1-2-2.jpg",1248,701,false],"2048x2048":["http:\/\/tvalaire.com\/wp-content\/uploads\/2020\/05\/1-2-2.jpg",1248,701,false],"newsium-slider-full":["http:\/\/tvalaire.com\/wp-content\/uploads\/2020\/05\/1-2-2.jpg",1248,701,false],"newsium-featured":["http:\/\/tvalaire.com\/wp-content\/uploads\/2020\/05\/1-2-2-1024x575.jpg",1024,575,true],"newsium-medium":["http:\/\/tvalaire.com\/wp-content\/uploads\/2020\/05\/1-2-2-720x475.jpg",720,475,true]},"author_info":{"info":["tvalairenoti"]},"category_info":"<a href=\"http:\/\/tvalaire.com\/?cat=1\" rel=\"category\">La Piedad<\/a>","tag_info":"La Piedad","comment_count":"0","jetpack_featured_media_url":"http:\/\/tvalaire.com\/wp-content\/uploads\/2020\/05\/1-2-2.jpg","_links":{"self":[{"href":"http:\/\/tvalaire.com\/index.php?rest_route=\/wp\/v2\/posts\/6819"}],"collection":[{"href":"http:\/\/tvalaire.com\/index.php?rest_route=\/wp\/v2\/posts"}],"about":[{"href":"http:\/\/tvalaire.com\/index.php?rest_route=\/wp\/v2\/types\/post"}],"author":[{"embeddable":true,"href":"http:\/\/tvalaire.com\/index.php?rest_route=\/wp\/v2\/users\/1"}],"replies":[{"embeddable":true,"href":"http:\/\/tvalaire.com\/index.php?rest_route=%2Fwp%2Fv2%2Fcomments&post=6819"}],"version-history":[{"count":1,"href":"http:\/\/tvalaire.com\/index.php?rest_route=\/wp\/v2\/posts\/6819\/revisions"}],"predecessor-version":[{"id":6821,"href":"http:\/\/tvalaire.com\/index.php?rest_route=\/wp\/v2\/posts\/6819\/revisions\/6821"}],"wp:featuredmedia":[{"embeddable":true,"href":"http:\/\/tvalaire.com\/index.php?rest_route=\/wp\/v2\/media\/6820"}],"wp:attachment":[{"href":"http:\/\/tvalaire.com\/index.php?rest_route=%2Fwp%2Fv2%2Fmedia&parent=6819"}],"wp:term":[{"taxonomy":"category","embeddable":true,"href":"http:\/\/tvalaire.com\/index.php?rest_route=%2Fwp%2Fv2%2Fcategories&post=6819"},{"taxonomy":"post_tag","embeddable":true,"href":"http:\/\/tvalaire.com\/index.php?rest_route=%2Fwp%2Fv2%2Ftags&post=6819"}],"curies":[{"name":"wp","href":"https:\/\/api.w.org\/{rel}","templated":true}]}}