{"id":6761,"date":"2020-04-28T13:04:00","date_gmt":"2020-04-28T18:04:00","guid":{"rendered":"http:\/\/tvalaire.com\/?p=6761"},"modified":"2020-04-30T13:06:03","modified_gmt":"2020-04-30T18:06:03","slug":"instalan-lavamanos-en-el-mercado-municipal-gildardo-magana","status":"publish","type":"post","link":"http:\/\/tvalaire.com\/?p=6761","title":{"rendered":"INSTALAN LAVAMANOS EN EL MERCADO MUNICIPAL \u201cGILDARDO MAGA\u00d1A\u201d"},"content":{"rendered":"\n<p><\/p>\n\n\n\n<ul class=\"wp-block-list\"><li><strong>Nueva\nmedida sanitaria tomada por las instancias de gobierno local<\/strong><\/li><li><strong>Tambi\u00e9n\nse instalar\u00e1 uno en el Mercado de Abastos<\/strong><\/li><\/ul>\n\n\n\n<p>Con el fin de garantizar la\nsalud de las personas que acuden a realizar sus compras en el mercado municipal\n\u201cGildardo Maga\u00f1a\u201d, esta ma\u00f1ana se instal\u00f3 un lavamanos port\u00e1til en las afueras\ndel portal La Patria.<\/p>\n\n\n\n<p>Esto como una medida m\u00e1s de\nseguridad sanitaria para las personas que acuden, quienes ahora podr\u00e1n optar\npor lavarse las manos antes de ingresar a hacer sus compras, aceptar la\naplicaci\u00f3n de sanitizante o ambas.<\/p>\n\n\n\n<p>Mario M\u00e9ndez Garnica,\ndirector de Mercados inform\u00f3 que esta misma semana se colocar\u00e1 otro lavamanos\nen el Mercado de Abastos de la Uni\u00f3n 12 de Octubre, los cuales fueron\nproporcionados por el Gobierno del Estado y consiste en una tarja con tanque\nabastecedor de agua y descarga conectada al sistema de drenaje.<\/p>\n\n\n\n<p>Esta medida ser\u00e1 aplicada\nmientras pase este periodo de contingencia por el COVID-19.<\/p>\n\n\n\n<p>Explic\u00f3 que en los ingresos\na los mercados que hay en el municipio ya se hab\u00edan tomado medidas sanitarias,\nsin embargo, se han encontrado con la inconformidad de algunas personas para que\nles apliquen el sanitizante.<\/p>\n\n\n\n<p>Por lo que la instalaci\u00f3n de\nlos lavamanos servir\u00e1 para que puedan asear sus manos a su ingreso a estos\nespacios y se garantice la salud tanto de ellos como de las dem\u00e1s personas.<\/p>\n\n\n\n<p>Indic\u00f3 que procurar\u00e1n que se\ncuente siempre con agua, jab\u00f3n y papel sanitario para que se cumpla con los\nlineamientos que establece la Secretar\u00eda de Salud.<\/p>\n\n\n\n<p>Mario M\u00e9ndez mencion\u00f3 que\nluego de inaugurar el primer lavamanos nuestro alcalde Alex Espinoza, acudi\u00f3 al\nMercado de Abastos en donde reparti\u00f3 entre comerciantes y clientela cerca de mil\ncubrebocas.<\/p>\n","protected":false},"excerpt":{"rendered":"<p>Nueva medida sanitaria tomada por las instancias de gobierno local Tambi\u00e9n se instalar\u00e1 uno en&#8230;<\/p>\n","protected":false},"author":1,"featured_media":6762,"comment_status":"open","ping_status":"open","sticky":false,"template":"","format":"standard","meta":{"jetpack_post_was_ever_published":false,"_jetpack_newsletter_access":"","_jetpack_dont_email_post_to_subs":false,"_jetpack_newsletter_tier_id":0,"_jetpack_memberships_contains_paywalled_content":false,"_jetpack_memberships_contains_paid_content":false,"footnotes":"","jetpack_publicize_message":"","jetpack_publicize_feature_enabled":true,"jetpack_social_post_already_shared":false,"jetpack_social_options":{"image_generator_settings":{"template":"highway","enabled":false},"version":2}},"categories":[1],"tags":[15,36],"class_list":["post-6761","post","type-post","status-publish","format-standard","has-post-thumbnail","hentry","category-la-piedad","tag-la-piedad","tag-principales"],"jetpack_publicize_connections":[],"jetpack_sharing_enabled":true,"featured_image_urls":{"full":["http:\/\/tvalaire.com\/wp-content\/uploads\/2020\/04\/2-2.jpeg",1280,960,false],"thumbnail":["http:\/\/tvalaire.com\/wp-content\/uploads\/2020\/04\/2-2-150x150.jpeg",150,150,true],"medium":["http:\/\/tvalaire.com\/wp-content\/uploads\/2020\/04\/2-2-300x225.jpeg",300,225,true],"medium_large":["http:\/\/tvalaire.com\/wp-content\/uploads\/2020\/04\/2-2-768x576.jpeg",640,480,true],"large":["http:\/\/tvalaire.com\/wp-content\/uploads\/2020\/04\/2-2-1024x768.jpeg",640,480,true],"post-slider-thumb-size":["http:\/\/tvalaire.com\/wp-content\/uploads\/2020\/04\/2-2-330x190.jpeg",330,190,true],"post-category-slider-size":["http:\/\/tvalaire.com\/wp-content\/uploads\/2020\/04\/2-2.jpeg",330,248,false],"1536x1536":["http:\/\/tvalaire.com\/wp-content\/uploads\/2020\/04\/2-2.jpeg",1280,960,false],"2048x2048":["http:\/\/tvalaire.com\/wp-content\/uploads\/2020\/04\/2-2.jpeg",1280,960,false],"newsium-slider-full":["http:\/\/tvalaire.com\/wp-content\/uploads\/2020\/04\/2-2-1280x845.jpeg",1280,845,true],"newsium-featured":["http:\/\/tvalaire.com\/wp-content\/uploads\/2020\/04\/2-2-1024x768.jpeg",1024,768,true],"newsium-medium":["http:\/\/tvalaire.com\/wp-content\/uploads\/2020\/04\/2-2-720x475.jpeg",720,475,true]},"author_info":{"info":["tvalairenoti"]},"category_info":"<a href=\"http:\/\/tvalaire.com\/?cat=1\" rel=\"category\">La Piedad<\/a>","tag_info":"La Piedad","comment_count":"0","jetpack_featured_media_url":"http:\/\/tvalaire.com\/wp-content\/uploads\/2020\/04\/2-2.jpeg","_links":{"self":[{"href":"http:\/\/tvalaire.com\/index.php?rest_route=\/wp\/v2\/posts\/6761"}],"collection":[{"href":"http:\/\/tvalaire.com\/index.php?rest_route=\/wp\/v2\/posts"}],"about":[{"href":"http:\/\/tvalaire.com\/index.php?rest_route=\/wp\/v2\/types\/post"}],"author":[{"embeddable":true,"href":"http:\/\/tvalaire.com\/index.php?rest_route=\/wp\/v2\/users\/1"}],"replies":[{"embeddable":true,"href":"http:\/\/tvalaire.com\/index.php?rest_route=%2Fwp%2Fv2%2Fcomments&post=6761"}],"version-history":[{"count":1,"href":"http:\/\/tvalaire.com\/index.php?rest_route=\/wp\/v2\/posts\/6761\/revisions"}],"predecessor-version":[{"id":6763,"href":"http:\/\/tvalaire.com\/index.php?rest_route=\/wp\/v2\/posts\/6761\/revisions\/6763"}],"wp:featuredmedia":[{"embeddable":true,"href":"http:\/\/tvalaire.com\/index.php?rest_route=\/wp\/v2\/media\/6762"}],"wp:attachment":[{"href":"http:\/\/tvalaire.com\/index.php?rest_route=%2Fwp%2Fv2%2Fmedia&parent=6761"}],"wp:term":[{"taxonomy":"category","embeddable":true,"href":"http:\/\/tvalaire.com\/index.php?rest_route=%2Fwp%2Fv2%2Fcategories&post=6761"},{"taxonomy":"post_tag","embeddable":true,"href":"http:\/\/tvalaire.com\/index.php?rest_route=%2Fwp%2Fv2%2Ftags&post=6761"}],"curies":[{"name":"wp","href":"https:\/\/api.w.org\/{rel}","templated":true}]}}