{"id":6733,"date":"2020-04-22T11:15:00","date_gmt":"2020-04-22T16:15:00","guid":{"rendered":"http:\/\/tvalaire.com\/?p=6733"},"modified":"2020-04-24T11:16:54","modified_gmt":"2020-04-24T16:16:54","slug":"realizan-mesa-de-trabajo-con-hospitales-del-municipio-de-la-piedad","status":"publish","type":"post","link":"http:\/\/tvalaire.com\/?p=6733","title":{"rendered":"REALIZAN MESA DE TRABAJO CON HOSPITALES DEL MUNICIPIO DE LA PIEDAD"},"content":{"rendered":"\n<p><\/p>\n\n\n\n<ul class=\"wp-block-list\"><li><strong>Apuestan doctores a una mayor coordinaci\u00f3n al\ndecretarse fase 3<\/strong><\/li><li><strong>Plantean creaci\u00f3n de centro de confinamiento\npara personal m\u00e9dico<\/strong><\/li><\/ul>\n\n\n\n<p>Nuestro presidente municipal,\nAlex Espinoza, sostuvo una reuni\u00f3n de trabajo con los directores de los\nhospitales p\u00fablicos y privados para atender los posibles casos de COVID-19,\ntras decretarse la fase 3 por el Gobierno Federal.<\/p>\n\n\n\n<p>El mun\u00edcipe logr\u00f3 escuchar las\ninquietudes de los doctores, que en su mayor\u00eda estaban enfocadas en\ngarantizarles seguridad y crear un programa de conexi\u00f3n m\u00e9dica.<\/p>\n\n\n\n<p>En la mesa de trabajo se acord\u00f3\nque el pr\u00f3ximo lunes se sostendr\u00e1 la siguiente reuni\u00f3n para ver la viabilidad\nde las propuestas planteadas, una de ellas es crear un lugar de descanso para\nlos m\u00e9dicos y enfermeras, que los mantenga aislados de sus familias.<\/p>\n\n\n\n<p>\u201cQueremos saber cu\u00e1les son los\nprotocolos, sobre todo con las autoridades de auxilio que pueden pedir ayuda o\nservicio m\u00e9dico, por contar con alg\u00fan s\u00edntoma. Pero tambi\u00e9n queremos que los\nm\u00e9dicos se sientan seguros en La Piedad, que sepan que, por atender a los\npacientes de Coronavirus, ser\u00e1n respetados por toda la ciudadan\u00eda\u201d, dijo el\nprimer edil.<\/p>\n\n\n\n<p>La reuni\u00f3n se realiz\u00f3 en la\nEscuela de Artes y cont\u00f3 con todos los encargados de los hospitales p\u00fablicos y\nprivados del municipio, entre ellos el IMSS, ISSSTE, Hospital Regional, Hospital\nde Alta Especialidades, Hospital Santa Mar\u00eda, Centro M\u00e9dico, Cl\u00ednica del\nCarmen, Hospital San \u00c1ngel, entre otras.<\/p>\n","protected":false},"excerpt":{"rendered":"<p>Apuestan doctores a una mayor coordinaci\u00f3n al decretarse fase 3 Plantean creaci\u00f3n de centro de&#8230;<\/p>\n","protected":false},"author":1,"featured_media":6736,"comment_status":"open","ping_status":"open","sticky":false,"template":"","format":"standard","meta":{"jetpack_post_was_ever_published":false,"_jetpack_newsletter_access":"","_jetpack_dont_email_post_to_subs":false,"_jetpack_newsletter_tier_id":0,"_jetpack_memberships_contains_paywalled_content":false,"_jetpack_memberships_contains_paid_content":false,"footnotes":"","jetpack_publicize_message":"","jetpack_publicize_feature_enabled":true,"jetpack_social_post_already_shared":false,"jetpack_social_options":{"image_generator_settings":{"template":"highway","enabled":false},"version":2}},"categories":[1],"tags":[15,36],"class_list":["post-6733","post","type-post","status-publish","format-standard","has-post-thumbnail","hentry","category-la-piedad","tag-la-piedad","tag-principales"],"jetpack_publicize_connections":[],"jetpack_sharing_enabled":true,"featured_image_urls":{"full":["http:\/\/tvalaire.com\/wp-content\/uploads\/2020\/04\/1-3-4.jpeg",1280,720,false],"thumbnail":["http:\/\/tvalaire.com\/wp-content\/uploads\/2020\/04\/1-3-4-150x150.jpeg",150,150,true],"medium":["http:\/\/tvalaire.com\/wp-content\/uploads\/2020\/04\/1-3-4-300x169.jpeg",300,169,true],"medium_large":["http:\/\/tvalaire.com\/wp-content\/uploads\/2020\/04\/1-3-4-768x432.jpeg",640,360,true],"large":["http:\/\/tvalaire.com\/wp-content\/uploads\/2020\/04\/1-3-4-1024x576.jpeg",640,360,true],"post-slider-thumb-size":["http:\/\/tvalaire.com\/wp-content\/uploads\/2020\/04\/1-3-4-330x190.jpeg",330,190,true],"post-category-slider-size":["http:\/\/tvalaire.com\/wp-content\/uploads\/2020\/04\/1-3-4.jpeg",330,186,false],"1536x1536":["http:\/\/tvalaire.com\/wp-content\/uploads\/2020\/04\/1-3-4.jpeg",1280,720,false],"2048x2048":["http:\/\/tvalaire.com\/wp-content\/uploads\/2020\/04\/1-3-4.jpeg",1280,720,false],"newsium-slider-full":["http:\/\/tvalaire.com\/wp-content\/uploads\/2020\/04\/1-3-4.jpeg",1280,720,false],"newsium-featured":["http:\/\/tvalaire.com\/wp-content\/uploads\/2020\/04\/1-3-4-1024x576.jpeg",1024,576,true],"newsium-medium":["http:\/\/tvalaire.com\/wp-content\/uploads\/2020\/04\/1-3-4-720x475.jpeg",720,475,true]},"author_info":{"info":["tvalairenoti"]},"category_info":"<a href=\"http:\/\/tvalaire.com\/?cat=1\" rel=\"category\">La Piedad<\/a>","tag_info":"La Piedad","comment_count":"0","jetpack_featured_media_url":"http:\/\/tvalaire.com\/wp-content\/uploads\/2020\/04\/1-3-4.jpeg","_links":{"self":[{"href":"http:\/\/tvalaire.com\/index.php?rest_route=\/wp\/v2\/posts\/6733"}],"collection":[{"href":"http:\/\/tvalaire.com\/index.php?rest_route=\/wp\/v2\/posts"}],"about":[{"href":"http:\/\/tvalaire.com\/index.php?rest_route=\/wp\/v2\/types\/post"}],"author":[{"embeddable":true,"href":"http:\/\/tvalaire.com\/index.php?rest_route=\/wp\/v2\/users\/1"}],"replies":[{"embeddable":true,"href":"http:\/\/tvalaire.com\/index.php?rest_route=%2Fwp%2Fv2%2Fcomments&post=6733"}],"version-history":[{"count":1,"href":"http:\/\/tvalaire.com\/index.php?rest_route=\/wp\/v2\/posts\/6733\/revisions"}],"predecessor-version":[{"id":6738,"href":"http:\/\/tvalaire.com\/index.php?rest_route=\/wp\/v2\/posts\/6733\/revisions\/6738"}],"wp:featuredmedia":[{"embeddable":true,"href":"http:\/\/tvalaire.com\/index.php?rest_route=\/wp\/v2\/media\/6736"}],"wp:attachment":[{"href":"http:\/\/tvalaire.com\/index.php?rest_route=%2Fwp%2Fv2%2Fmedia&parent=6733"}],"wp:term":[{"taxonomy":"category","embeddable":true,"href":"http:\/\/tvalaire.com\/index.php?rest_route=%2Fwp%2Fv2%2Fcategories&post=6733"},{"taxonomy":"post_tag","embeddable":true,"href":"http:\/\/tvalaire.com\/index.php?rest_route=%2Fwp%2Fv2%2Ftags&post=6733"}],"curies":[{"name":"wp","href":"https:\/\/api.w.org\/{rel}","templated":true}]}}