{"id":6697,"date":"2020-04-20T16:13:41","date_gmt":"2020-04-20T21:13:41","guid":{"rendered":"http:\/\/tvalaire.com\/?p=6697"},"modified":"2020-04-20T16:13:45","modified_gmt":"2020-04-20T21:13:45","slug":"exhorta-conagua-a-cuidar-el-agua-durante-esta-contingencia","status":"publish","type":"post","link":"http:\/\/tvalaire.com\/?p=6697","title":{"rendered":"EXHORTA CONAGUA A CUIDAR EL AGUA DURANTE ESTA CONTINGENCIA"},"content":{"rendered":"\n<p><\/p>\n\n\n\n<ul class=\"wp-block-list\"><li><strong>Pide a la sociedad el ahorro y uso eficiente del agua<\/strong><\/li><li><strong>Reconocen incremento de la demanda de agua potable en\nel pa\u00eds<\/strong><\/li><\/ul>\n\n\n\n<p>La\ndirectora general de la Comisi\u00f3n Nacional del Agua (Conagua), Blanca Jim\u00e9nez\nCisneros, a trav\u00e9s del Sistema de Agua Potable Alcantarillado y Saneamiento\n(SAPAS), hizo un llamado para que la sociedad mexicana y las autoridades en sus\ndiferentes \u00f3rdenes refuercen el ahorro y el uso eficiente del agua para\nenfrentar la actual contingencia por el COVID-19.<\/p>\n\n\n\n<p>A\ntrav\u00e9s de un oficio, la titular hace \u00e9nfasis en que las acciones de higiene han\nincrementado la demanda de agua potable en el pa\u00eds, pero el volumen en los\nsistemas de distribuci\u00f3n sigue siendo el mismo. Agreg\u00f3 que, en las casas y\ntrabajos, adem\u00e1s de reparar fugas, los ciudadanos deben realizar peque\u00f1as\nacciones como cerrar la llave cuando las personas se enjabonan las manos, reusar\nel agua y reducir al m\u00e1ximo actividades no primordiales como el lavado de\ncoches y el riego de jardines.<\/p>\n\n\n\n<p>Resalt\u00f3\nque hoy m\u00e1s que nunca el agua debe usarse para atender las necesidades b\u00e1sicas\nde las personas, para ello se tendr\u00e1n que hacer ajustes, ya que, ante el\nincremento en las medidas de higiene, las personas se lavan las manos con m\u00e1s\nfrecuencia, se ba\u00f1en m\u00e1s de una vez al d\u00eda y limpian sus hogares y \u00e1reas de\ntrabajo m\u00e1s seguido. <\/p>\n\n\n\n<p>Por\nparte el director del organismo operador en la ciudad, Jorge Rubio Olivares,\nindic\u00f3 que se sigue trabajando para fortalecer el mantenimiento de las\ninstalaciones para el manejo del agua, reducir las fugas que provocan su\ndesperdicio y su contaminaci\u00f3n. <\/p>\n\n\n\n<p>La\nfalta de atenci\u00f3n a estas medidas reduce la posibilidad de que el agua llegue a\nhospitales y hogares vulnerables, por lo que reiter\u00f3 su compromiso con la\nestrategia nacional para enfrentar esta contingencia y anunci\u00f3 que seguir\u00e1\ntrabajando para apoyar el abasto y la disponibilidad del agua potable para la\npoblaci\u00f3n.<\/p>\n","protected":false},"excerpt":{"rendered":"<p>Pide a la sociedad el ahorro y uso eficiente del agua Reconocen incremento de la&#8230;<\/p>\n","protected":false},"author":1,"featured_media":6698,"comment_status":"open","ping_status":"open","sticky":false,"template":"","format":"standard","meta":{"jetpack_post_was_ever_published":false,"_jetpack_newsletter_access":"","_jetpack_dont_email_post_to_subs":false,"_jetpack_newsletter_tier_id":0,"_jetpack_memberships_contains_paywalled_content":false,"_jetpack_memberships_contains_paid_content":false,"footnotes":"","jetpack_publicize_message":"","jetpack_publicize_feature_enabled":true,"jetpack_social_post_already_shared":false,"jetpack_social_options":{"image_generator_settings":{"template":"highway","enabled":false},"version":2}},"categories":[1],"tags":[15,36],"class_list":["post-6697","post","type-post","status-publish","format-standard","has-post-thumbnail","hentry","category-la-piedad","tag-la-piedad","tag-principales"],"jetpack_publicize_connections":[],"jetpack_sharing_enabled":true,"featured_image_urls":{"full":["http:\/\/tvalaire.com\/wp-content\/uploads\/2020\/04\/1.jpg",1728,1152,false],"thumbnail":["http:\/\/tvalaire.com\/wp-content\/uploads\/2020\/04\/1-150x150.jpg",150,150,true],"medium":["http:\/\/tvalaire.com\/wp-content\/uploads\/2020\/04\/1-300x200.jpg",300,200,true],"medium_large":["http:\/\/tvalaire.com\/wp-content\/uploads\/2020\/04\/1-768x512.jpg",640,427,true],"large":["http:\/\/tvalaire.com\/wp-content\/uploads\/2020\/04\/1-1024x683.jpg",640,427,true],"post-slider-thumb-size":["http:\/\/tvalaire.com\/wp-content\/uploads\/2020\/04\/1-330x190.jpg",330,190,true],"post-category-slider-size":["http:\/\/tvalaire.com\/wp-content\/uploads\/2020\/04\/1.jpg",330,220,false],"1536x1536":["http:\/\/tvalaire.com\/wp-content\/uploads\/2020\/04\/1-1536x1024.jpg",1536,1024,true],"2048x2048":["http:\/\/tvalaire.com\/wp-content\/uploads\/2020\/04\/1.jpg",1728,1152,false],"newsium-slider-full":["http:\/\/tvalaire.com\/wp-content\/uploads\/2020\/04\/1-1280x845.jpg",1280,845,true],"newsium-featured":["http:\/\/tvalaire.com\/wp-content\/uploads\/2020\/04\/1-1024x683.jpg",1024,683,true],"newsium-medium":["http:\/\/tvalaire.com\/wp-content\/uploads\/2020\/04\/1-720x475.jpg",720,475,true]},"author_info":{"info":["tvalairenoti"]},"category_info":"<a href=\"http:\/\/tvalaire.com\/?cat=1\" rel=\"category\">La Piedad<\/a>","tag_info":"La Piedad","comment_count":"0","jetpack_featured_media_url":"http:\/\/tvalaire.com\/wp-content\/uploads\/2020\/04\/1.jpg","_links":{"self":[{"href":"http:\/\/tvalaire.com\/index.php?rest_route=\/wp\/v2\/posts\/6697"}],"collection":[{"href":"http:\/\/tvalaire.com\/index.php?rest_route=\/wp\/v2\/posts"}],"about":[{"href":"http:\/\/tvalaire.com\/index.php?rest_route=\/wp\/v2\/types\/post"}],"author":[{"embeddable":true,"href":"http:\/\/tvalaire.com\/index.php?rest_route=\/wp\/v2\/users\/1"}],"replies":[{"embeddable":true,"href":"http:\/\/tvalaire.com\/index.php?rest_route=%2Fwp%2Fv2%2Fcomments&post=6697"}],"version-history":[{"count":1,"href":"http:\/\/tvalaire.com\/index.php?rest_route=\/wp\/v2\/posts\/6697\/revisions"}],"predecessor-version":[{"id":6699,"href":"http:\/\/tvalaire.com\/index.php?rest_route=\/wp\/v2\/posts\/6697\/revisions\/6699"}],"wp:featuredmedia":[{"embeddable":true,"href":"http:\/\/tvalaire.com\/index.php?rest_route=\/wp\/v2\/media\/6698"}],"wp:attachment":[{"href":"http:\/\/tvalaire.com\/index.php?rest_route=%2Fwp%2Fv2%2Fmedia&parent=6697"}],"wp:term":[{"taxonomy":"category","embeddable":true,"href":"http:\/\/tvalaire.com\/index.php?rest_route=%2Fwp%2Fv2%2Fcategories&post=6697"},{"taxonomy":"post_tag","embeddable":true,"href":"http:\/\/tvalaire.com\/index.php?rest_route=%2Fwp%2Fv2%2Ftags&post=6697"}],"curies":[{"name":"wp","href":"https:\/\/api.w.org\/{rel}","templated":true}]}}