{"id":6694,"date":"2020-04-17T16:11:00","date_gmt":"2020-04-17T21:11:00","guid":{"rendered":"http:\/\/tvalaire.com\/?p=6694"},"modified":"2020-04-20T16:12:36","modified_gmt":"2020-04-20T21:12:36","slug":"inmovilizan-productos-no-esenciales-en-tiendas-de-autoservicio","status":"publish","type":"post","link":"http:\/\/tvalaire.com\/?p=6694","title":{"rendered":"INMOVILIZAN PRODUCTOS NO ESENCIALES EN TIENDAS DE AUTOSERVICIO"},"content":{"rendered":"\n<p><\/p>\n\n\n\n<ul class=\"wp-block-list\"><li><strong>Se busca crear igualdad con quienes cerraron\nsus negocios<\/strong><\/li><li><strong>Quien viole la norma ser\u00e1 multado por la\nDirecci\u00f3n de Reglamentos<\/strong><\/li><\/ul>\n\n\n\n<p>El Gobierno Municipal a trav\u00e9s de\nla Secretar\u00eda del Ayuntamiento, supervis\u00f3 las tiendas de autoservicio para\ninmovilizar la venta de productos no esenciales y as\u00ed cumplir con el decreto\nfederal.<\/p>\n\n\n\n<p>A la par, tambi\u00e9n se busca dar\nigualdad para con los peque\u00f1os comercios que cerraron para cumplir a cabalidad\ncon la contingencia sanitaria.<\/p>\n\n\n\n<p>El operativo fue encabezado por\nel secretario del Ayuntamiento, Samuel Hidalgo Gallardo, mismo que afirm\u00f3 que\ncon anticipaci\u00f3n se les hab\u00eda informado a los centros de abasto <\/p>\n\n\n\n<p>\u201cQueremos que haya la igualdad de\ncompetencia con los comercios que han cerrado. No podr\u00e1n vender ropa,\nelectr\u00f3nica, vinos y licores, juguetes, as\u00ed como todo aquello que no es\nesencial\u201d, dijo.<\/p>\n\n\n\n<p>De infringir la venta de estos\nproductos, la Direcci\u00f3n de Reglamentos aplicar\u00e1 una sanci\u00f3n, misma que va desde\nla multa econ\u00f3mica, cancelaci\u00f3n de licencia de vinos y alcohol, hasta la\nclausura.<\/p>\n\n\n\n<p>Para garantizar que estos\nproductos no sean puestos en venta, el Gobierno Municipal inmoviliz\u00f3 todos\naquellos departamentos no esenciales.<\/p>\n\n\n\n<p>En tanto, los encargados de\ndichos centros aceptaron no hacer venta de tales productos y apegarse al\ndecreto federal.<\/p>\n\n\n\n<p>En la visita a las tiendas de\nautoservicio tambi\u00e9n estuvo el director de Reglamentos, Jos\u00e9 Luis Ortiz\nCoronado, el director de Seguridad P\u00fablica, Carlos Ascencio.<\/p>\n","protected":false},"excerpt":{"rendered":"<p>Se busca crear igualdad con quienes cerraron sus negocios Quien viole la norma ser\u00e1 multado&#8230;<\/p>\n","protected":false},"author":1,"featured_media":6695,"comment_status":"open","ping_status":"open","sticky":false,"template":"","format":"standard","meta":{"jetpack_post_was_ever_published":false,"_jetpack_newsletter_access":"","_jetpack_dont_email_post_to_subs":false,"_jetpack_newsletter_tier_id":0,"_jetpack_memberships_contains_paywalled_content":false,"_jetpack_memberships_contains_paid_content":false,"footnotes":"","jetpack_publicize_message":"","jetpack_publicize_feature_enabled":true,"jetpack_social_post_already_shared":false,"jetpack_social_options":{"image_generator_settings":{"template":"highway","enabled":false},"version":2}},"categories":[1],"tags":[15,36],"class_list":["post-6694","post","type-post","status-publish","format-standard","has-post-thumbnail","hentry","category-la-piedad","tag-la-piedad","tag-principales"],"jetpack_publicize_connections":[],"jetpack_sharing_enabled":true,"featured_image_urls":{"full":["http:\/\/tvalaire.com\/wp-content\/uploads\/2020\/04\/WhatsApp-Image-2020-04-17-at-6.28.53-PM.jpeg",1280,720,false],"thumbnail":["http:\/\/tvalaire.com\/wp-content\/uploads\/2020\/04\/WhatsApp-Image-2020-04-17-at-6.28.53-PM-150x150.jpeg",150,150,true],"medium":["http:\/\/tvalaire.com\/wp-content\/uploads\/2020\/04\/WhatsApp-Image-2020-04-17-at-6.28.53-PM-300x169.jpeg",300,169,true],"medium_large":["http:\/\/tvalaire.com\/wp-content\/uploads\/2020\/04\/WhatsApp-Image-2020-04-17-at-6.28.53-PM-768x432.jpeg",640,360,true],"large":["http:\/\/tvalaire.com\/wp-content\/uploads\/2020\/04\/WhatsApp-Image-2020-04-17-at-6.28.53-PM-1024x576.jpeg",640,360,true],"post-slider-thumb-size":["http:\/\/tvalaire.com\/wp-content\/uploads\/2020\/04\/WhatsApp-Image-2020-04-17-at-6.28.53-PM-330x190.jpeg",330,190,true],"post-category-slider-size":["http:\/\/tvalaire.com\/wp-content\/uploads\/2020\/04\/WhatsApp-Image-2020-04-17-at-6.28.53-PM.jpeg",330,186,false],"1536x1536":["http:\/\/tvalaire.com\/wp-content\/uploads\/2020\/04\/WhatsApp-Image-2020-04-17-at-6.28.53-PM.jpeg",1280,720,false],"2048x2048":["http:\/\/tvalaire.com\/wp-content\/uploads\/2020\/04\/WhatsApp-Image-2020-04-17-at-6.28.53-PM.jpeg",1280,720,false],"newsium-slider-full":["http:\/\/tvalaire.com\/wp-content\/uploads\/2020\/04\/WhatsApp-Image-2020-04-17-at-6.28.53-PM.jpeg",1280,720,false],"newsium-featured":["http:\/\/tvalaire.com\/wp-content\/uploads\/2020\/04\/WhatsApp-Image-2020-04-17-at-6.28.53-PM-1024x576.jpeg",1024,576,true],"newsium-medium":["http:\/\/tvalaire.com\/wp-content\/uploads\/2020\/04\/WhatsApp-Image-2020-04-17-at-6.28.53-PM-720x475.jpeg",720,475,true]},"author_info":{"info":["tvalairenoti"]},"category_info":"<a href=\"http:\/\/tvalaire.com\/?cat=1\" rel=\"category\">La Piedad<\/a>","tag_info":"La Piedad","comment_count":"0","jetpack_featured_media_url":"http:\/\/tvalaire.com\/wp-content\/uploads\/2020\/04\/WhatsApp-Image-2020-04-17-at-6.28.53-PM.jpeg","_links":{"self":[{"href":"http:\/\/tvalaire.com\/index.php?rest_route=\/wp\/v2\/posts\/6694"}],"collection":[{"href":"http:\/\/tvalaire.com\/index.php?rest_route=\/wp\/v2\/posts"}],"about":[{"href":"http:\/\/tvalaire.com\/index.php?rest_route=\/wp\/v2\/types\/post"}],"author":[{"embeddable":true,"href":"http:\/\/tvalaire.com\/index.php?rest_route=\/wp\/v2\/users\/1"}],"replies":[{"embeddable":true,"href":"http:\/\/tvalaire.com\/index.php?rest_route=%2Fwp%2Fv2%2Fcomments&post=6694"}],"version-history":[{"count":1,"href":"http:\/\/tvalaire.com\/index.php?rest_route=\/wp\/v2\/posts\/6694\/revisions"}],"predecessor-version":[{"id":6696,"href":"http:\/\/tvalaire.com\/index.php?rest_route=\/wp\/v2\/posts\/6694\/revisions\/6696"}],"wp:featuredmedia":[{"embeddable":true,"href":"http:\/\/tvalaire.com\/index.php?rest_route=\/wp\/v2\/media\/6695"}],"wp:attachment":[{"href":"http:\/\/tvalaire.com\/index.php?rest_route=%2Fwp%2Fv2%2Fmedia&parent=6694"}],"wp:term":[{"taxonomy":"category","embeddable":true,"href":"http:\/\/tvalaire.com\/index.php?rest_route=%2Fwp%2Fv2%2Fcategories&post=6694"},{"taxonomy":"post_tag","embeddable":true,"href":"http:\/\/tvalaire.com\/index.php?rest_route=%2Fwp%2Fv2%2Ftags&post=6694"}],"curies":[{"name":"wp","href":"https:\/\/api.w.org\/{rel}","templated":true}]}}