{"id":666,"date":"2017-03-01T09:18:56","date_gmt":"2017-03-01T15:18:56","guid":{"rendered":"http:\/\/tvalaire.com\/?p=666"},"modified":"2017-03-01T09:18:56","modified_gmt":"2017-03-01T15:18:56","slug":"eligen-al-nuevo-dirigente-de-cincom-en-la-piedad","status":"publish","type":"post","link":"http:\/\/tvalaire.com\/?p=666","title":{"rendered":"ELIGEN AL NUEVO DIRIGENTE DE CINCOM EN LA PIEDAD"},"content":{"rendered":"<p class=\"xmsonormal\" style=\"text-align: center; background: white;\" align=\"center\">\n<p class=\"xmsonormal\" style=\"text-align: justify; background: white; font-variant-ligatures: normal; font-variant-caps: normal; orphans: 2; widows: 2; -webkit-text-stroke-width: 0px; word-spacing: 0px;\"><span style=\"font-size: 13.0pt; font-family: 'Arial','sans-serif'; color: #212121;\">En sesi\u00f3n solemne integrantes del Centro de Innovaci\u00f3n y Competitividad (CINCOM), eligieron como su nuevo dirigente a Jorge Garc\u00eda \u00c1lvarez, quien vendr\u00e1 a sustituir el trabajo que realiz\u00f3 Jorge Romo L\u00f3pez.<\/span><\/p>\n<p class=\"xmsonormal\" style=\"text-align: justify; background: white;\"><span style=\"font-size: 13.0pt; font-family: 'Arial','sans-serif'; color: #212121;\">Durante la reuni\u00f3n se cont\u00f3 tambi\u00e9n con el Alcalde Juan Manuel Estrada Medina, quien fue invitado para participar como Secretario de este Centro de Innovaci\u00f3n local que busca incrementar la capacidad de las empresas de la regi\u00f3n para que \u00e9stas puedan competir con \u00e9xito en la econom\u00eda global, teniendo como pilar principal a la innovaci\u00f3n a trav\u00e9s de tres ejes de aplicaci\u00f3n que son emprendimiento, gesti\u00f3n de proyectos ante la iniciativa p\u00fablica y privada y las exportaciones.<\/span><\/p>\n<p class=\"xmsonormal\" style=\"text-align: justify; background: white;\"><span style=\"font-size: 13.0pt; font-family: 'Arial','sans-serif'; color: #212121;\">Para ello, el CINCOM ofrece apoyo con en la asesor\u00eda de los tr\u00e1mites y procedimientos que deben realizar.<\/span><\/p>\n<p class=\"xmsonormal\" style=\"text-align: justify; background: white;\"><span style=\"font-size: 13.0pt; font-family: 'Arial','sans-serif'; color: #212121;\">El objetivo de CINCOM, es la producci\u00f3n de la innovaci\u00f3n, investigaci\u00f3n cient\u00edfica y tecnol\u00f3gica, as\u00ed como su debida difusi\u00f3n y divulgaci\u00f3n, acerca de las condiciones y problemas locales, nacionales e internacionales, de las empresas y elevar la calidad de vida de los seres humanos a trav\u00e9s de la mejora de los procesos dentro de las empresas para hacerlas m\u00e1s competitivas.<\/span><\/p>\n<p class=\"xmsonormal\" style=\"text-align: justify; background: white;\"><span style=\"font-size: 13.0pt; font-family: 'Arial','sans-serif'; color: #212121;\">El Presidente Municipal, Juan Manuel Estrada Medina en su intervenci\u00f3n se dirigi\u00f3 a los integrantes de forma clara para expresar que su inter\u00e9s es trabajar en pro de la poblaci\u00f3n que es para quien trabaja ahora.<\/span><\/p>\n<p class=\"xmsonormal\" style=\"text-align: justify; background: white;\"><span style=\"font-size: 13.0pt; font-family: 'Arial','sans-serif'; color: #212121;\">Reconoci\u00f3 a su vez el trabajo de Francisco Romo por la labor que hizo al frente de este centro de innovaci\u00f3n, pues destac\u00f3 que todas las actividades que realiza las logra, de ah\u00ed que siempre le ha apostado a los j\u00f3venes y felicit\u00f3 a todos los integrantes por luchar por un solo fin, que es la de emprendimiento y la gesti\u00f3n de nuevos proyectos para La Piedad.<\/span><\/p>\n<p class=\"xmsonormal\" style=\"text-align: justify; background: white;\"><span style=\"font-size: 13.0pt; font-family: 'Arial','sans-serif'; color: #212121;\">Jorge Garc\u00eda \u00c1lvarez agradeci\u00f3 a Francisco Romo por invitarlo a este centro pues es una oportunidad para los j\u00f3venes quienes tienen la capacidad y visi\u00f3n diferente, pero requieren tambi\u00e9n del apoyo de los m\u00e1s grandes por el dinamismo que tienen.<\/span><\/p>\n<p class=\"xmsonormal\" style=\"text-align: justify; background: white;\"><span style=\"font-size: 13.0pt; font-family: 'Arial','sans-serif'; color: #212121;\">Se\u00f1al\u00f3 que la estafeta que le asignan es muy importante y se habr\u00e1 de enfocar a horizontes nuevos pero requerir\u00e1 de todas las instituciones educativas de nivel medio superior y superior, as\u00ed como del Presidente Municipal quien es a su vez el Secretario de CINCOM, pues lo que busca es apoyar a los j\u00f3venes para que su objetivo no es ser trabajadores, sino darles las herramientas para que generen su propia empresa ya que en La Piedad hay mucho talento.<\/span><\/p>\n<p class=\"xmsonormal\" style=\"text-align: justify; background: white;\"><span style=\"font-size: 13.0pt; font-family: 'Arial','sans-serif'; color: #212121;\">Durante la reuni\u00f3n tambi\u00e9n se cont\u00f3 con la presencia del notario, Alejandro Tinoco \u00c1lvarez, Alfredo Celis L\u00f3pez, Francisco Morales, Mar\u00eda Margarita L\u00f3pez y Mar\u00eda del Carmen Garc\u00eda, entre otros.<\/span><\/p>\n<p class=\"xmsonormal\" style=\"text-align: justify; background: white;\">\n<p class=\"xmsonormal\" style=\"text-align: justify; background: white;\"><img loading=\"lazy\" decoding=\"async\" class=\"alignnone size-medium wp-image-668\" src=\"http:\/\/tvalaire.com\/wp-content\/uploads\/2017\/03\/ELIGEN-AL-NUEVO-DIRIGENTE-DE-CINCOM-EN-LA-PIEDAD2-300x200.jpg\" alt=\"\" width=\"300\" height=\"200\" srcset=\"http:\/\/tvalaire.com\/wp-content\/uploads\/2017\/03\/ELIGEN-AL-NUEVO-DIRIGENTE-DE-CINCOM-EN-LA-PIEDAD2-300x200.jpg 300w, http:\/\/tvalaire.com\/wp-content\/uploads\/2017\/03\/ELIGEN-AL-NUEVO-DIRIGENTE-DE-CINCOM-EN-LA-PIEDAD2-768x512.jpg 768w, http:\/\/tvalaire.com\/wp-content\/uploads\/2017\/03\/ELIGEN-AL-NUEVO-DIRIGENTE-DE-CINCOM-EN-LA-PIEDAD2-1024x683.jpg 1024w, http:\/\/tvalaire.com\/wp-content\/uploads\/2017\/03\/ELIGEN-AL-NUEVO-DIRIGENTE-DE-CINCOM-EN-LA-PIEDAD2.jpg 1299w\" sizes=\"(max-width: 300px) 100vw, 300px\" \/><\/p>\n","protected":false},"excerpt":{"rendered":"<p>En sesi\u00f3n solemne integrantes del Centro de Innovaci\u00f3n y Competitividad (CINCOM), eligieron como su nuevo&#8230;<\/p>\n","protected":false},"author":1,"featured_media":667,"comment_status":"open","ping_status":"open","sticky":false,"template":"","format":"standard","meta":{"jetpack_post_was_ever_published":false,"_jetpack_newsletter_access":"","_jetpack_dont_email_post_to_subs":false,"_jetpack_newsletter_tier_id":0,"_jetpack_memberships_contains_paywalled_content":false,"_jetpack_memberships_contains_paid_content":false,"footnotes":"","jetpack_publicize_message":"","jetpack_publicize_feature_enabled":true,"jetpack_social_post_already_shared":false,"jetpack_social_options":{"image_generator_settings":{"template":"highway","enabled":false},"version":2}},"categories":[1],"tags":[15,36],"class_list":["post-666","post","type-post","status-publish","format-standard","has-post-thumbnail","hentry","category-la-piedad","tag-la-piedad","tag-principales"],"jetpack_publicize_connections":[],"jetpack_sharing_enabled":true,"featured_image_urls":{"full":["http:\/\/tvalaire.com\/wp-content\/uploads\/2017\/03\/ELIGEN-AL-NUEVO-DIRIGENTE-DE-CINCOM-EN-LA-PIEDAD.jpg",1299,866,false],"thumbnail":["http:\/\/tvalaire.com\/wp-content\/uploads\/2017\/03\/ELIGEN-AL-NUEVO-DIRIGENTE-DE-CINCOM-EN-LA-PIEDAD-150x150.jpg",150,150,true],"medium":["http:\/\/tvalaire.com\/wp-content\/uploads\/2017\/03\/ELIGEN-AL-NUEVO-DIRIGENTE-DE-CINCOM-EN-LA-PIEDAD-300x200.jpg",300,200,true],"medium_large":["http:\/\/tvalaire.com\/wp-content\/uploads\/2017\/03\/ELIGEN-AL-NUEVO-DIRIGENTE-DE-CINCOM-EN-LA-PIEDAD-768x512.jpg",640,427,true],"large":["http:\/\/tvalaire.com\/wp-content\/uploads\/2017\/03\/ELIGEN-AL-NUEVO-DIRIGENTE-DE-CINCOM-EN-LA-PIEDAD-1024x683.jpg",640,427,true],"post-slider-thumb-size":["http:\/\/tvalaire.com\/wp-content\/uploads\/2017\/03\/ELIGEN-AL-NUEVO-DIRIGENTE-DE-CINCOM-EN-LA-PIEDAD.jpg",285,190,false],"post-category-slider-size":["http:\/\/tvalaire.com\/wp-content\/uploads\/2017\/03\/ELIGEN-AL-NUEVO-DIRIGENTE-DE-CINCOM-EN-LA-PIEDAD.jpg",330,220,false],"1536x1536":["http:\/\/tvalaire.com\/wp-content\/uploads\/2017\/03\/ELIGEN-AL-NUEVO-DIRIGENTE-DE-CINCOM-EN-LA-PIEDAD.jpg",1299,866,false],"2048x2048":["http:\/\/tvalaire.com\/wp-content\/uploads\/2017\/03\/ELIGEN-AL-NUEVO-DIRIGENTE-DE-CINCOM-EN-LA-PIEDAD.jpg",1299,866,false],"newsium-slider-full":["http:\/\/tvalaire.com\/wp-content\/uploads\/2017\/03\/ELIGEN-AL-NUEVO-DIRIGENTE-DE-CINCOM-EN-LA-PIEDAD.jpg",1268,845,false],"newsium-featured":["http:\/\/tvalaire.com\/wp-content\/uploads\/2017\/03\/ELIGEN-AL-NUEVO-DIRIGENTE-DE-CINCOM-EN-LA-PIEDAD.jpg",1024,683,false],"newsium-medium":["http:\/\/tvalaire.com\/wp-content\/uploads\/2017\/03\/ELIGEN-AL-NUEVO-DIRIGENTE-DE-CINCOM-EN-LA-PIEDAD.jpg",713,475,false]},"author_info":{"info":["tvalairenoti"]},"category_info":"<a href=\"http:\/\/tvalaire.com\/?cat=1\" rel=\"category\">La Piedad<\/a>","tag_info":"La Piedad","comment_count":"0","jetpack_featured_media_url":"http:\/\/tvalaire.com\/wp-content\/uploads\/2017\/03\/ELIGEN-AL-NUEVO-DIRIGENTE-DE-CINCOM-EN-LA-PIEDAD.jpg","_links":{"self":[{"href":"http:\/\/tvalaire.com\/index.php?rest_route=\/wp\/v2\/posts\/666"}],"collection":[{"href":"http:\/\/tvalaire.com\/index.php?rest_route=\/wp\/v2\/posts"}],"about":[{"href":"http:\/\/tvalaire.com\/index.php?rest_route=\/wp\/v2\/types\/post"}],"author":[{"embeddable":true,"href":"http:\/\/tvalaire.com\/index.php?rest_route=\/wp\/v2\/users\/1"}],"replies":[{"embeddable":true,"href":"http:\/\/tvalaire.com\/index.php?rest_route=%2Fwp%2Fv2%2Fcomments&post=666"}],"version-history":[{"count":1,"href":"http:\/\/tvalaire.com\/index.php?rest_route=\/wp\/v2\/posts\/666\/revisions"}],"predecessor-version":[{"id":670,"href":"http:\/\/tvalaire.com\/index.php?rest_route=\/wp\/v2\/posts\/666\/revisions\/670"}],"wp:featuredmedia":[{"embeddable":true,"href":"http:\/\/tvalaire.com\/index.php?rest_route=\/wp\/v2\/media\/667"}],"wp:attachment":[{"href":"http:\/\/tvalaire.com\/index.php?rest_route=%2Fwp%2Fv2%2Fmedia&parent=666"}],"wp:term":[{"taxonomy":"category","embeddable":true,"href":"http:\/\/tvalaire.com\/index.php?rest_route=%2Fwp%2Fv2%2Fcategories&post=666"},{"taxonomy":"post_tag","embeddable":true,"href":"http:\/\/tvalaire.com\/index.php?rest_route=%2Fwp%2Fv2%2Ftags&post=666"}],"curies":[{"name":"wp","href":"https:\/\/api.w.org\/{rel}","templated":true}]}}