{"id":6645,"date":"2020-04-07T18:51:16","date_gmt":"2020-04-07T23:51:16","guid":{"rendered":"http:\/\/tvalaire.com\/?p=6645"},"modified":"2020-04-07T18:51:18","modified_gmt":"2020-04-07T23:51:18","slug":"recomiendan-a-nuestras-paisanos-posponer-viajes-a-nuestro-pais","status":"publish","type":"post","link":"http:\/\/tvalaire.com\/?p=6645","title":{"rendered":"RECOMIENDAN A NUESTRAS PAISANOS POSPONER VIAJES A NUESTRO PA\u00cdS"},"content":{"rendered":"\n<p><\/p>\n\n\n\n<ul class=\"wp-block-list\"><li><strong>En atenci\u00f3n a las recomendaciones\nestablecidas por autoridades <\/strong><strong><\/strong><\/li><li><strong>Invitan a aislarse durante 14 d\u00edas sin\nimportar tienen o no s\u00edntomas <\/strong><strong><\/strong><\/li><\/ul>\n\n\n\n<p>El Gobierno Municipal a\ntrav\u00e9s de la Direcci\u00f3n de Vinculaci\u00f3n Internacional hace un llamado a nuestros\npaisanos que est\u00e9n reci\u00e9n llegados de Estados Unidos que tengan o no los\ns\u00edntomas del coronavirus, se a\u00edslen los primeros 14 d\u00edas para prevenir y\ndescartar posibles contagios del COVID-19.<\/p>\n\n\n\n<p>A quienes se encuentran a\u00fan\nen Estados Unidos y tienen planeado visitar a sus familiares en nuestro municipio,\ninvit\u00f3 a los piedadenses a pedirles que, si no es estrictamente necesario\nvenir, pospongan su viaje en atenci\u00f3n a las medidas anunciadas por las\ninstancias de salud, para poner freno a la curva de contagio de esta pandemia\nque azota a gran parte del mundo.<\/p>\n\n\n\n<p>Fernanda C\u00e1rdenas Ayala,\nencargada del despacho de Vinculaci\u00f3n Internacional dijo que la recomendaci\u00f3n\nes para todos quienes contamos con familiares en Estados Unidos a quienes\ninvit\u00f3 a tomar estas medidas con responsabilidad, ya que cuidar de la salud es\ntarea de todos.<\/p>\n\n\n\n<p>Mencion\u00f3 que, si seguimos las indicaciones de la Secretar\u00eda de Salud de\naislamiento como marca la fase 2 de Distanciamiento Social, se podr\u00e1 frenar la\ncurva de contagios y pronto podr\u00edamos estar en mejores condiciones y regresar\nde nuevo a las actividades cotidianas, en caso contrario ser\u00e1 m\u00e1s dif\u00edcil\ncontrolar esta curva de contagios.<\/p>\n\n\n\n<p>Nuestros paisanos son\nnuestra familia y son importantes para todos, sin embargo, por la salud de\ntodos en estos momentos es mejor atender las medidas de Distanciamiento Social\ny quedarnos en nuestras casas.<\/p>\n","protected":false},"excerpt":{"rendered":"<p>En atenci\u00f3n a las recomendaciones establecidas por autoridades Invitan a aislarse durante 14 d\u00edas sin&#8230;<\/p>\n","protected":false},"author":1,"featured_media":6646,"comment_status":"open","ping_status":"open","sticky":false,"template":"","format":"standard","meta":{"jetpack_post_was_ever_published":false,"_jetpack_newsletter_access":"","_jetpack_dont_email_post_to_subs":false,"_jetpack_newsletter_tier_id":0,"_jetpack_memberships_contains_paywalled_content":false,"_jetpack_memberships_contains_paid_content":false,"footnotes":"","jetpack_publicize_message":"","jetpack_publicize_feature_enabled":true,"jetpack_social_post_already_shared":false,"jetpack_social_options":{"image_generator_settings":{"template":"highway","enabled":false},"version":2}},"categories":[1],"tags":[15,36],"class_list":["post-6645","post","type-post","status-publish","format-standard","has-post-thumbnail","hentry","category-la-piedad","tag-la-piedad","tag-principales"],"jetpack_publicize_connections":[],"jetpack_sharing_enabled":true,"featured_image_urls":{"full":["http:\/\/tvalaire.com\/wp-content\/uploads\/2020\/04\/1-8.jpeg",989,1280,false],"thumbnail":["http:\/\/tvalaire.com\/wp-content\/uploads\/2020\/04\/1-8-150x150.jpeg",150,150,true],"medium":["http:\/\/tvalaire.com\/wp-content\/uploads\/2020\/04\/1-8-232x300.jpeg",232,300,true],"medium_large":["http:\/\/tvalaire.com\/wp-content\/uploads\/2020\/04\/1-8-768x994.jpeg",640,828,true],"large":["http:\/\/tvalaire.com\/wp-content\/uploads\/2020\/04\/1-8-791x1024.jpeg",640,829,true],"post-slider-thumb-size":["http:\/\/tvalaire.com\/wp-content\/uploads\/2020\/04\/1-8-330x190.jpeg",330,190,true],"post-category-slider-size":["http:\/\/tvalaire.com\/wp-content\/uploads\/2020\/04\/1-8.jpeg",270,350,false],"1536x1536":["http:\/\/tvalaire.com\/wp-content\/uploads\/2020\/04\/1-8.jpeg",989,1280,false],"2048x2048":["http:\/\/tvalaire.com\/wp-content\/uploads\/2020\/04\/1-8.jpeg",989,1280,false],"newsium-slider-full":["http:\/\/tvalaire.com\/wp-content\/uploads\/2020\/04\/1-8-989x845.jpeg",989,845,true],"newsium-featured":["http:\/\/tvalaire.com\/wp-content\/uploads\/2020\/04\/1-8.jpeg",989,1280,false],"newsium-medium":["http:\/\/tvalaire.com\/wp-content\/uploads\/2020\/04\/1-8-720x475.jpeg",720,475,true]},"author_info":{"info":["tvalairenoti"]},"category_info":"<a href=\"http:\/\/tvalaire.com\/?cat=1\" rel=\"category\">La Piedad<\/a>","tag_info":"La Piedad","comment_count":"0","jetpack_featured_media_url":"http:\/\/tvalaire.com\/wp-content\/uploads\/2020\/04\/1-8.jpeg","_links":{"self":[{"href":"http:\/\/tvalaire.com\/index.php?rest_route=\/wp\/v2\/posts\/6645"}],"collection":[{"href":"http:\/\/tvalaire.com\/index.php?rest_route=\/wp\/v2\/posts"}],"about":[{"href":"http:\/\/tvalaire.com\/index.php?rest_route=\/wp\/v2\/types\/post"}],"author":[{"embeddable":true,"href":"http:\/\/tvalaire.com\/index.php?rest_route=\/wp\/v2\/users\/1"}],"replies":[{"embeddable":true,"href":"http:\/\/tvalaire.com\/index.php?rest_route=%2Fwp%2Fv2%2Fcomments&post=6645"}],"version-history":[{"count":1,"href":"http:\/\/tvalaire.com\/index.php?rest_route=\/wp\/v2\/posts\/6645\/revisions"}],"predecessor-version":[{"id":6647,"href":"http:\/\/tvalaire.com\/index.php?rest_route=\/wp\/v2\/posts\/6645\/revisions\/6647"}],"wp:featuredmedia":[{"embeddable":true,"href":"http:\/\/tvalaire.com\/index.php?rest_route=\/wp\/v2\/media\/6646"}],"wp:attachment":[{"href":"http:\/\/tvalaire.com\/index.php?rest_route=%2Fwp%2Fv2%2Fmedia&parent=6645"}],"wp:term":[{"taxonomy":"category","embeddable":true,"href":"http:\/\/tvalaire.com\/index.php?rest_route=%2Fwp%2Fv2%2Fcategories&post=6645"},{"taxonomy":"post_tag","embeddable":true,"href":"http:\/\/tvalaire.com\/index.php?rest_route=%2Fwp%2Fv2%2Ftags&post=6645"}],"curies":[{"name":"wp","href":"https:\/\/api.w.org\/{rel}","templated":true}]}}