{"id":6611,"date":"2020-04-02T15:05:50","date_gmt":"2020-04-02T21:05:50","guid":{"rendered":"http:\/\/tvalaire.com\/?p=6611"},"modified":"2020-04-02T15:05:53","modified_gmt":"2020-04-02T21:05:53","slug":"pide-alcalde-sumar-esfuerzos-en-la-region-contra-el-covid-19","status":"publish","type":"post","link":"http:\/\/tvalaire.com\/?p=6611","title":{"rendered":"PIDE ALCALDE SUMAR ESFUERZOS EN LA REGI\u00d3N CONTRA EL COVID-19"},"content":{"rendered":"\n<p><\/p>\n\n\n\n<ul class=\"wp-block-list\"><li><strong>Invita\nEdil al sector privado a colaborar con los m\u00e1s vulnerables <\/strong><\/li><li><strong>Solicita\na presidentes estar en comunicaci\u00f3n constante <\/strong><\/li><\/ul>\n\n\n\n<p>Ante autoridades del Sector\nSalud, presidentes municipales de la regi\u00f3n y el Gobernador del Estado, en\nreuni\u00f3n de trabajo celebrada en la Escuela de Artes, nuestro presidente Alex\nEspinoza, afirm\u00f3 que si se trabaja de manera coordinada\nse puede vencer el virus del COVID-19. <\/p>\n\n\n\n<p>Ah\u00ed destac\u00f3 que el reto\nactual es muy grande, pero si se colabora y trabaja con esquemas regionales y\nacuerdos consensuales, homologados entre todos los municipios, los resultados\nen favor de la poblaci\u00f3n pueden ser m\u00e1s favorables. <\/p>\n\n\n\n<p>Asimismo, el edil hizo un\nllamado a los alcaldes de la regi\u00f3n para trabajar de la mano, estar en\ncomunicaci\u00f3n y estar en sesi\u00f3n permanente con los Consejos de Salud Municipal a\nfin de tomar las medidas precautorias de forma puntual en favor la ciudadan\u00eda. <\/p>\n\n\n\n<p>Destac\u00f3 que actividades de\nsanitizaci\u00f3n de lugares y espacios p\u00fablicos al a\u00edre libre concurridos se han\nestado realizando en varios puntos de la ciudad, as\u00ed mismo se ha exhortado al cierre\nde bares, gimnasios, balnearios, entre otras zonas. <\/p>\n\n\n\n<p>De igual manera extendi\u00f3 una invitaci\u00f3n al sector privado para que sumen esfuerzos y en medida de las posibilidades, colaboren con donaciones de despensas para poder ayudar en esta contingencia a las familias m\u00e1s vulnerables de la zona rural y urbana del municipio. <\/p>\n\n\n\n<figure class=\"wp-block-gallery columns-1 is-cropped wp-block-gallery-1 is-layout-flex wp-block-gallery-is-layout-flex\"><ul class=\"blocks-gallery-grid\"><li class=\"blocks-gallery-item\"><figure><img loading=\"lazy\" decoding=\"async\" width=\"1024\" height=\"576\" src=\"http:\/\/tvalaire.com\/wp-content\/uploads\/2020\/04\/1-2-1-1024x576.jpeg\" alt=\"\" data-id=\"6613\" data-full-url=\"http:\/\/tvalaire.com\/wp-content\/uploads\/2020\/04\/1-2-1.jpeg\" data-link=\"http:\/\/tvalaire.com\/?attachment_id=6613\" class=\"wp-image-6613\" srcset=\"http:\/\/tvalaire.com\/wp-content\/uploads\/2020\/04\/1-2-1-1024x576.jpeg 1024w, http:\/\/tvalaire.com\/wp-content\/uploads\/2020\/04\/1-2-1-300x169.jpeg 300w, http:\/\/tvalaire.com\/wp-content\/uploads\/2020\/04\/1-2-1-768x432.jpeg 768w, http:\/\/tvalaire.com\/wp-content\/uploads\/2020\/04\/1-2-1.jpeg 1280w\" sizes=\"(max-width: 1024px) 100vw, 1024px\" \/><\/figure><\/li><li class=\"blocks-gallery-item\"><figure><img loading=\"lazy\" decoding=\"async\" width=\"1024\" height=\"576\" src=\"http:\/\/tvalaire.com\/wp-content\/uploads\/2020\/04\/1-1-2-1024x576.jpeg\" alt=\"\" data-id=\"6612\" data-full-url=\"http:\/\/tvalaire.com\/wp-content\/uploads\/2020\/04\/1-1-2.jpeg\" data-link=\"http:\/\/tvalaire.com\/?attachment_id=6612\" class=\"wp-image-6612\" srcset=\"http:\/\/tvalaire.com\/wp-content\/uploads\/2020\/04\/1-1-2-1024x576.jpeg 1024w, http:\/\/tvalaire.com\/wp-content\/uploads\/2020\/04\/1-1-2-300x169.jpeg 300w, http:\/\/tvalaire.com\/wp-content\/uploads\/2020\/04\/1-1-2-768x432.jpeg 768w, http:\/\/tvalaire.com\/wp-content\/uploads\/2020\/04\/1-1-2.jpeg 1280w\" sizes=\"(max-width: 1024px) 100vw, 1024px\" \/><\/figure><\/li><\/ul><\/figure>\n","protected":false},"excerpt":{"rendered":"<p>Invita Edil al sector privado a colaborar con los m\u00e1s vulnerables Solicita a presidentes estar&#8230;<\/p>\n","protected":false},"author":1,"featured_media":6613,"comment_status":"open","ping_status":"open","sticky":false,"template":"","format":"standard","meta":{"jetpack_post_was_ever_published":false,"_jetpack_newsletter_access":"","_jetpack_dont_email_post_to_subs":false,"_jetpack_newsletter_tier_id":0,"_jetpack_memberships_contains_paywalled_content":false,"_jetpack_memberships_contains_paid_content":false,"footnotes":"","jetpack_publicize_message":"","jetpack_publicize_feature_enabled":true,"jetpack_social_post_already_shared":false,"jetpack_social_options":{"image_generator_settings":{"template":"highway","enabled":false},"version":2}},"categories":[1],"tags":[15,36],"class_list":["post-6611","post","type-post","status-publish","format-standard","has-post-thumbnail","hentry","category-la-piedad","tag-la-piedad","tag-principales"],"jetpack_publicize_connections":[],"jetpack_sharing_enabled":true,"featured_image_urls":{"full":["http:\/\/tvalaire.com\/wp-content\/uploads\/2020\/04\/1-2-1.jpeg",1280,720,false],"thumbnail":["http:\/\/tvalaire.com\/wp-content\/uploads\/2020\/04\/1-2-1-150x150.jpeg",150,150,true],"medium":["http:\/\/tvalaire.com\/wp-content\/uploads\/2020\/04\/1-2-1-300x169.jpeg",300,169,true],"medium_large":["http:\/\/tvalaire.com\/wp-content\/uploads\/2020\/04\/1-2-1-768x432.jpeg",640,360,true],"large":["http:\/\/tvalaire.com\/wp-content\/uploads\/2020\/04\/1-2-1-1024x576.jpeg",640,360,true],"post-slider-thumb-size":["http:\/\/tvalaire.com\/wp-content\/uploads\/2020\/04\/1-2-1-330x190.jpeg",330,190,true],"post-category-slider-size":["http:\/\/tvalaire.com\/wp-content\/uploads\/2020\/04\/1-2-1.jpeg",330,186,false],"1536x1536":["http:\/\/tvalaire.com\/wp-content\/uploads\/2020\/04\/1-2-1.jpeg",1280,720,false],"2048x2048":["http:\/\/tvalaire.com\/wp-content\/uploads\/2020\/04\/1-2-1.jpeg",1280,720,false],"newsium-slider-full":["http:\/\/tvalaire.com\/wp-content\/uploads\/2020\/04\/1-2-1.jpeg",1280,720,false],"newsium-featured":["http:\/\/tvalaire.com\/wp-content\/uploads\/2020\/04\/1-2-1-1024x576.jpeg",1024,576,true],"newsium-medium":["http:\/\/tvalaire.com\/wp-content\/uploads\/2020\/04\/1-2-1-720x475.jpeg",720,475,true]},"author_info":{"info":["tvalairenoti"]},"category_info":"<a href=\"http:\/\/tvalaire.com\/?cat=1\" rel=\"category\">La Piedad<\/a>","tag_info":"La Piedad","comment_count":"0","jetpack_featured_media_url":"http:\/\/tvalaire.com\/wp-content\/uploads\/2020\/04\/1-2-1.jpeg","_links":{"self":[{"href":"http:\/\/tvalaire.com\/index.php?rest_route=\/wp\/v2\/posts\/6611"}],"collection":[{"href":"http:\/\/tvalaire.com\/index.php?rest_route=\/wp\/v2\/posts"}],"about":[{"href":"http:\/\/tvalaire.com\/index.php?rest_route=\/wp\/v2\/types\/post"}],"author":[{"embeddable":true,"href":"http:\/\/tvalaire.com\/index.php?rest_route=\/wp\/v2\/users\/1"}],"replies":[{"embeddable":true,"href":"http:\/\/tvalaire.com\/index.php?rest_route=%2Fwp%2Fv2%2Fcomments&post=6611"}],"version-history":[{"count":1,"href":"http:\/\/tvalaire.com\/index.php?rest_route=\/wp\/v2\/posts\/6611\/revisions"}],"predecessor-version":[{"id":6614,"href":"http:\/\/tvalaire.com\/index.php?rest_route=\/wp\/v2\/posts\/6611\/revisions\/6614"}],"wp:featuredmedia":[{"embeddable":true,"href":"http:\/\/tvalaire.com\/index.php?rest_route=\/wp\/v2\/media\/6613"}],"wp:attachment":[{"href":"http:\/\/tvalaire.com\/index.php?rest_route=%2Fwp%2Fv2%2Fmedia&parent=6611"}],"wp:term":[{"taxonomy":"category","embeddable":true,"href":"http:\/\/tvalaire.com\/index.php?rest_route=%2Fwp%2Fv2%2Fcategories&post=6611"},{"taxonomy":"post_tag","embeddable":true,"href":"http:\/\/tvalaire.com\/index.php?rest_route=%2Fwp%2Fv2%2Ftags&post=6611"}],"curies":[{"name":"wp","href":"https:\/\/api.w.org\/{rel}","templated":true}]}}