{"id":6589,"date":"2020-04-01T10:08:50","date_gmt":"2020-04-01T16:08:50","guid":{"rendered":"http:\/\/tvalaire.com\/?p=6589"},"modified":"2020-04-01T10:08:53","modified_gmt":"2020-04-01T16:08:53","slug":"gobierno-recibe-solicitudes-de-creditos-del-plan-emergente-por-el-covid-19","status":"publish","type":"post","link":"http:\/\/tvalaire.com\/?p=6589","title":{"rendered":"GOBIERNO RECIBE SOLICITUDES DE CR\u00c9DITOS DEL PLAN EMERGENTE POR EL COVID-19"},"content":{"rendered":"\n<p><\/p>\n\n\n\n<ul class=\"wp-block-list\"><li><strong>Es parte\ndel Plan anunciado por el Gobierno estatal<\/strong><\/li><li><strong>Para\napoyo y cr\u00e9ditos preferenciales a la micro y peque\u00f1a empresa<\/strong><\/li><\/ul>\n\n\n\n<p>El Gobierno Municipal a\ntrav\u00e9s de la direcci\u00f3n de Promoci\u00f3n Econ\u00f3mica, comenz\u00f3 hoy a recibir las\nsolicitudes de cr\u00e9ditos anunciados por el Gobierno del Estado como parte del\nPlan para Proteger a la Econom\u00eda de las Familias Michoacanas.<\/p>\n\n\n\n<p>Juan Carlos Guzm\u00e1n Ru\u00edz,\ndirector de Promoci\u00f3n Econ\u00f3mica invit\u00f3 a los interesados a solicitar\ninformaci\u00f3n u orientaci\u00f3n en la dependencia local o bien bajar y llenar la\nsolicitud en el portal <a href=\"http:\/\/www.sifinancia.michoacan.gob.mx\">www.sifinancia.michoacan.gob.mx<\/a><\/p>\n\n\n\n<p>El primero de ellos es el de\nmicrocr\u00e9ditos para autoempleo y empleo familiar que incluye un pr\u00e9stamo de\nhasta 6 mil pesos con una tasa cero, un periodo de gracia en los meses de abril\na junio y posteriormente, pagos a partir de 667 pesos durante 9 meses.<\/p>\n\n\n\n<p>Los requisitos para\nobtenerlos son: Llenado de solicitud, identificaci\u00f3n oficial vigente,\ncomprobante de domicilio particular y del negocio y no tener mal historial con\nalg\u00fan programa de S\u00ed Financia. El tiempo de respuesta ser\u00e1 de 3 d\u00edas despu\u00e9s de\nhaber ingresado toda la documentaci\u00f3n.<\/p>\n\n\n\n<p>Cr\u00e9ditos para micro empresas\nque proporcionar\u00e1 hasta 50 mil pesos, que tendr\u00e1 el mismo periodo de gracia e incluye\nuna tasa de un 6% de inter\u00e9s a 24 meses de pago efectivo de 2 mil 216 pesos a\npartir del mes de julio de este a\u00f1o.<\/p>\n\n\n\n<p>Los requisitos para\nobtenerlo son: solicitud debidamente requisitada y firmada, identificaci\u00f3n\nvigente con fotograf\u00eda, comprobante de domicilio particular y de la empresa con\nantig\u00fcedad m\u00e1xima de 90 d\u00edas, constancia de situaci\u00f3n Fiscal, opini\u00f3n del\ncumplimiento de obligaciones fiscales en positivo emitido por el SAT con\nantig\u00fcedad de 30 d\u00edas, un aval y no tener antecedentes en el Bur\u00f3 de Cr\u00e9dito.<\/p>\n\n\n\n<p>Cabe destacar que la\nvigencia de este esquema ser\u00e1 de seis meses, pudiendo prorrogarse con la\nautorizaci\u00f3n de la Junta de Gobierno de S\u00ed Financia, quien a su vez habr\u00e1 de\nvalidar la existencia del negocio y los datos presentados en la solicitud, de\nmanera directa o con el apoyo de otras instancias gubernamentales u organismos\nempresariales, pudiendo hacerse a trav\u00e9s de visitas o v\u00eda telef\u00f3nica. El tiempo\nde respuesta ser\u00e1 de 4 d\u00edas h\u00e1biles despu\u00e9s de haber ingresado la documentaci\u00f3n\ncompleta.<\/p>\n\n\n\n<p>Tambi\u00e9n con un cr\u00e9dito para\npeque\u00f1as empresas de hasta 250 mil pesos, de los cuales los seis primeros meses\npagar\u00e1n mil 250 pesos y 18 meses restantes 14 mil 500 que incluye inter\u00e9s m\u00e1s\ncapital.<\/p>\n","protected":false},"excerpt":{"rendered":"<p>Es parte del Plan anunciado por el Gobierno estatal Para apoyo y cr\u00e9ditos preferenciales a&#8230;<\/p>\n","protected":false},"author":1,"featured_media":6590,"comment_status":"open","ping_status":"open","sticky":false,"template":"","format":"standard","meta":{"jetpack_post_was_ever_published":false,"_jetpack_newsletter_access":"","_jetpack_dont_email_post_to_subs":false,"_jetpack_newsletter_tier_id":0,"_jetpack_memberships_contains_paywalled_content":false,"_jetpack_memberships_contains_paid_content":false,"footnotes":"","jetpack_publicize_message":"","jetpack_publicize_feature_enabled":true,"jetpack_social_post_already_shared":false,"jetpack_social_options":{"image_generator_settings":{"template":"highway","enabled":false},"version":2}},"categories":[1],"tags":[15,36],"class_list":["post-6589","post","type-post","status-publish","format-standard","has-post-thumbnail","hentry","category-la-piedad","tag-la-piedad","tag-principales"],"jetpack_publicize_connections":[],"jetpack_sharing_enabled":true,"featured_image_urls":{"full":["http:\/\/tvalaire.com\/wp-content\/uploads\/2020\/04\/02.jpeg",1002,632,false],"thumbnail":["http:\/\/tvalaire.com\/wp-content\/uploads\/2020\/04\/02-150x150.jpeg",150,150,true],"medium":["http:\/\/tvalaire.com\/wp-content\/uploads\/2020\/04\/02-300x189.jpeg",300,189,true],"medium_large":["http:\/\/tvalaire.com\/wp-content\/uploads\/2020\/04\/02-768x484.jpeg",640,403,true],"large":["http:\/\/tvalaire.com\/wp-content\/uploads\/2020\/04\/02.jpeg",640,404,false],"post-slider-thumb-size":["http:\/\/tvalaire.com\/wp-content\/uploads\/2020\/04\/02-330x190.jpeg",330,190,true],"post-category-slider-size":["http:\/\/tvalaire.com\/wp-content\/uploads\/2020\/04\/02.jpeg",330,208,false],"1536x1536":["http:\/\/tvalaire.com\/wp-content\/uploads\/2020\/04\/02.jpeg",1002,632,false],"2048x2048":["http:\/\/tvalaire.com\/wp-content\/uploads\/2020\/04\/02.jpeg",1002,632,false],"newsium-slider-full":["http:\/\/tvalaire.com\/wp-content\/uploads\/2020\/04\/02.jpeg",1002,632,false],"newsium-featured":["http:\/\/tvalaire.com\/wp-content\/uploads\/2020\/04\/02.jpeg",1002,632,false],"newsium-medium":["http:\/\/tvalaire.com\/wp-content\/uploads\/2020\/04\/02-720x475.jpeg",720,475,true]},"author_info":{"info":["tvalairenoti"]},"category_info":"<a href=\"http:\/\/tvalaire.com\/?cat=1\" rel=\"category\">La Piedad<\/a>","tag_info":"La Piedad","comment_count":"0","jetpack_featured_media_url":"http:\/\/tvalaire.com\/wp-content\/uploads\/2020\/04\/02.jpeg","_links":{"self":[{"href":"http:\/\/tvalaire.com\/index.php?rest_route=\/wp\/v2\/posts\/6589"}],"collection":[{"href":"http:\/\/tvalaire.com\/index.php?rest_route=\/wp\/v2\/posts"}],"about":[{"href":"http:\/\/tvalaire.com\/index.php?rest_route=\/wp\/v2\/types\/post"}],"author":[{"embeddable":true,"href":"http:\/\/tvalaire.com\/index.php?rest_route=\/wp\/v2\/users\/1"}],"replies":[{"embeddable":true,"href":"http:\/\/tvalaire.com\/index.php?rest_route=%2Fwp%2Fv2%2Fcomments&post=6589"}],"version-history":[{"count":1,"href":"http:\/\/tvalaire.com\/index.php?rest_route=\/wp\/v2\/posts\/6589\/revisions"}],"predecessor-version":[{"id":6591,"href":"http:\/\/tvalaire.com\/index.php?rest_route=\/wp\/v2\/posts\/6589\/revisions\/6591"}],"wp:featuredmedia":[{"embeddable":true,"href":"http:\/\/tvalaire.com\/index.php?rest_route=\/wp\/v2\/media\/6590"}],"wp:attachment":[{"href":"http:\/\/tvalaire.com\/index.php?rest_route=%2Fwp%2Fv2%2Fmedia&parent=6589"}],"wp:term":[{"taxonomy":"category","embeddable":true,"href":"http:\/\/tvalaire.com\/index.php?rest_route=%2Fwp%2Fv2%2Fcategories&post=6589"},{"taxonomy":"post_tag","embeddable":true,"href":"http:\/\/tvalaire.com\/index.php?rest_route=%2Fwp%2Fv2%2Ftags&post=6589"}],"curies":[{"name":"wp","href":"https:\/\/api.w.org\/{rel}","templated":true}]}}