{"id":6579,"date":"2020-03-30T12:41:36","date_gmt":"2020-03-30T18:41:36","guid":{"rendered":"http:\/\/tvalaire.com\/?p=6579"},"modified":"2020-03-31T12:43:14","modified_gmt":"2020-03-31T18:43:14","slug":"transito-pinta-cajones-exclusivos-para-personas-con-discapacidad","status":"publish","type":"post","link":"http:\/\/tvalaire.com\/?p=6579","title":{"rendered":"TR\u00c1NSITO PINTA CAJONES EXCLUSIVOS PARA PERSONAS CON DISCAPACIDAD"},"content":{"rendered":"\n<p><\/p>\n\n\n\n<ul class=\"wp-block-list\"><li><strong>Continuar\u00e1\ncon este trabajo para identificar bien cada espacio<\/strong><\/li><li><strong>Invitan\na conductores a que respeten estos cajones<\/strong><\/li><\/ul>\n\n\n\n<p>La Direcci\u00f3n\nde Tr\u00e1nsito Municipal lleva a cabo un programa mediante el cual realiza el\nretoque de pintura a los cajones de estacionamiento exclusivo para personas con\ndiscapacidad en la zona centro.<\/p>\n\n\n\n<p>Gabriel Anguiano, director\nde la dependencia inform\u00f3 que hasta el momento se han retocado con los colores\nque marca la Norma Oficial, cinco cajones entre las calles Hidalgo, 5 de\nFebrero y Mariano Jim\u00e9nez.<\/p>\n\n\n\n<p>Mencion\u00f3 que la idea es\nmantenerlos muy visibles mediante el retoque peri\u00f3dico para evitar que la\npintura se pierda y lograr que los conductores lo respeten.<\/p>\n\n\n\n<p>Estos espacios de estacionamiento\nexclusivo, est\u00e1n dise\u00f1ados para personas con discapacidad, con la finalidad de\nasegurarles un lugar espec\u00edfico donde puedan estacionar su veh\u00edculo sin\nproblema y que acudan a las oficinas, comercios o dependencias a realizar sus\ncompras o tr\u00e1mites.<\/p>\n\n\n\n<p>Afortunadamente indic\u00f3 que\nhasta ahora la mayor\u00eda de conductores respetan estos espacios y en caso\ncontrario, se han tenido que aplicar multas, la cual de acuerdo al reglamento\nes de mil 232 pesos.<\/p>\n\n\n\n<p>En lo que respecta a este\nprograma, inform\u00f3 que ser\u00e1 permanente, y se realizar\u00e1 en todas las calles donde\nse cuenta con un \u00e1rea de estacionamiento marcado para personas con\ndiscapacidad.<\/p>\n","protected":false},"excerpt":{"rendered":"<p>Continuar\u00e1 con este trabajo para identificar bien cada espacio Invitan a conductores a que respeten&#8230;<\/p>\n","protected":false},"author":1,"featured_media":6580,"comment_status":"open","ping_status":"open","sticky":false,"template":"","format":"standard","meta":{"jetpack_post_was_ever_published":false,"_jetpack_newsletter_access":"","_jetpack_dont_email_post_to_subs":false,"_jetpack_newsletter_tier_id":0,"_jetpack_memberships_contains_paywalled_content":false,"_jetpack_memberships_contains_paid_content":false,"footnotes":"","jetpack_publicize_message":"","jetpack_publicize_feature_enabled":true,"jetpack_social_post_already_shared":false,"jetpack_social_options":{"image_generator_settings":{"template":"highway","enabled":false},"version":2}},"categories":[1],"tags":[15],"class_list":["post-6579","post","type-post","status-publish","format-standard","has-post-thumbnail","hentry","category-la-piedad","tag-la-piedad"],"jetpack_publicize_connections":[],"jetpack_sharing_enabled":true,"featured_image_urls":{"full":["http:\/\/tvalaire.com\/wp-content\/uploads\/2020\/03\/2-1-1.jpeg",1024,768,false],"thumbnail":["http:\/\/tvalaire.com\/wp-content\/uploads\/2020\/03\/2-1-1-150x150.jpeg",150,150,true],"medium":["http:\/\/tvalaire.com\/wp-content\/uploads\/2020\/03\/2-1-1-300x225.jpeg",300,225,true],"medium_large":["http:\/\/tvalaire.com\/wp-content\/uploads\/2020\/03\/2-1-1-768x576.jpeg",640,480,true],"large":["http:\/\/tvalaire.com\/wp-content\/uploads\/2020\/03\/2-1-1.jpeg",640,480,false],"post-slider-thumb-size":["http:\/\/tvalaire.com\/wp-content\/uploads\/2020\/03\/2-1-1-330x190.jpeg",330,190,true],"post-category-slider-size":["http:\/\/tvalaire.com\/wp-content\/uploads\/2020\/03\/2-1-1.jpeg",330,248,false],"1536x1536":["http:\/\/tvalaire.com\/wp-content\/uploads\/2020\/03\/2-1-1.jpeg",1024,768,false],"2048x2048":["http:\/\/tvalaire.com\/wp-content\/uploads\/2020\/03\/2-1-1.jpeg",1024,768,false],"newsium-slider-full":["http:\/\/tvalaire.com\/wp-content\/uploads\/2020\/03\/2-1-1.jpeg",1024,768,false],"newsium-featured":["http:\/\/tvalaire.com\/wp-content\/uploads\/2020\/03\/2-1-1.jpeg",1024,768,false],"newsium-medium":["http:\/\/tvalaire.com\/wp-content\/uploads\/2020\/03\/2-1-1-720x475.jpeg",720,475,true]},"author_info":{"info":["tvalairenoti"]},"category_info":"<a href=\"http:\/\/tvalaire.com\/?cat=1\" rel=\"category\">La Piedad<\/a>","tag_info":"La Piedad","comment_count":"0","jetpack_featured_media_url":"http:\/\/tvalaire.com\/wp-content\/uploads\/2020\/03\/2-1-1.jpeg","_links":{"self":[{"href":"http:\/\/tvalaire.com\/index.php?rest_route=\/wp\/v2\/posts\/6579"}],"collection":[{"href":"http:\/\/tvalaire.com\/index.php?rest_route=\/wp\/v2\/posts"}],"about":[{"href":"http:\/\/tvalaire.com\/index.php?rest_route=\/wp\/v2\/types\/post"}],"author":[{"embeddable":true,"href":"http:\/\/tvalaire.com\/index.php?rest_route=\/wp\/v2\/users\/1"}],"replies":[{"embeddable":true,"href":"http:\/\/tvalaire.com\/index.php?rest_route=%2Fwp%2Fv2%2Fcomments&post=6579"}],"version-history":[{"count":1,"href":"http:\/\/tvalaire.com\/index.php?rest_route=\/wp\/v2\/posts\/6579\/revisions"}],"predecessor-version":[{"id":6582,"href":"http:\/\/tvalaire.com\/index.php?rest_route=\/wp\/v2\/posts\/6579\/revisions\/6582"}],"wp:featuredmedia":[{"embeddable":true,"href":"http:\/\/tvalaire.com\/index.php?rest_route=\/wp\/v2\/media\/6580"}],"wp:attachment":[{"href":"http:\/\/tvalaire.com\/index.php?rest_route=%2Fwp%2Fv2%2Fmedia&parent=6579"}],"wp:term":[{"taxonomy":"category","embeddable":true,"href":"http:\/\/tvalaire.com\/index.php?rest_route=%2Fwp%2Fv2%2Fcategories&post=6579"},{"taxonomy":"post_tag","embeddable":true,"href":"http:\/\/tvalaire.com\/index.php?rest_route=%2Fwp%2Fv2%2Ftags&post=6579"}],"curies":[{"name":"wp","href":"https:\/\/api.w.org\/{rel}","templated":true}]}}