{"id":6549,"date":"2020-03-26T15:20:36","date_gmt":"2020-03-26T21:20:36","guid":{"rendered":"http:\/\/tvalaire.com\/?p=6549"},"modified":"2020-03-26T15:20:39","modified_gmt":"2020-03-26T21:20:39","slug":"realizan-limpieza-de-portales-en-palacio-municipal","status":"publish","type":"post","link":"http:\/\/tvalaire.com\/?p=6549","title":{"rendered":"REALIZAN LIMPIEZA DE PORTALES EN PALACIO MUNICIPAL"},"content":{"rendered":"\n<p><\/p>\n\n\n\n<ul class=\"wp-block-list\"><li><strong>Reducir\nel riesgo de contagio es la meta principal de la actividad <\/strong><\/li><li><strong>Una\ncuadrilla de empleados sanitizar\u00e1n diversos espacios p\u00fablicos<\/strong><\/li><\/ul>\n\n\n\n<p>El Gobierno Municipal a\ntrav\u00e9s de la Direcci\u00f3n de Servicios P\u00fablicos ha iniciado el proceso de\nsanitizaci\u00f3n en diversos espacios p\u00fablicos, esto como una medida de prevenci\u00f3n\ny contenci\u00f3n contra el coronavirus COVID-19.<\/p>\n\n\n\n<p>Los trabajos de limpieza\nprofunda iniciaron esta ma\u00f1ana en el portal Vicente de P.\nCano de Palacio Municipal, seguido del Portal de las Flores.<\/p>\n\n\n\n<p>El titular de Servicios P\u00fablicos,\nRam\u00f3n Romero Ram\u00edrez, inform\u00f3 que a partir de ma\u00f1ana viernes una cuadrilla de\npersonal trabajar\u00e1 con equipo especial para realizar un proceso de sanitizaci\u00f3n\nen diversos puntos de la ciudad y donde existe concentraci\u00f3n de personas.<\/p>\n\n\n\n<p>Uno de esos puntos ser\u00e1 el\nPortal de Arriba, en donde se realizar\u00e1 este procedimiento con equipo especial.\nCabe destacar que las labores de sanitizaci\u00f3n se realiza para reducir\nsustancialmente el contenido microbiano hasta obtener un nivel de seguridad.<\/p>\n\n\n\n<p>Tambi\u00e9n realizar\u00e1n la\nlimpieza de muros en el Portal de Abajo y seguir\u00e1n con las bancas y pilastrones\nde las macetas alrededor de los arbolitos de la Plaza Principal, Portal del\nMercado Municipal, plaza principal de la colonia Santa Fe, Central de\nAutobuses, en donde a su vez repartir\u00e1n gel antibacterial y volantes con\ninformaci\u00f3n general y necesaria sobre aspectos de salud para la poblaci\u00f3n.<\/p>\n","protected":false},"excerpt":{"rendered":"<p>Reducir el riesgo de contagio es la meta principal de la actividad Una cuadrilla de&#8230;<\/p>\n","protected":false},"author":1,"featured_media":6550,"comment_status":"open","ping_status":"open","sticky":false,"template":"","format":"standard","meta":{"jetpack_post_was_ever_published":false,"_jetpack_newsletter_access":"","_jetpack_dont_email_post_to_subs":false,"_jetpack_newsletter_tier_id":0,"_jetpack_memberships_contains_paywalled_content":false,"_jetpack_memberships_contains_paid_content":false,"footnotes":"","jetpack_publicize_message":"","jetpack_publicize_feature_enabled":true,"jetpack_social_post_already_shared":false,"jetpack_social_options":{"image_generator_settings":{"template":"highway","enabled":false},"version":2}},"categories":[1],"tags":[15],"class_list":["post-6549","post","type-post","status-publish","format-standard","has-post-thumbnail","hentry","category-la-piedad","tag-la-piedad"],"jetpack_publicize_connections":[],"jetpack_sharing_enabled":true,"featured_image_urls":{"full":["http:\/\/tvalaire.com\/wp-content\/uploads\/2020\/03\/1-1-32.jpeg",1280,855,false],"thumbnail":["http:\/\/tvalaire.com\/wp-content\/uploads\/2020\/03\/1-1-32-150x150.jpeg",150,150,true],"medium":["http:\/\/tvalaire.com\/wp-content\/uploads\/2020\/03\/1-1-32-300x200.jpeg",300,200,true],"medium_large":["http:\/\/tvalaire.com\/wp-content\/uploads\/2020\/03\/1-1-32-768x513.jpeg",640,428,true],"large":["http:\/\/tvalaire.com\/wp-content\/uploads\/2020\/03\/1-1-32-1024x684.jpeg",640,428,true],"post-slider-thumb-size":["http:\/\/tvalaire.com\/wp-content\/uploads\/2020\/03\/1-1-32-330x190.jpeg",330,190,true],"post-category-slider-size":["http:\/\/tvalaire.com\/wp-content\/uploads\/2020\/03\/1-1-32.jpeg",330,220,false],"1536x1536":["http:\/\/tvalaire.com\/wp-content\/uploads\/2020\/03\/1-1-32.jpeg",1280,855,false],"2048x2048":["http:\/\/tvalaire.com\/wp-content\/uploads\/2020\/03\/1-1-32.jpeg",1280,855,false],"newsium-slider-full":["http:\/\/tvalaire.com\/wp-content\/uploads\/2020\/03\/1-1-32-1280x845.jpeg",1280,845,true],"newsium-featured":["http:\/\/tvalaire.com\/wp-content\/uploads\/2020\/03\/1-1-32-1024x684.jpeg",1024,684,true],"newsium-medium":["http:\/\/tvalaire.com\/wp-content\/uploads\/2020\/03\/1-1-32-720x475.jpeg",720,475,true]},"author_info":{"info":["tvalairenoti"]},"category_info":"<a href=\"http:\/\/tvalaire.com\/?cat=1\" rel=\"category\">La Piedad<\/a>","tag_info":"La Piedad","comment_count":"0","jetpack_featured_media_url":"http:\/\/tvalaire.com\/wp-content\/uploads\/2020\/03\/1-1-32.jpeg","_links":{"self":[{"href":"http:\/\/tvalaire.com\/index.php?rest_route=\/wp\/v2\/posts\/6549"}],"collection":[{"href":"http:\/\/tvalaire.com\/index.php?rest_route=\/wp\/v2\/posts"}],"about":[{"href":"http:\/\/tvalaire.com\/index.php?rest_route=\/wp\/v2\/types\/post"}],"author":[{"embeddable":true,"href":"http:\/\/tvalaire.com\/index.php?rest_route=\/wp\/v2\/users\/1"}],"replies":[{"embeddable":true,"href":"http:\/\/tvalaire.com\/index.php?rest_route=%2Fwp%2Fv2%2Fcomments&post=6549"}],"version-history":[{"count":1,"href":"http:\/\/tvalaire.com\/index.php?rest_route=\/wp\/v2\/posts\/6549\/revisions"}],"predecessor-version":[{"id":6552,"href":"http:\/\/tvalaire.com\/index.php?rest_route=\/wp\/v2\/posts\/6549\/revisions\/6552"}],"wp:featuredmedia":[{"embeddable":true,"href":"http:\/\/tvalaire.com\/index.php?rest_route=\/wp\/v2\/media\/6550"}],"wp:attachment":[{"href":"http:\/\/tvalaire.com\/index.php?rest_route=%2Fwp%2Fv2%2Fmedia&parent=6549"}],"wp:term":[{"taxonomy":"category","embeddable":true,"href":"http:\/\/tvalaire.com\/index.php?rest_route=%2Fwp%2Fv2%2Fcategories&post=6549"},{"taxonomy":"post_tag","embeddable":true,"href":"http:\/\/tvalaire.com\/index.php?rest_route=%2Fwp%2Fv2%2Ftags&post=6549"}],"curies":[{"name":"wp","href":"https:\/\/api.w.org\/{rel}","templated":true}]}}