{"id":6536,"date":"2020-03-25T16:21:31","date_gmt":"2020-03-25T22:21:31","guid":{"rendered":"http:\/\/tvalaire.com\/?p=6536"},"modified":"2020-03-25T16:21:33","modified_gmt":"2020-03-25T22:21:33","slug":"congelan-multas-y-recargos-a-todos-los-impuestos-municipales","status":"publish","type":"post","link":"http:\/\/tvalaire.com\/?p=6536","title":{"rendered":"CONGELAN MULTAS Y RECARGOS A TODOS LOS IMPUESTOS MUNICIPALES"},"content":{"rendered":"\n<p><\/p>\n\n\n\n<ul class=\"wp-block-list\"><li><strong>La medida aplicar\u00e1 en los meses marzo,\nabril y mayo<\/strong><strong><\/strong><\/li><li><strong>Coadyuvar a la econom\u00eda de las familias\nes el objetivo de la medida&nbsp;&nbsp; <\/strong><strong><\/strong><\/li><\/ul>\n\n\n\n<p>Por instrucciones de nuestro\nalcalde Alex Espinoza, durante los meses marzo, abril y mayo del presente a\u00f1o, se\ncongelar\u00e1n las multas y recargos en todos los pagos de impuestos por derechos y\naprovechamientos en el municipio.<\/p>\n\n\n\n<p>El tesorero municipal,\nRigoberto Ortiz Sierra, inform\u00f3 que, con esta medida buscan que la poblaci\u00f3n no\ntenga que salir a la calle a realizar sus pagos correspondientes por impuestos\ntales como: Predial, Licencias de Funcionamiento de Establecimientos Comerciales\no servicios de panteones, entre otros.<\/p>\n\n\n\n<p>El objetivo dijo, es\nmantener las medidas que las autoridades sanitarias han recomendado ante la\ncontingencia que se vive por el COVID-19, que incluye la sana distancia y el\nresguardo en sus hogares.<\/p>\n\n\n\n<p>Indic\u00f3 que congelar multas y\nrecargos de impuestos municipales es una facultad de nuestro Alcalde, quien de\nmanera responsable lo hace con el fin de evitar exponer a los ciudadanos a que\nsalgan a la calle.<\/p>\n\n\n\n<p>Por lo anterior, una vez que\npase esta contingencia, los ciudadanos podr\u00e1n acudir a realizar su pago de\nimpuestos sin cargo alguno.En caso de que para el mes de mayo la contingencia\nno haya pasado, se\u00f1al\u00f3 que el Gobierno Municipal, dar\u00e1 a conocer las siguientes\nacciones a tomar.<\/p>\n\n\n\n<p>Mientras tanto, el\nfuncionario local invit\u00f3 a los ciudadanos a mantener la sana distancia y evitar\nsalir a la calle para evitar exponerse a un posible contagio.<\/p>\n","protected":false},"excerpt":{"rendered":"<p>La medida aplicar\u00e1 en los meses marzo, abril y mayo Coadyuvar a la econom\u00eda de&#8230;<\/p>\n","protected":false},"author":1,"featured_media":6537,"comment_status":"open","ping_status":"open","sticky":false,"template":"","format":"standard","meta":{"jetpack_post_was_ever_published":false,"_jetpack_newsletter_access":"","_jetpack_dont_email_post_to_subs":false,"_jetpack_newsletter_tier_id":0,"_jetpack_memberships_contains_paywalled_content":false,"_jetpack_memberships_contains_paid_content":false,"footnotes":"","jetpack_publicize_message":"","jetpack_publicize_feature_enabled":true,"jetpack_social_post_already_shared":false,"jetpack_social_options":{"image_generator_settings":{"template":"highway","enabled":false},"version":2}},"categories":[1],"tags":[15,36],"class_list":["post-6536","post","type-post","status-publish","format-standard","has-post-thumbnail","hentry","category-la-piedad","tag-la-piedad","tag-principales"],"jetpack_publicize_connections":[],"jetpack_sharing_enabled":true,"featured_image_urls":{"full":["http:\/\/tvalaire.com\/wp-content\/uploads\/2020\/03\/1.jpeg",1280,720,false],"thumbnail":["http:\/\/tvalaire.com\/wp-content\/uploads\/2020\/03\/1-150x150.jpeg",150,150,true],"medium":["http:\/\/tvalaire.com\/wp-content\/uploads\/2020\/03\/1-300x169.jpeg",300,169,true],"medium_large":["http:\/\/tvalaire.com\/wp-content\/uploads\/2020\/03\/1-768x432.jpeg",640,360,true],"large":["http:\/\/tvalaire.com\/wp-content\/uploads\/2020\/03\/1-1024x576.jpeg",640,360,true],"post-slider-thumb-size":["http:\/\/tvalaire.com\/wp-content\/uploads\/2020\/03\/1-330x190.jpeg",330,190,true],"post-category-slider-size":["http:\/\/tvalaire.com\/wp-content\/uploads\/2020\/03\/1.jpeg",330,186,false],"1536x1536":["http:\/\/tvalaire.com\/wp-content\/uploads\/2020\/03\/1.jpeg",1280,720,false],"2048x2048":["http:\/\/tvalaire.com\/wp-content\/uploads\/2020\/03\/1.jpeg",1280,720,false],"newsium-slider-full":["http:\/\/tvalaire.com\/wp-content\/uploads\/2020\/03\/1.jpeg",1280,720,false],"newsium-featured":["http:\/\/tvalaire.com\/wp-content\/uploads\/2020\/03\/1-1024x576.jpeg",1024,576,true],"newsium-medium":["http:\/\/tvalaire.com\/wp-content\/uploads\/2020\/03\/1-720x475.jpeg",720,475,true]},"author_info":{"info":["tvalairenoti"]},"category_info":"<a href=\"http:\/\/tvalaire.com\/?cat=1\" rel=\"category\">La Piedad<\/a>","tag_info":"La Piedad","comment_count":"0","jetpack_featured_media_url":"http:\/\/tvalaire.com\/wp-content\/uploads\/2020\/03\/1.jpeg","_links":{"self":[{"href":"http:\/\/tvalaire.com\/index.php?rest_route=\/wp\/v2\/posts\/6536"}],"collection":[{"href":"http:\/\/tvalaire.com\/index.php?rest_route=\/wp\/v2\/posts"}],"about":[{"href":"http:\/\/tvalaire.com\/index.php?rest_route=\/wp\/v2\/types\/post"}],"author":[{"embeddable":true,"href":"http:\/\/tvalaire.com\/index.php?rest_route=\/wp\/v2\/users\/1"}],"replies":[{"embeddable":true,"href":"http:\/\/tvalaire.com\/index.php?rest_route=%2Fwp%2Fv2%2Fcomments&post=6536"}],"version-history":[{"count":1,"href":"http:\/\/tvalaire.com\/index.php?rest_route=\/wp\/v2\/posts\/6536\/revisions"}],"predecessor-version":[{"id":6538,"href":"http:\/\/tvalaire.com\/index.php?rest_route=\/wp\/v2\/posts\/6536\/revisions\/6538"}],"wp:featuredmedia":[{"embeddable":true,"href":"http:\/\/tvalaire.com\/index.php?rest_route=\/wp\/v2\/media\/6537"}],"wp:attachment":[{"href":"http:\/\/tvalaire.com\/index.php?rest_route=%2Fwp%2Fv2%2Fmedia&parent=6536"}],"wp:term":[{"taxonomy":"category","embeddable":true,"href":"http:\/\/tvalaire.com\/index.php?rest_route=%2Fwp%2Fv2%2Fcategories&post=6536"},{"taxonomy":"post_tag","embeddable":true,"href":"http:\/\/tvalaire.com\/index.php?rest_route=%2Fwp%2Fv2%2Ftags&post=6536"}],"curies":[{"name":"wp","href":"https:\/\/api.w.org\/{rel}","templated":true}]}}