{"id":6529,"date":"2020-03-25T16:05:14","date_gmt":"2020-03-25T22:05:14","guid":{"rendered":"http:\/\/tvalaire.com\/?p=6529"},"modified":"2020-03-25T16:05:16","modified_gmt":"2020-03-25T22:05:16","slug":"llevaran-la-cultura-a-traves-de-internet","status":"publish","type":"post","link":"http:\/\/tvalaire.com\/?p=6529","title":{"rendered":"LLEVAR\u00c1N LA CULTURA A TRAV\u00c9S DE INTERNET"},"content":{"rendered":"\n<p><strong> <\/strong><\/p>\n\n\n\n<ul class=\"wp-block-list\"><li><strong>Con\nel fin de mantener a las familias dentro de sus viviendas<\/strong><\/li><li><strong>Presentaciones\nen l\u00ednea, salas de video cultural<\/strong><\/li><\/ul>\n\n\n\n<p>Derivado de la contingencia\nsanitaria que prevalece en todo el pa\u00eds por el COVID-19 que ha originado el\ncierre de espacios p\u00fablicos, el Gobierno Municipal a trav\u00e9s de la Direcci\u00f3n de\nCultura pondr\u00e1 en marcha un programa mediante el cual llevar\u00e1 la cultura hasta\nel interior de sus hogares.<\/p>\n\n\n\n<p>Ser\u00e1n en tres partes que se\nhar\u00e1n presentaciones en l\u00ednea en donde se transmitir\u00e1 danza, canto, oratoria,\nperformance y ballet; en segunda que se inici\u00f3 este lunes fue el de las salas\nde videos culturales y la tercera que ser\u00e1 la primera temporada de casos de\n\u00e9xito de artistas piedadenses.<\/p>\n\n\n\n<p>Estas actividades se har\u00e1n\nllegar a la poblaci\u00f3n a trav\u00e9s de las p\u00e1ginas oficiales de Facebook tanto de la\nEscuela de Artes de La Piedad y el Gobierno Municipal de esta ciudad.<\/p>\n\n\n\n<p>El programa con las Salas de\nvideos culturales arranc\u00f3 este lunes con la presentaci\u00f3n del video del \u201cCatrinero\u201d de Helena Nares, en donde se habla sobre el desarrollo de\nlas catrinas que ella desarrolla y que exporta a varias partes del mundo.<\/p>\n\n\n\n<p>El video fue colocado en la\np\u00e1gina de Facebook de la Escuela de Artes La Piedad y se encuentra disponible\npara que la poblaci\u00f3n que se encuentra en casa pueda llenarse de cultura a\ntrav\u00e9s de estas plataformas digitales. <\/p>\n\n\n\n<p>Ma\u00f1ana a trav\u00e9s de las Salas\nde videos de esta misma plataforma, se transmitir\u00e1 una Lectura de tres Leyendas\nPiedadenses que compartir\u00e1n Selene Guzm\u00e1n y el propio director de Cultura a la\ncomunidad.<\/p>\n\n\n\n<p>Las Presentaciones en L\u00ednea\nser\u00e1n en vivo y a trav\u00e9s de la p\u00e1gina del Gobierno Municipal e iniciar\u00e1n a\npartir de este jueves. En ella podr\u00e1n encontrar una variedad de actividades\nart\u00edsticas y culturales como canto, oratoria, performance, danza y ballet. A\npartir de la siguiente semana se realizar\u00e1 los martes y jueves, con excepci\u00f3n\nde Semana Santa que har\u00e1n una pausa.<\/p>\n\n\n\n<p>La Temporada de casos de\n\u00e9xito y fracasos con artistas locales, todav\u00eda no tiene fecha, pero ya se\ntrabaja en ellos, lo que s\u00ed adelant\u00f3 es que ser\u00e1n seis cap\u00edtulos con diferentes\nartistas locales que contar\u00e1n c\u00f3mo lograron salir adelante.<\/p>\n","protected":false},"excerpt":{"rendered":"<p>Con el fin de mantener a las familias dentro de sus viviendas Presentaciones en l\u00ednea,&#8230;<\/p>\n","protected":false},"author":1,"featured_media":6530,"comment_status":"open","ping_status":"open","sticky":false,"template":"","format":"standard","meta":{"jetpack_post_was_ever_published":false,"_jetpack_newsletter_access":"","_jetpack_dont_email_post_to_subs":false,"_jetpack_newsletter_tier_id":0,"_jetpack_memberships_contains_paywalled_content":false,"_jetpack_memberships_contains_paid_content":false,"footnotes":"","jetpack_publicize_message":"","jetpack_publicize_feature_enabled":true,"jetpack_social_post_already_shared":false,"jetpack_social_options":{"image_generator_settings":{"template":"highway","enabled":false},"version":2}},"categories":[1],"tags":[15,36],"class_list":["post-6529","post","type-post","status-publish","format-standard","has-post-thumbnail","hentry","category-la-piedad","tag-la-piedad","tag-principales"],"jetpack_publicize_connections":[],"jetpack_sharing_enabled":true,"featured_image_urls":{"full":["http:\/\/tvalaire.com\/wp-content\/uploads\/2020\/03\/1-3-26.jpeg",1024,576,false],"thumbnail":["http:\/\/tvalaire.com\/wp-content\/uploads\/2020\/03\/1-3-26-150x150.jpeg",150,150,true],"medium":["http:\/\/tvalaire.com\/wp-content\/uploads\/2020\/03\/1-3-26-300x169.jpeg",300,169,true],"medium_large":["http:\/\/tvalaire.com\/wp-content\/uploads\/2020\/03\/1-3-26-768x432.jpeg",640,360,true],"large":["http:\/\/tvalaire.com\/wp-content\/uploads\/2020\/03\/1-3-26.jpeg",640,360,false],"post-slider-thumb-size":["http:\/\/tvalaire.com\/wp-content\/uploads\/2020\/03\/1-3-26-330x190.jpeg",330,190,true],"post-category-slider-size":["http:\/\/tvalaire.com\/wp-content\/uploads\/2020\/03\/1-3-26.jpeg",330,186,false],"1536x1536":["http:\/\/tvalaire.com\/wp-content\/uploads\/2020\/03\/1-3-26.jpeg",1024,576,false],"2048x2048":["http:\/\/tvalaire.com\/wp-content\/uploads\/2020\/03\/1-3-26.jpeg",1024,576,false],"newsium-slider-full":["http:\/\/tvalaire.com\/wp-content\/uploads\/2020\/03\/1-3-26.jpeg",1024,576,false],"newsium-featured":["http:\/\/tvalaire.com\/wp-content\/uploads\/2020\/03\/1-3-26.jpeg",1024,576,false],"newsium-medium":["http:\/\/tvalaire.com\/wp-content\/uploads\/2020\/03\/1-3-26-720x475.jpeg",720,475,true]},"author_info":{"info":["tvalairenoti"]},"category_info":"<a href=\"http:\/\/tvalaire.com\/?cat=1\" rel=\"category\">La Piedad<\/a>","tag_info":"La Piedad","comment_count":"0","jetpack_featured_media_url":"http:\/\/tvalaire.com\/wp-content\/uploads\/2020\/03\/1-3-26.jpeg","_links":{"self":[{"href":"http:\/\/tvalaire.com\/index.php?rest_route=\/wp\/v2\/posts\/6529"}],"collection":[{"href":"http:\/\/tvalaire.com\/index.php?rest_route=\/wp\/v2\/posts"}],"about":[{"href":"http:\/\/tvalaire.com\/index.php?rest_route=\/wp\/v2\/types\/post"}],"author":[{"embeddable":true,"href":"http:\/\/tvalaire.com\/index.php?rest_route=\/wp\/v2\/users\/1"}],"replies":[{"embeddable":true,"href":"http:\/\/tvalaire.com\/index.php?rest_route=%2Fwp%2Fv2%2Fcomments&post=6529"}],"version-history":[{"count":1,"href":"http:\/\/tvalaire.com\/index.php?rest_route=\/wp\/v2\/posts\/6529\/revisions"}],"predecessor-version":[{"id":6531,"href":"http:\/\/tvalaire.com\/index.php?rest_route=\/wp\/v2\/posts\/6529\/revisions\/6531"}],"wp:featuredmedia":[{"embeddable":true,"href":"http:\/\/tvalaire.com\/index.php?rest_route=\/wp\/v2\/media\/6530"}],"wp:attachment":[{"href":"http:\/\/tvalaire.com\/index.php?rest_route=%2Fwp%2Fv2%2Fmedia&parent=6529"}],"wp:term":[{"taxonomy":"category","embeddable":true,"href":"http:\/\/tvalaire.com\/index.php?rest_route=%2Fwp%2Fv2%2Fcategories&post=6529"},{"taxonomy":"post_tag","embeddable":true,"href":"http:\/\/tvalaire.com\/index.php?rest_route=%2Fwp%2Fv2%2Ftags&post=6529"}],"curies":[{"name":"wp","href":"https:\/\/api.w.org\/{rel}","templated":true}]}}