{"id":6463,"date":"2020-03-13T16:42:36","date_gmt":"2020-03-13T22:42:36","guid":{"rendered":"http:\/\/tvalaire.com\/?p=6463"},"modified":"2020-03-13T16:42:44","modified_gmt":"2020-03-13T22:42:44","slug":"imparten-charla-de-prevencion-del-delito-de-trata","status":"publish","type":"post","link":"http:\/\/tvalaire.com\/?p=6463","title":{"rendered":"IMPARTEN CHARLA DE PREVENCI\u00d3N DEL DELITO DE TRATA"},"content":{"rendered":"\n<p><\/p>\n\n\n\n<ul class=\"wp-block-list\"><li><strong>La\nactividad se realizar\u00e1 durante todo este mes<\/strong><\/li><li><strong>Inicia\nClico de Conversatorios en el Instituto Tecnol\u00f3gico<\/strong><\/li><\/ul>\n\n\n\n<p>El Instituto Municipal de la\nMujer (IMM), contin\u00faa con el programa de actividades para erradicar la\nviolencia de g\u00e9nero en la localidad; ahora mediante charlas sobre prevenci\u00f3n\ndel delito de trata y conversatorios \u201cHacia la construcci\u00f3n de una nueva dualidad\nsocial\u201d.<\/p>\n\n\n\n<p>La primera charla la\nimparti\u00f3 la directora de este Instituto, Claudia Eugenia Buenrostro D\u00edaz, en el\nCBTIS 84, en donde se refiri\u00f3 a c\u00f3mo la violencia puede tomar la forma de trata\nde personas que se refiere al tr\u00e1fico o comercio que se realiza con mujeres de\ncualquier raza para forzar su prostituci\u00f3n, que conozcan sus modalidades,\naristas y sobre todo la prevenci\u00f3n de este delito.<\/p>\n\n\n\n<p>El objetivo es lograr que\nlos j\u00f3venes estudiantes del nivel bachillerato conozcan esta modalidad de\ndelito y puedan prevenirlo o denunciarlo en caso de conocer alguno de estos\ncasos.<\/p>\n\n\n\n<p>Esta actividad se realiz\u00f3\ncomo parte de los eventos conmemorativos por el D\u00eda Internacional de la Mujer y\npor instrucciones de nuestro alcalde, Alex Espinoza con el fin de buscar la\nsuma de voluntades en la construcci\u00f3n de una cultura por una vida sin\nviolencia.<\/p>\n\n\n\n<p>En este mismo marco, arranc\u00f3\ncon el ciclo de Conversatorios:&#8221;Hacia la construcci\u00f3n de una nueva\ndualidad social&#8221;, en el Instituto Tecnol\u00f3gico Nacional de M\u00e9xico, con el\ntema\u00bfA qu\u00e9 nos referimos con la dualidad?Un vistazo a las sociedades del\nperiodo prehisp\u00e1nico desde la arqueolog\u00eda y las fuentes hist\u00f3ricas, el cual\nestuvo encabezado por la doctora Magdalena Garc\u00eda, investigadora del Colegio de\nMichoac\u00e1n extensi\u00f3n La Piedad.<\/p>\n\n\n\n<p>El conversatorio se replicar\u00e1 el pr\u00f3ximo jueves 19 en la Universidad del Valle de Atemajac (UNIVA), campus La Piedad y el 26 de marzo en la Escuela de Artes.<\/p>\n\n\n\n<figure class=\"wp-block-gallery columns-1 is-cropped wp-block-gallery-1 is-layout-flex wp-block-gallery-is-layout-flex\"><ul class=\"blocks-gallery-grid\"><li class=\"blocks-gallery-item\"><figure><img loading=\"lazy\" decoding=\"async\" width=\"1024\" height=\"768\" src=\"http:\/\/tvalaire.com\/wp-content\/uploads\/2020\/03\/1-1-21-1024x768.jpeg\" alt=\"\" data-id=\"6466\" data-full-url=\"http:\/\/tvalaire.com\/wp-content\/uploads\/2020\/03\/1-1-21.jpeg\" data-link=\"http:\/\/tvalaire.com\/?attachment_id=6466\" class=\"wp-image-6466\" srcset=\"http:\/\/tvalaire.com\/wp-content\/uploads\/2020\/03\/1-1-21-1024x768.jpeg 1024w, http:\/\/tvalaire.com\/wp-content\/uploads\/2020\/03\/1-1-21-300x225.jpeg 300w, http:\/\/tvalaire.com\/wp-content\/uploads\/2020\/03\/1-1-21-768x576.jpeg 768w, http:\/\/tvalaire.com\/wp-content\/uploads\/2020\/03\/1-1-21.jpeg 1152w\" sizes=\"(max-width: 1024px) 100vw, 1024px\" \/><\/figure><\/li><li class=\"blocks-gallery-item\"><figure><img loading=\"lazy\" decoding=\"async\" width=\"1024\" height=\"768\" src=\"http:\/\/tvalaire.com\/wp-content\/uploads\/2020\/03\/1-3-20-1024x768.jpeg\" alt=\"\" data-id=\"6467\" data-full-url=\"http:\/\/tvalaire.com\/wp-content\/uploads\/2020\/03\/1-3-20.jpeg\" data-link=\"http:\/\/tvalaire.com\/?attachment_id=6467\" class=\"wp-image-6467\" srcset=\"http:\/\/tvalaire.com\/wp-content\/uploads\/2020\/03\/1-3-20-1024x768.jpeg 1024w, http:\/\/tvalaire.com\/wp-content\/uploads\/2020\/03\/1-3-20-300x225.jpeg 300w, http:\/\/tvalaire.com\/wp-content\/uploads\/2020\/03\/1-3-20-768x576.jpeg 768w, http:\/\/tvalaire.com\/wp-content\/uploads\/2020\/03\/1-3-20.jpeg 1280w\" sizes=\"(max-width: 1024px) 100vw, 1024px\" \/><\/figure><\/li><\/ul><\/figure>\n","protected":false},"excerpt":{"rendered":"<p>La actividad se realizar\u00e1 durante todo este mes Inicia Clico de Conversatorios en el Instituto&#8230;<\/p>\n","protected":false},"author":1,"featured_media":6465,"comment_status":"open","ping_status":"open","sticky":false,"template":"","format":"standard","meta":{"jetpack_post_was_ever_published":false,"_jetpack_newsletter_access":"","_jetpack_dont_email_post_to_subs":false,"_jetpack_newsletter_tier_id":0,"_jetpack_memberships_contains_paywalled_content":false,"_jetpack_memberships_contains_paid_content":false,"footnotes":"","jetpack_publicize_message":"","jetpack_publicize_feature_enabled":true,"jetpack_social_post_already_shared":false,"jetpack_social_options":{"image_generator_settings":{"template":"highway","enabled":false},"version":2}},"categories":[1],"tags":[15,36],"class_list":["post-6463","post","type-post","status-publish","format-standard","has-post-thumbnail","hentry","category-la-piedad","tag-la-piedad","tag-principales"],"jetpack_publicize_connections":[],"jetpack_sharing_enabled":true,"featured_image_urls":{"full":["http:\/\/tvalaire.com\/wp-content\/uploads\/2020\/03\/1-3-19.jpeg",1280,960,false],"thumbnail":["http:\/\/tvalaire.com\/wp-content\/uploads\/2020\/03\/1-3-19-150x150.jpeg",150,150,true],"medium":["http:\/\/tvalaire.com\/wp-content\/uploads\/2020\/03\/1-3-19-300x225.jpeg",300,225,true],"medium_large":["http:\/\/tvalaire.com\/wp-content\/uploads\/2020\/03\/1-3-19-768x576.jpeg",640,480,true],"large":["http:\/\/tvalaire.com\/wp-content\/uploads\/2020\/03\/1-3-19-1024x768.jpeg",640,480,true],"post-slider-thumb-size":["http:\/\/tvalaire.com\/wp-content\/uploads\/2020\/03\/1-3-19-330x190.jpeg",330,190,true],"post-category-slider-size":["http:\/\/tvalaire.com\/wp-content\/uploads\/2020\/03\/1-3-19.jpeg",330,248,false],"1536x1536":["http:\/\/tvalaire.com\/wp-content\/uploads\/2020\/03\/1-3-19.jpeg",1280,960,false],"2048x2048":["http:\/\/tvalaire.com\/wp-content\/uploads\/2020\/03\/1-3-19.jpeg",1280,960,false],"newsium-slider-full":["http:\/\/tvalaire.com\/wp-content\/uploads\/2020\/03\/1-3-19-1280x845.jpeg",1280,845,true],"newsium-featured":["http:\/\/tvalaire.com\/wp-content\/uploads\/2020\/03\/1-3-19-1024x768.jpeg",1024,768,true],"newsium-medium":["http:\/\/tvalaire.com\/wp-content\/uploads\/2020\/03\/1-3-19-720x475.jpeg",720,475,true]},"author_info":{"info":["tvalairenoti"]},"category_info":"<a href=\"http:\/\/tvalaire.com\/?cat=1\" rel=\"category\">La Piedad<\/a>","tag_info":"La Piedad","comment_count":"0","jetpack_featured_media_url":"http:\/\/tvalaire.com\/wp-content\/uploads\/2020\/03\/1-3-19.jpeg","_links":{"self":[{"href":"http:\/\/tvalaire.com\/index.php?rest_route=\/wp\/v2\/posts\/6463"}],"collection":[{"href":"http:\/\/tvalaire.com\/index.php?rest_route=\/wp\/v2\/posts"}],"about":[{"href":"http:\/\/tvalaire.com\/index.php?rest_route=\/wp\/v2\/types\/post"}],"author":[{"embeddable":true,"href":"http:\/\/tvalaire.com\/index.php?rest_route=\/wp\/v2\/users\/1"}],"replies":[{"embeddable":true,"href":"http:\/\/tvalaire.com\/index.php?rest_route=%2Fwp%2Fv2%2Fcomments&post=6463"}],"version-history":[{"count":1,"href":"http:\/\/tvalaire.com\/index.php?rest_route=\/wp\/v2\/posts\/6463\/revisions"}],"predecessor-version":[{"id":6468,"href":"http:\/\/tvalaire.com\/index.php?rest_route=\/wp\/v2\/posts\/6463\/revisions\/6468"}],"wp:featuredmedia":[{"embeddable":true,"href":"http:\/\/tvalaire.com\/index.php?rest_route=\/wp\/v2\/media\/6465"}],"wp:attachment":[{"href":"http:\/\/tvalaire.com\/index.php?rest_route=%2Fwp%2Fv2%2Fmedia&parent=6463"}],"wp:term":[{"taxonomy":"category","embeddable":true,"href":"http:\/\/tvalaire.com\/index.php?rest_route=%2Fwp%2Fv2%2Fcategories&post=6463"},{"taxonomy":"post_tag","embeddable":true,"href":"http:\/\/tvalaire.com\/index.php?rest_route=%2Fwp%2Fv2%2Ftags&post=6463"}],"curies":[{"name":"wp","href":"https:\/\/api.w.org\/{rel}","templated":true}]}}