{"id":6446,"date":"2020-03-12T17:43:02","date_gmt":"2020-03-12T23:43:02","guid":{"rendered":"http:\/\/tvalaire.com\/?p=6446"},"modified":"2020-03-12T17:43:04","modified_gmt":"2020-03-12T23:43:04","slug":"impulsaran-campana-de-limpieza-para-un-mejor-entorno","status":"publish","type":"post","link":"http:\/\/tvalaire.com\/?p=6446","title":{"rendered":"IMPULSAR\u00c1N CAMPA\u00d1A DE LIMPIEZA PARA UN MEJOR ENTORNO"},"content":{"rendered":"\n<p><\/p>\n\n\n\n<ul class=\"wp-block-list\"><li><strong>Invitan\na la poblaci\u00f3n a tomar medidas preventivas ante el covid-19<\/strong><\/li><li><strong>Prepara\nGobierno campa\u00f1a de concientizaci\u00f3n <\/strong><\/li><\/ul>\n\n\n\n<p>En sesi\u00f3n de Cabildo\nintegrantes del Ayuntamiento de La Piedad, turnaron a la Comisi\u00f3n de Ecolog\u00eda la propuesta de la iniciativa privada para que el \u00faltimo\ndomingo del mes de abril de cada a\u00f1o quede institucionalizado con el proyecto\n\u201cMi Ciudad Limpia\u201d. <\/p>\n\n\n\n<p>La solicitud ser\u00e1 evaluada y\nanalizada para que posteriormente sean los integrantes del propio Cabildo\nquienes autoricen la propuesta en la que el objetivo principal es fomentar una\ncultura en la que evitemos tirar basura en la calle, as\u00ed como de dedicar un\ntiempo para limpiar nuestro entorno y vivir en un lugar m\u00e1s agradable. <\/p>\n\n\n\n<p>En este mismo sentido de\nsalvaguardar la salud de los habitantes del municipio, nuestro presidente Alex Espinoza,\ncoment\u00f3 que despu\u00e9s de la declaratoria de pandemia por el Covid-19, en\ncolaboraci\u00f3n con el Sector Salud se estar\u00e1 trabajando en medidas preventivas en\nel municipio. <\/p>\n\n\n\n<p>Por lo que dijo que varias\nactividades p\u00fablicas que se tienen programadas como el Festival del Libro,\nExpocreditoAgropacuario y la extensi\u00f3n del Festival de Danza, entre otros,\npueden ser cancelados por tratarse de eventos masivos y a fin de evitar\nposibles contagios por el virus.<\/p>\n\n\n\n<p>Destac\u00f3 que en colaboraci\u00f3n\ncon autoridades de salud ya se trabaja en la programaci\u00f3n de actividades para\niniciar una campa\u00f1a de prevenci\u00f3n y concientizaci\u00f3n y as\u00ed mismo mantener\ninformada a la poblaci\u00f3n sobre los riesgos de dicha enfermedad. <\/p>\n\n\n\n<p>Agreg\u00f3 que como autoridad\nestar\u00e1 pendiente y alerta de cualquier sugerencia que la Secretar\u00eda de Salud\ndisponga,de igual manera invit\u00f3 a la poblaci\u00f3n a que sume esfuerzos y en medida\nde lo posible atienda las recomendaciones que se hacen a fin de evitar la\npropagaci\u00f3n del virus. <\/p>\n","protected":false},"excerpt":{"rendered":"<p>Invitan a la poblaci\u00f3n a tomar medidas preventivas ante el covid-19 Prepara Gobierno campa\u00f1a de&#8230;<\/p>\n","protected":false},"author":1,"featured_media":6448,"comment_status":"open","ping_status":"open","sticky":false,"template":"","format":"standard","meta":{"jetpack_post_was_ever_published":false,"_jetpack_newsletter_access":"","_jetpack_dont_email_post_to_subs":false,"_jetpack_newsletter_tier_id":0,"_jetpack_memberships_contains_paywalled_content":false,"_jetpack_memberships_contains_paid_content":false,"footnotes":"","jetpack_publicize_message":"","jetpack_publicize_feature_enabled":true,"jetpack_social_post_already_shared":false,"jetpack_social_options":{"image_generator_settings":{"template":"highway","enabled":false},"version":2}},"categories":[1],"tags":[15,36],"class_list":["post-6446","post","type-post","status-publish","format-standard","has-post-thumbnail","hentry","category-la-piedad","tag-la-piedad","tag-principales"],"jetpack_publicize_connections":[],"jetpack_sharing_enabled":true,"featured_image_urls":{"full":["http:\/\/tvalaire.com\/wp-content\/uploads\/2020\/03\/1-2-17.jpeg",1124,750,false],"thumbnail":["http:\/\/tvalaire.com\/wp-content\/uploads\/2020\/03\/1-2-17-150x150.jpeg",150,150,true],"medium":["http:\/\/tvalaire.com\/wp-content\/uploads\/2020\/03\/1-2-17-300x200.jpeg",300,200,true],"medium_large":["http:\/\/tvalaire.com\/wp-content\/uploads\/2020\/03\/1-2-17-768x512.jpeg",640,427,true],"large":["http:\/\/tvalaire.com\/wp-content\/uploads\/2020\/03\/1-2-17-1024x683.jpeg",640,427,true],"post-slider-thumb-size":["http:\/\/tvalaire.com\/wp-content\/uploads\/2020\/03\/1-2-17-330x190.jpeg",330,190,true],"post-category-slider-size":["http:\/\/tvalaire.com\/wp-content\/uploads\/2020\/03\/1-2-17.jpeg",330,220,false],"1536x1536":["http:\/\/tvalaire.com\/wp-content\/uploads\/2020\/03\/1-2-17.jpeg",1124,750,false],"2048x2048":["http:\/\/tvalaire.com\/wp-content\/uploads\/2020\/03\/1-2-17.jpeg",1124,750,false],"newsium-slider-full":["http:\/\/tvalaire.com\/wp-content\/uploads\/2020\/03\/1-2-17.jpeg",1124,750,false],"newsium-featured":["http:\/\/tvalaire.com\/wp-content\/uploads\/2020\/03\/1-2-17-1024x683.jpeg",1024,683,true],"newsium-medium":["http:\/\/tvalaire.com\/wp-content\/uploads\/2020\/03\/1-2-17-720x475.jpeg",720,475,true]},"author_info":{"info":["tvalairenoti"]},"category_info":"<a href=\"http:\/\/tvalaire.com\/?cat=1\" rel=\"category\">La Piedad<\/a>","tag_info":"La Piedad","comment_count":"0","jetpack_featured_media_url":"http:\/\/tvalaire.com\/wp-content\/uploads\/2020\/03\/1-2-17.jpeg","_links":{"self":[{"href":"http:\/\/tvalaire.com\/index.php?rest_route=\/wp\/v2\/posts\/6446"}],"collection":[{"href":"http:\/\/tvalaire.com\/index.php?rest_route=\/wp\/v2\/posts"}],"about":[{"href":"http:\/\/tvalaire.com\/index.php?rest_route=\/wp\/v2\/types\/post"}],"author":[{"embeddable":true,"href":"http:\/\/tvalaire.com\/index.php?rest_route=\/wp\/v2\/users\/1"}],"replies":[{"embeddable":true,"href":"http:\/\/tvalaire.com\/index.php?rest_route=%2Fwp%2Fv2%2Fcomments&post=6446"}],"version-history":[{"count":1,"href":"http:\/\/tvalaire.com\/index.php?rest_route=\/wp\/v2\/posts\/6446\/revisions"}],"predecessor-version":[{"id":6449,"href":"http:\/\/tvalaire.com\/index.php?rest_route=\/wp\/v2\/posts\/6446\/revisions\/6449"}],"wp:featuredmedia":[{"embeddable":true,"href":"http:\/\/tvalaire.com\/index.php?rest_route=\/wp\/v2\/media\/6448"}],"wp:attachment":[{"href":"http:\/\/tvalaire.com\/index.php?rest_route=%2Fwp%2Fv2%2Fmedia&parent=6446"}],"wp:term":[{"taxonomy":"category","embeddable":true,"href":"http:\/\/tvalaire.com\/index.php?rest_route=%2Fwp%2Fv2%2Fcategories&post=6446"},{"taxonomy":"post_tag","embeddable":true,"href":"http:\/\/tvalaire.com\/index.php?rest_route=%2Fwp%2Fv2%2Ftags&post=6446"}],"curies":[{"name":"wp","href":"https:\/\/api.w.org\/{rel}","templated":true}]}}