{"id":638,"date":"2017-02-28T09:09:58","date_gmt":"2017-02-28T15:09:58","guid":{"rendered":"http:\/\/tvalaire.com\/?p=638"},"modified":"2017-02-28T09:09:58","modified_gmt":"2017-02-28T15:09:58","slug":"es-inaugurada-la-primer-semana-nacional-de-salud","status":"publish","type":"post","link":"http:\/\/tvalaire.com\/?p=638","title":{"rendered":"ES INAUGURADA LA PRIMER SEMANA NACIONAL DE SALUD"},"content":{"rendered":"<p class=\"xmsonormal\" style=\"text-align: center; background: white;\" align=\"center\">\n<p class=\"xmsonormal\" style=\"text-align: justify; background: white; font-variant-ligatures: normal; font-variant-caps: normal; orphans: 2; widows: 2; -webkit-text-stroke-width: 0px; word-spacing: 0px;\"><span style=\"font-size: 13.0pt; font-family: 'Arial','sans-serif'; color: #212121;\">Se\u00a0inaugura\u00a0formalmente la Primer Semana Nacional de la Salud, en donde el Gobierno Municipal de La Piedad en colaboraci\u00f3n con diferentes instituciones de salubridad suma esfuerzos en la campa\u00f1a con el objetivo de que todos los ni\u00f1os tengan la vacuna contra la\u00a0poliomielitis.\u00a0<\/span><\/p>\n<p class=\"xmsonormal\" style=\"text-align: justify; background: white;\"><span style=\"font-size: 13.0pt; font-family: 'Arial','sans-serif'; color: #212121;\">La actividad tuvo lugar en el jard\u00edn de ni\u00f1os \u201cFrancisco Javier Mina\u201d en donde padres de familia, maestros, alumnos y autoridades del sector salud y gubernamental se dieron cita para participar del evento.<\/span><\/p>\n<p class=\"xmsonormal\" style=\"text-align: justify; background: white;\"><span style=\"font-size: 13.0pt; font-family: 'Arial','sans-serif'; color: #212121;\">Como representante del Alcalde\u00a0Juan\u00a0Manuel\u00a0Estrada Medina, el Director de Educaci\u00f3n en la ciudad dijo \u201cLa\u00a0educaci\u00f3n\u00a0y la salud son algo que van de la mano y es algo en lo que esta\u00a0administraci\u00f3n\u00a0ha estado trabajando en beneficio de todos peque\u00f1ines,\u00a0agradecemos\u00a0a las diferentes instituciones de salud que colaboran en favor de la salud en general, en especial de todos los infantes\u201d.<\/span><\/p>\n<p class=\"xmsonormal\" style=\"text-align: justify; background: white;\"><span style=\"font-size: 13.0pt; font-family: 'Arial','sans-serif'; color: #212121;\">Por su parte la directora del\u00a0jard\u00edn\u00a0de ni\u00f1os, Alma Arcelia\u00a0Garc\u00eda\u00a0Ortiz dio la bienvenida a los presentes y\u00a0agradeci\u00f3\u00a0las atenciones por parte de las autoridades por tomar en cuenta a los alumnos de la instituci\u00f3n a su cargo para comenzar con la actividad de salud. Ah\u00ed mismo algunos de los peque\u00f1os que se encontraban presentes hablaron\u00a0acerca\u00a0de la importancia de las vacunas para prevenir enfermedades como la\u00a0poliomielitis, la viruela y el\u00a0sarampi\u00f3n\u00a0entre otros virus.\u00a0<\/span><\/p>\n<p class=\"xmsonormal\" style=\"text-align: justify; background: white; font-variant-ligatures: normal; font-variant-caps: normal; orphans: 2; widows: 2; -webkit-text-stroke-width: 0px; word-spacing: 0px;\"><span style=\"font-size: 13.0pt; font-family: 'Arial','sans-serif'; color: #212121;\">El jefe de la Jurisdicci\u00f3n Sanitaria n\u00famero 6 \u00a0Iv\u00e1n\u00a0Arturo Miranda\u00a0M\u00e1rquez,\u00a0en su intervenci\u00f3n agradeci\u00f3\u00a0al\u00a0Presidente\u00a0<wbr \/>Municipal Estrada Medina y al DIF\u00a0por apoyarlos, dijo que no solo los ni\u00f1os deben saber\u00a0acerca\u00a0de las vacunas, sino\u00a0tambi\u00e9n\u00a0los padres que tienen que estar\u00a0consientes,\u00a0adem\u00e1s\u00a0que el objetivo es mantener el control, eliminaci\u00f3n o\u00a0erradicaci\u00f3n\u00a0de enfermedades.\u00a0<\/span><\/p>\n<p class=\"xmsonormal\" style=\"text-align: justify; background: white;\"><span style=\"font-size: 13.0pt; font-family: 'Arial','sans-serif'; color: #212121;\">La Primer Semana Nacional de Salud consta en atender a la\u00a0poblaci\u00f3n\u00a0infantil, preescolar, embarazadas, mujeres y hombres de 10 a\u00f1os o m\u00e1s de edad, madres y cuidadoras de\u00a0menores de\u00a05 a\u00f1os, la fecha oficial es hasta al 3 de marzo del 2017 y consta de aplicar vacunas contra la\u00a0poliomielitis, reforzar los\u00a0esquemas\u00a0de vacunaci\u00f3n, otorgar protecci\u00f3n contra el\u00a0t\u00e9tanos, distribuir suero oral e informar a la poblaci\u00f3n.\u00a0<\/span><\/p>\n<p class=\"xmsonormal\" style=\"text-align: justify; background: white;\"><span style=\"font-size: 13.0pt; font-family: 'Arial','sans-serif'; color: #212121;\">Para terminar con el evento protocolario se dio la primera vacuna a uno de los peque\u00f1os de la escuela, posteriormente los\u00a0dem\u00e1s ni\u00f1os se formaron para recibir su respectiva suspensi\u00f3n que los habr\u00e1 de ayudar a tratar o prevenir enfermedades.<\/span><\/p>\n<p class=\"xmsonormal\" style=\"text-align: justify; background: white;\"><img loading=\"lazy\" decoding=\"async\" class=\"alignnone size-medium wp-image-634\" src=\"http:\/\/tvalaire.com\/wp-content\/uploads\/2017\/02\/ES-INAUGURADA-LA-PRIMER-SEMANA-NACIONAL-DE-SALUD3-300x200.jpg\" alt=\"\" width=\"300\" height=\"200\" srcset=\"http:\/\/tvalaire.com\/wp-content\/uploads\/2017\/02\/ES-INAUGURADA-LA-PRIMER-SEMANA-NACIONAL-DE-SALUD3-300x200.jpg 300w, http:\/\/tvalaire.com\/wp-content\/uploads\/2017\/02\/ES-INAUGURADA-LA-PRIMER-SEMANA-NACIONAL-DE-SALUD3-768x512.jpg 768w, http:\/\/tvalaire.com\/wp-content\/uploads\/2017\/02\/ES-INAUGURADA-LA-PRIMER-SEMANA-NACIONAL-DE-SALUD3.jpg 1024w\" sizes=\"(max-width: 300px) 100vw, 300px\" \/><\/p>\n<p class=\"xmsonormal\" style=\"text-align: justify; background: white;\"><img loading=\"lazy\" decoding=\"async\" class=\"alignnone size-medium wp-image-633\" src=\"http:\/\/tvalaire.com\/wp-content\/uploads\/2017\/02\/ES-INAUGURADA-LA-PRIMER-SEMANA-NACIONAL-DE-SALUD2-300x200.jpg\" alt=\"\" width=\"300\" height=\"200\" srcset=\"http:\/\/tvalaire.com\/wp-content\/uploads\/2017\/02\/ES-INAUGURADA-LA-PRIMER-SEMANA-NACIONAL-DE-SALUD2-300x200.jpg 300w, http:\/\/tvalaire.com\/wp-content\/uploads\/2017\/02\/ES-INAUGURADA-LA-PRIMER-SEMANA-NACIONAL-DE-SALUD2-768x512.jpg 768w, http:\/\/tvalaire.com\/wp-content\/uploads\/2017\/02\/ES-INAUGURADA-LA-PRIMER-SEMANA-NACIONAL-DE-SALUD2.jpg 1024w\" sizes=\"(max-width: 300px) 100vw, 300px\" \/><\/p>\n","protected":false},"excerpt":{"rendered":"<p>Se\u00a0inaugura\u00a0formalmente la Primer Semana Nacional de la Salud, en donde el Gobierno Municipal de La&#8230;<\/p>\n","protected":false},"author":1,"featured_media":632,"comment_status":"open","ping_status":"open","sticky":false,"template":"","format":"standard","meta":{"jetpack_post_was_ever_published":false,"_jetpack_newsletter_access":"","_jetpack_dont_email_post_to_subs":false,"_jetpack_newsletter_tier_id":0,"_jetpack_memberships_contains_paywalled_content":false,"_jetpack_memberships_contains_paid_content":false,"footnotes":"","jetpack_publicize_message":"","jetpack_publicize_feature_enabled":true,"jetpack_social_post_already_shared":false,"jetpack_social_options":{"image_generator_settings":{"template":"highway","enabled":false},"version":2}},"categories":[1],"tags":[15,36],"class_list":["post-638","post","type-post","status-publish","format-standard","has-post-thumbnail","hentry","category-la-piedad","tag-la-piedad","tag-principales"],"jetpack_publicize_connections":[],"jetpack_sharing_enabled":true,"featured_image_urls":{"full":["http:\/\/tvalaire.com\/wp-content\/uploads\/2017\/02\/ES-INAUGURADA-LA-PRIMER-SEMANA-NACIONAL-DE-SALUD.jpg",1024,683,false],"thumbnail":["http:\/\/tvalaire.com\/wp-content\/uploads\/2017\/02\/ES-INAUGURADA-LA-PRIMER-SEMANA-NACIONAL-DE-SALUD-150x150.jpg",150,150,true],"medium":["http:\/\/tvalaire.com\/wp-content\/uploads\/2017\/02\/ES-INAUGURADA-LA-PRIMER-SEMANA-NACIONAL-DE-SALUD-300x200.jpg",300,200,true],"medium_large":["http:\/\/tvalaire.com\/wp-content\/uploads\/2017\/02\/ES-INAUGURADA-LA-PRIMER-SEMANA-NACIONAL-DE-SALUD-768x512.jpg",640,427,true],"large":["http:\/\/tvalaire.com\/wp-content\/uploads\/2017\/02\/ES-INAUGURADA-LA-PRIMER-SEMANA-NACIONAL-DE-SALUD-1024x683.jpg",640,427,true],"post-slider-thumb-size":["http:\/\/tvalaire.com\/wp-content\/uploads\/2017\/02\/ES-INAUGURADA-LA-PRIMER-SEMANA-NACIONAL-DE-SALUD.jpg",285,190,false],"post-category-slider-size":["http:\/\/tvalaire.com\/wp-content\/uploads\/2017\/02\/ES-INAUGURADA-LA-PRIMER-SEMANA-NACIONAL-DE-SALUD.jpg",330,220,false],"1536x1536":["http:\/\/tvalaire.com\/wp-content\/uploads\/2017\/02\/ES-INAUGURADA-LA-PRIMER-SEMANA-NACIONAL-DE-SALUD.jpg",1024,683,false],"2048x2048":["http:\/\/tvalaire.com\/wp-content\/uploads\/2017\/02\/ES-INAUGURADA-LA-PRIMER-SEMANA-NACIONAL-DE-SALUD.jpg",1024,683,false],"newsium-slider-full":["http:\/\/tvalaire.com\/wp-content\/uploads\/2017\/02\/ES-INAUGURADA-LA-PRIMER-SEMANA-NACIONAL-DE-SALUD.jpg",1024,683,false],"newsium-featured":["http:\/\/tvalaire.com\/wp-content\/uploads\/2017\/02\/ES-INAUGURADA-LA-PRIMER-SEMANA-NACIONAL-DE-SALUD.jpg",1024,683,false],"newsium-medium":["http:\/\/tvalaire.com\/wp-content\/uploads\/2017\/02\/ES-INAUGURADA-LA-PRIMER-SEMANA-NACIONAL-DE-SALUD.jpg",712,475,false]},"author_info":{"info":["tvalairenoti"]},"category_info":"<a href=\"http:\/\/tvalaire.com\/?cat=1\" rel=\"category\">La Piedad<\/a>","tag_info":"La Piedad","comment_count":"0","jetpack_featured_media_url":"http:\/\/tvalaire.com\/wp-content\/uploads\/2017\/02\/ES-INAUGURADA-LA-PRIMER-SEMANA-NACIONAL-DE-SALUD.jpg","_links":{"self":[{"href":"http:\/\/tvalaire.com\/index.php?rest_route=\/wp\/v2\/posts\/638"}],"collection":[{"href":"http:\/\/tvalaire.com\/index.php?rest_route=\/wp\/v2\/posts"}],"about":[{"href":"http:\/\/tvalaire.com\/index.php?rest_route=\/wp\/v2\/types\/post"}],"author":[{"embeddable":true,"href":"http:\/\/tvalaire.com\/index.php?rest_route=\/wp\/v2\/users\/1"}],"replies":[{"embeddable":true,"href":"http:\/\/tvalaire.com\/index.php?rest_route=%2Fwp%2Fv2%2Fcomments&post=638"}],"version-history":[{"count":1,"href":"http:\/\/tvalaire.com\/index.php?rest_route=\/wp\/v2\/posts\/638\/revisions"}],"predecessor-version":[{"id":639,"href":"http:\/\/tvalaire.com\/index.php?rest_route=\/wp\/v2\/posts\/638\/revisions\/639"}],"wp:featuredmedia":[{"embeddable":true,"href":"http:\/\/tvalaire.com\/index.php?rest_route=\/wp\/v2\/media\/632"}],"wp:attachment":[{"href":"http:\/\/tvalaire.com\/index.php?rest_route=%2Fwp%2Fv2%2Fmedia&parent=638"}],"wp:term":[{"taxonomy":"category","embeddable":true,"href":"http:\/\/tvalaire.com\/index.php?rest_route=%2Fwp%2Fv2%2Fcategories&post=638"},{"taxonomy":"post_tag","embeddable":true,"href":"http:\/\/tvalaire.com\/index.php?rest_route=%2Fwp%2Fv2%2Ftags&post=638"}],"curies":[{"name":"wp","href":"https:\/\/api.w.org\/{rel}","templated":true}]}}