{"id":6359,"date":"2020-03-09T10:58:38","date_gmt":"2020-03-09T16:58:38","guid":{"rendered":"http:\/\/tvalaire.com\/?p=6359"},"modified":"2020-03-10T11:02:40","modified_gmt":"2020-03-10T17:02:40","slug":"anuncian-jornada-del-migrante","status":"publish","type":"post","link":"http:\/\/tvalaire.com\/?p=6359","title":{"rendered":"ANUNCIAN JORNADA DEL MIGRANTE"},"content":{"rendered":"\n<p><\/p>\n\n\n\n<ul class=\"wp-block-list\"><li><strong>Habr\u00e1\na su vez servicios integrales de atenci\u00f3n para la poblaci\u00f3n<\/strong><\/li><li><strong>Entrevistaran\na integrantes del nuevo grupo de \u201cPalomas mensajeras\u201d<\/strong><\/li><\/ul>\n\n\n\n<p>El pr\u00f3ximo mi\u00e9rcoles 11 de\nmarzo se llevar\u00e1 a cabo una Jornada de Migrante en esta ciudad, en donde adem\u00e1s\nde hacer las entrevistas a los integrantes del nuevo grupo de \u201cPalomas\nmensajeras\u201d, habr\u00e1 servicios integrales de atenci\u00f3n para la ciudadan\u00eda.<\/p>\n\n\n\n<p>La jornada tendr\u00e1 como sede\nla Plaza Principal y se contar\u00e1 con la presencia de personal de la Secretar\u00eda\ndel Migrante encargada en hacer las entrevistas a las \u201cPalomas mensajeras\u201d;\nhabr\u00e1 una Feria de Vacunaci\u00f3n que pondr\u00e1 en marcha la Secretar\u00eda de Salud.<\/p>\n\n\n\n<p>Estar\u00e1 tambi\u00e9n personal del\nRegistro Civil; del Instituto Nacional de Educaci\u00f3n para Adultos (INEA); del\nServicio Nacional del Empleo; Defensor\u00eda P\u00fablica; DICONSA, as\u00ed como otras\ndependencias que est\u00e1n por confirmar.<\/p>\n\n\n\n<p>Fernanda C\u00e1rdenas Ayala,\nencargada de la direcci\u00f3n de Vinculaci\u00f3n Internacional inform\u00f3 que personal a\nsu cargo promover\u00e1 los servicios que el Gobierno Municipal a trav\u00e9s de esta\ndependencia ofrece a la poblaci\u00f3n.<\/p>\n\n\n\n<p>El arranque de la jornada de trabajo ser\u00e1 a partir de las 09:00 de la ma\u00f1ana por lo que invit\u00f3 a la poblaci\u00f3n que requiera alg\u00fan tipo de tr\u00e1mite o servicio ante las dependencias antesmencionadas, a que acuda este 11 de marzo a la Plaza Principal.<\/p>\n\n\n\n<figure class=\"wp-block-gallery columns-1 is-cropped wp-block-gallery-1 is-layout-flex wp-block-gallery-is-layout-flex\"><ul class=\"blocks-gallery-grid\"><li class=\"blocks-gallery-item\"><figure><img loading=\"lazy\" decoding=\"async\" width=\"1024\" height=\"683\" src=\"http:\/\/tvalaire.com\/wp-content\/uploads\/2020\/03\/1-1-1.jpg\" alt=\"\" data-id=\"6360\" data-full-url=\"http:\/\/tvalaire.com\/wp-content\/uploads\/2020\/03\/1-1-1.jpg\" data-link=\"http:\/\/tvalaire.com\/?attachment_id=6360\" class=\"wp-image-6360\" srcset=\"http:\/\/tvalaire.com\/wp-content\/uploads\/2020\/03\/1-1-1.jpg 1024w, http:\/\/tvalaire.com\/wp-content\/uploads\/2020\/03\/1-1-1-300x200.jpg 300w, http:\/\/tvalaire.com\/wp-content\/uploads\/2020\/03\/1-1-1-768x512.jpg 768w, http:\/\/tvalaire.com\/wp-content\/uploads\/2020\/03\/1-1-1-90x60.jpg 90w\" sizes=\"(max-width: 1024px) 100vw, 1024px\" \/><\/figure><\/li><li class=\"blocks-gallery-item\"><figure><img loading=\"lazy\" decoding=\"async\" width=\"1024\" height=\"683\" src=\"http:\/\/tvalaire.com\/wp-content\/uploads\/2020\/03\/1-2-1-1024x683.jpg\" alt=\"\" data-id=\"6361\" data-full-url=\"http:\/\/tvalaire.com\/wp-content\/uploads\/2020\/03\/1-2-1-scaled.jpg\" data-link=\"http:\/\/tvalaire.com\/?attachment_id=6361\" class=\"wp-image-6361\" srcset=\"http:\/\/tvalaire.com\/wp-content\/uploads\/2020\/03\/1-2-1-1024x683.jpg 1024w, http:\/\/tvalaire.com\/wp-content\/uploads\/2020\/03\/1-2-1-300x200.jpg 300w, http:\/\/tvalaire.com\/wp-content\/uploads\/2020\/03\/1-2-1-768x512.jpg 768w, http:\/\/tvalaire.com\/wp-content\/uploads\/2020\/03\/1-2-1-1536x1025.jpg 1536w, http:\/\/tvalaire.com\/wp-content\/uploads\/2020\/03\/1-2-1-2048x1367.jpg 2048w, http:\/\/tvalaire.com\/wp-content\/uploads\/2020\/03\/1-2-1-90x60.jpg 90w\" sizes=\"(max-width: 1024px) 100vw, 1024px\" \/><\/figure><\/li><li class=\"blocks-gallery-item\"><figure><img loading=\"lazy\" decoding=\"async\" width=\"1024\" height=\"683\" src=\"http:\/\/tvalaire.com\/wp-content\/uploads\/2020\/03\/1-3-1-1024x683.jpg\" alt=\"\" data-id=\"6363\" data-full-url=\"http:\/\/tvalaire.com\/wp-content\/uploads\/2020\/03\/1-3-1-scaled.jpg\" data-link=\"http:\/\/tvalaire.com\/?attachment_id=6363\" class=\"wp-image-6363\" srcset=\"http:\/\/tvalaire.com\/wp-content\/uploads\/2020\/03\/1-3-1-1024x683.jpg 1024w, http:\/\/tvalaire.com\/wp-content\/uploads\/2020\/03\/1-3-1-300x200.jpg 300w, http:\/\/tvalaire.com\/wp-content\/uploads\/2020\/03\/1-3-1-768x512.jpg 768w, http:\/\/tvalaire.com\/wp-content\/uploads\/2020\/03\/1-3-1-1536x1025.jpg 1536w, http:\/\/tvalaire.com\/wp-content\/uploads\/2020\/03\/1-3-1-2048x1367.jpg 2048w, http:\/\/tvalaire.com\/wp-content\/uploads\/2020\/03\/1-3-1-90x60.jpg 90w\" sizes=\"(max-width: 1024px) 100vw, 1024px\" \/><\/figure><\/li><li class=\"blocks-gallery-item\"><figure><img loading=\"lazy\" decoding=\"async\" width=\"1024\" height=\"683\" src=\"http:\/\/tvalaire.com\/wp-content\/uploads\/2020\/03\/1-4-1024x683.jpg\" alt=\"\" data-id=\"6365\" data-full-url=\"http:\/\/tvalaire.com\/wp-content\/uploads\/2020\/03\/1-4-scaled.jpg\" data-link=\"http:\/\/tvalaire.com\/?attachment_id=6365\" class=\"wp-image-6365\" srcset=\"http:\/\/tvalaire.com\/wp-content\/uploads\/2020\/03\/1-4-1024x683.jpg 1024w, http:\/\/tvalaire.com\/wp-content\/uploads\/2020\/03\/1-4-300x200.jpg 300w, http:\/\/tvalaire.com\/wp-content\/uploads\/2020\/03\/1-4-768x512.jpg 768w, http:\/\/tvalaire.com\/wp-content\/uploads\/2020\/03\/1-4-1536x1025.jpg 1536w, http:\/\/tvalaire.com\/wp-content\/uploads\/2020\/03\/1-4-2048x1367.jpg 2048w, http:\/\/tvalaire.com\/wp-content\/uploads\/2020\/03\/1-4-90x60.jpg 90w\" sizes=\"(max-width: 1024px) 100vw, 1024px\" \/><\/figure><\/li><\/ul><\/figure>\n","protected":false},"excerpt":{"rendered":"<p>Habr\u00e1 a su vez servicios integrales de atenci\u00f3n para la poblaci\u00f3n Entrevistaran a integrantes del&#8230;<\/p>\n","protected":false},"author":1,"featured_media":6360,"comment_status":"open","ping_status":"open","sticky":false,"template":"","format":"standard","meta":{"jetpack_post_was_ever_published":false,"_jetpack_newsletter_access":"","_jetpack_dont_email_post_to_subs":false,"_jetpack_newsletter_tier_id":0,"_jetpack_memberships_contains_paywalled_content":false,"_jetpack_memberships_contains_paid_content":false,"footnotes":"","jetpack_publicize_message":"","jetpack_publicize_feature_enabled":true,"jetpack_social_post_already_shared":false,"jetpack_social_options":{"image_generator_settings":{"template":"highway","enabled":false},"version":2}},"categories":[1],"tags":[15,36],"class_list":["post-6359","post","type-post","status-publish","format-standard","has-post-thumbnail","hentry","category-la-piedad","tag-la-piedad","tag-principales"],"jetpack_publicize_connections":[],"jetpack_sharing_enabled":true,"featured_image_urls":{"full":["http:\/\/tvalaire.com\/wp-content\/uploads\/2020\/03\/1-1-1.jpg",1024,683,false],"thumbnail":["http:\/\/tvalaire.com\/wp-content\/uploads\/2020\/03\/1-1-1-150x150.jpg",150,150,true],"medium":["http:\/\/tvalaire.com\/wp-content\/uploads\/2020\/03\/1-1-1-300x200.jpg",300,200,true],"medium_large":["http:\/\/tvalaire.com\/wp-content\/uploads\/2020\/03\/1-1-1-768x512.jpg",640,427,true],"large":["http:\/\/tvalaire.com\/wp-content\/uploads\/2020\/03\/1-1-1.jpg",640,427,false],"post-slider-thumb-size":["http:\/\/tvalaire.com\/wp-content\/uploads\/2020\/03\/1-1-1-330x190.jpg",330,190,true],"post-category-slider-size":["http:\/\/tvalaire.com\/wp-content\/uploads\/2020\/03\/1-1-1.jpg",330,220,false],"1536x1536":["http:\/\/tvalaire.com\/wp-content\/uploads\/2020\/03\/1-1-1.jpg",1024,683,false],"2048x2048":["http:\/\/tvalaire.com\/wp-content\/uploads\/2020\/03\/1-1-1.jpg",1024,683,false],"newsium-slider-full":["http:\/\/tvalaire.com\/wp-content\/uploads\/2020\/03\/1-1-1.jpg",1024,683,false],"newsium-featured":["http:\/\/tvalaire.com\/wp-content\/uploads\/2020\/03\/1-1-1.jpg",1024,683,false],"newsium-medium":["http:\/\/tvalaire.com\/wp-content\/uploads\/2020\/03\/1-1-1.jpg",712,475,false]},"author_info":{"info":["tvalairenoti"]},"category_info":"<a href=\"http:\/\/tvalaire.com\/?cat=1\" rel=\"category\">La Piedad<\/a>","tag_info":"La Piedad","comment_count":"0","jetpack_featured_media_url":"http:\/\/tvalaire.com\/wp-content\/uploads\/2020\/03\/1-1-1.jpg","_links":{"self":[{"href":"http:\/\/tvalaire.com\/index.php?rest_route=\/wp\/v2\/posts\/6359"}],"collection":[{"href":"http:\/\/tvalaire.com\/index.php?rest_route=\/wp\/v2\/posts"}],"about":[{"href":"http:\/\/tvalaire.com\/index.php?rest_route=\/wp\/v2\/types\/post"}],"author":[{"embeddable":true,"href":"http:\/\/tvalaire.com\/index.php?rest_route=\/wp\/v2\/users\/1"}],"replies":[{"embeddable":true,"href":"http:\/\/tvalaire.com\/index.php?rest_route=%2Fwp%2Fv2%2Fcomments&post=6359"}],"version-history":[{"count":1,"href":"http:\/\/tvalaire.com\/index.php?rest_route=\/wp\/v2\/posts\/6359\/revisions"}],"predecessor-version":[{"id":6366,"href":"http:\/\/tvalaire.com\/index.php?rest_route=\/wp\/v2\/posts\/6359\/revisions\/6366"}],"wp:featuredmedia":[{"embeddable":true,"href":"http:\/\/tvalaire.com\/index.php?rest_route=\/wp\/v2\/media\/6360"}],"wp:attachment":[{"href":"http:\/\/tvalaire.com\/index.php?rest_route=%2Fwp%2Fv2%2Fmedia&parent=6359"}],"wp:term":[{"taxonomy":"category","embeddable":true,"href":"http:\/\/tvalaire.com\/index.php?rest_route=%2Fwp%2Fv2%2Fcategories&post=6359"},{"taxonomy":"post_tag","embeddable":true,"href":"http:\/\/tvalaire.com\/index.php?rest_route=%2Fwp%2Fv2%2Ftags&post=6359"}],"curies":[{"name":"wp","href":"https:\/\/api.w.org\/{rel}","templated":true}]}}