{"id":6272,"date":"2020-03-03T15:17:07","date_gmt":"2020-03-03T21:17:07","guid":{"rendered":"http:\/\/tvalaire.com\/?p=6272"},"modified":"2020-03-03T15:17:12","modified_gmt":"2020-03-03T21:17:12","slug":"instalan-el-sistema-de-proteccion-integral-de-ninas-ninos-y-adolescentes","status":"publish","type":"post","link":"http:\/\/tvalaire.com\/?p=6272","title":{"rendered":"INSTALAN EL SISTEMA DE PROTECCI\u00d3N INTEGRAL DE NI\u00d1AS NI\u00d1OS Y ADOLESCENTES"},"content":{"rendered":"\n<p><strong>Objetivo es establecer pol\u00edticas p\u00fablicas para proteger sus derechos<\/strong><\/p>\n\n\n\n<p><strong>Alcalde toma protesta a los integrantes del SIPINNA<\/strong><\/p>\n\n\n\n<p>Qued\u00f3 instalado el Sistema\nde Protecci\u00f3n Integral de Ni\u00f1as, Ni\u00f1os y Adolescentes (SIPINNA) La Piedad, cuyo\nprop\u00f3sito principal ser\u00e1 servir como estancia encargada de establecer\ninstrumentos de apoyo, pol\u00edticas p\u00fablicas, procedimientos, servicios y acciones\nde protecci\u00f3n y garant\u00edas de los derechos para los menores de edad.<\/p>\n\n\n\n<p>La integraci\u00f3n y toma de\nprotesta de la estancia, se llev\u00f3 a cabo en las instalaciones del Centro\nComunitario \u201cCarlos Abascal Carranza\u201d de la colonia Santa Fe y corri\u00f3 a cargo\nde la secretaria ejecutiva del sistema municipal SIPINNA, Alma Orozco.<\/p>\n\n\n\n<p>La declaratoria formal de su\ninstalaci\u00f3n corri\u00f3 a cargo de nuestro alcalde Alex Espinoza; quien tom\u00f3\nprotesta a los integrantes de este sistema y la presentaci\u00f3n de la Secretaria\nEjecutiva, con la presentaci\u00f3n y aprobaci\u00f3n de los representantes de la sociedad\ncivil quienes la conforman.<\/p>\n\n\n\n<p>El SIPINNA La Piedad qued\u00f3\nintegrado de la siguiente manera: Presidente Municipal, Alex Espinoza;\nsecretario del Ayuntamiento, Samuel Hidalgo; directora del DIF Municipal, Ana\nRaquel Salazar; tesorero Rigoberto Ortiz; directores de educaci\u00f3n, Horacio\nMart\u00edn S\u00e1nchez; de desarrollo social C\u00e9sar Oceguera; de la instancia de la\nmujer, Claudia Eugenia Buenrostro; de atenci\u00f3n al migrante Fernada C\u00e1rdenas; el\njefe de Unidad de Servicios del Empleo Jessica Alejandra Ram\u00edrez; de la Fiscal\u00eda\nRegional de Justicia, Ireri Moreno; el ni\u00f1o David Rafael Garc\u00eda; la adolescente\nEunice Jissel Espinoza; as\u00ed como los Jefes de Tenencia de Ticu\u00edtaco, R\u00edo Grande\ny Los Guajes.<\/p>\n\n\n\n<p>Tambi\u00e9n intervienen los regidores Claudia Arcelia Guzm\u00e1n, Jos\u00e9 Luis Torres, Mar\u00eda del Carmen Alvarado; los directores de Deportes Lenin L\u00f3pez; de Cultura Guillermo Rico, del INJUP, Rigoberto Romero; directora del Centro de Integraci\u00f3n Juvenil, Irma Gabriela Villase\u00f1or; la directora de UNIVA, Natalia Alejandra Salina; director del Tecnol\u00f3gico, Juan Manuel Padilla; visitador de la Comisi\u00f3n Estatal de Derechos Humanos, Oscar N\u00fa\u00f1ez y el jefe de la Jurisdicci\u00f3n, Luis Alberto Arriaga.<\/p>\n\n\n\n<figure class=\"wp-block-gallery columns-1 is-cropped wp-block-gallery-1 is-layout-flex wp-block-gallery-is-layout-flex\"><ul class=\"blocks-gallery-grid\"><li class=\"blocks-gallery-item\"><figure><img loading=\"lazy\" decoding=\"async\" width=\"1024\" height=\"683\" src=\"http:\/\/tvalaire.com\/wp-content\/uploads\/2020\/03\/1-4-4-1024x683.jpeg\" alt=\"\" data-id=\"6276\" data-full-url=\"http:\/\/tvalaire.com\/wp-content\/uploads\/2020\/03\/1-4-4.jpeg\" data-link=\"http:\/\/tvalaire.com\/?attachment_id=6276\" class=\"wp-image-6276\" srcset=\"http:\/\/tvalaire.com\/wp-content\/uploads\/2020\/03\/1-4-4-1024x683.jpeg 1024w, http:\/\/tvalaire.com\/wp-content\/uploads\/2020\/03\/1-4-4-300x200.jpeg 300w, http:\/\/tvalaire.com\/wp-content\/uploads\/2020\/03\/1-4-4-768x512.jpeg 768w, http:\/\/tvalaire.com\/wp-content\/uploads\/2020\/03\/1-4-4-90x60.jpeg 90w, http:\/\/tvalaire.com\/wp-content\/uploads\/2020\/03\/1-4-4.jpeg 1151w\" sizes=\"(max-width: 1024px) 100vw, 1024px\" \/><\/figure><\/li><li class=\"blocks-gallery-item\"><figure><img loading=\"lazy\" decoding=\"async\" width=\"1024\" height=\"683\" src=\"http:\/\/tvalaire.com\/wp-content\/uploads\/2020\/03\/1-3-5-1024x683.jpeg\" alt=\"\" data-id=\"6275\" data-full-url=\"http:\/\/tvalaire.com\/wp-content\/uploads\/2020\/03\/1-3-5.jpeg\" data-link=\"http:\/\/tvalaire.com\/?attachment_id=6275\" class=\"wp-image-6275\" srcset=\"http:\/\/tvalaire.com\/wp-content\/uploads\/2020\/03\/1-3-5-1024x683.jpeg 1024w, http:\/\/tvalaire.com\/wp-content\/uploads\/2020\/03\/1-3-5-300x200.jpeg 300w, http:\/\/tvalaire.com\/wp-content\/uploads\/2020\/03\/1-3-5-768x512.jpeg 768w, http:\/\/tvalaire.com\/wp-content\/uploads\/2020\/03\/1-3-5-90x60.jpeg 90w, http:\/\/tvalaire.com\/wp-content\/uploads\/2020\/03\/1-3-5.jpeg 1151w\" sizes=\"(max-width: 1024px) 100vw, 1024px\" \/><\/figure><\/li><li class=\"blocks-gallery-item\"><figure><img loading=\"lazy\" decoding=\"async\" width=\"1024\" height=\"683\" src=\"http:\/\/tvalaire.com\/wp-content\/uploads\/2020\/03\/1-2-5-1024x683.jpeg\" alt=\"\" data-id=\"6274\" data-full-url=\"http:\/\/tvalaire.com\/wp-content\/uploads\/2020\/03\/1-2-5.jpeg\" data-link=\"http:\/\/tvalaire.com\/?attachment_id=6274\" class=\"wp-image-6274\" srcset=\"http:\/\/tvalaire.com\/wp-content\/uploads\/2020\/03\/1-2-5-1024x683.jpeg 1024w, http:\/\/tvalaire.com\/wp-content\/uploads\/2020\/03\/1-2-5-300x200.jpeg 300w, http:\/\/tvalaire.com\/wp-content\/uploads\/2020\/03\/1-2-5-768x512.jpeg 768w, http:\/\/tvalaire.com\/wp-content\/uploads\/2020\/03\/1-2-5-90x60.jpeg 90w, http:\/\/tvalaire.com\/wp-content\/uploads\/2020\/03\/1-2-5.jpeg 1151w\" sizes=\"(max-width: 1024px) 100vw, 1024px\" \/><\/figure><\/li><li class=\"blocks-gallery-item\"><figure><img loading=\"lazy\" decoding=\"async\" width=\"1024\" height=\"683\" src=\"http:\/\/tvalaire.com\/wp-content\/uploads\/2020\/03\/1-1-5-1024x683.jpeg\" alt=\"\" data-id=\"6273\" data-full-url=\"http:\/\/tvalaire.com\/wp-content\/uploads\/2020\/03\/1-1-5.jpeg\" data-link=\"http:\/\/tvalaire.com\/?attachment_id=6273\" class=\"wp-image-6273\" srcset=\"http:\/\/tvalaire.com\/wp-content\/uploads\/2020\/03\/1-1-5-1024x683.jpeg 1024w, http:\/\/tvalaire.com\/wp-content\/uploads\/2020\/03\/1-1-5-300x200.jpeg 300w, http:\/\/tvalaire.com\/wp-content\/uploads\/2020\/03\/1-1-5-768x512.jpeg 768w, http:\/\/tvalaire.com\/wp-content\/uploads\/2020\/03\/1-1-5-90x60.jpeg 90w, http:\/\/tvalaire.com\/wp-content\/uploads\/2020\/03\/1-1-5.jpeg 1151w\" sizes=\"(max-width: 1024px) 100vw, 1024px\" \/><\/figure><\/li><\/ul><\/figure>\n","protected":false},"excerpt":{"rendered":"<p>Objetivo es establecer pol\u00edticas p\u00fablicas para proteger sus derechos Alcalde toma protesta a los integrantes&#8230;<\/p>\n","protected":false},"author":1,"featured_media":6274,"comment_status":"open","ping_status":"open","sticky":false,"template":"","format":"standard","meta":{"jetpack_post_was_ever_published":false,"_jetpack_newsletter_access":"","_jetpack_dont_email_post_to_subs":false,"_jetpack_newsletter_tier_id":0,"_jetpack_memberships_contains_paywalled_content":false,"_jetpack_memberships_contains_paid_content":false,"footnotes":"","jetpack_publicize_message":"","jetpack_publicize_feature_enabled":true,"jetpack_social_post_already_shared":false,"jetpack_social_options":{"image_generator_settings":{"template":"highway","enabled":false},"version":2}},"categories":[1,35],"tags":[15,36],"class_list":["post-6272","post","type-post","status-publish","format-standard","has-post-thumbnail","hentry","category-la-piedad","category-principales","tag-la-piedad","tag-principales"],"jetpack_publicize_connections":[],"jetpack_sharing_enabled":true,"featured_image_urls":{"full":["http:\/\/tvalaire.com\/wp-content\/uploads\/2020\/03\/1-2-5.jpeg",1151,768,false],"thumbnail":["http:\/\/tvalaire.com\/wp-content\/uploads\/2020\/03\/1-2-5-150x150.jpeg",150,150,true],"medium":["http:\/\/tvalaire.com\/wp-content\/uploads\/2020\/03\/1-2-5-300x200.jpeg",300,200,true],"medium_large":["http:\/\/tvalaire.com\/wp-content\/uploads\/2020\/03\/1-2-5-768x512.jpeg",640,427,true],"large":["http:\/\/tvalaire.com\/wp-content\/uploads\/2020\/03\/1-2-5-1024x683.jpeg",640,427,true],"post-slider-thumb-size":["http:\/\/tvalaire.com\/wp-content\/uploads\/2020\/03\/1-2-5-330x190.jpeg",330,190,true],"post-category-slider-size":["http:\/\/tvalaire.com\/wp-content\/uploads\/2020\/03\/1-2-5.jpeg",330,220,false],"1536x1536":["http:\/\/tvalaire.com\/wp-content\/uploads\/2020\/03\/1-2-5.jpeg",1151,768,false],"2048x2048":["http:\/\/tvalaire.com\/wp-content\/uploads\/2020\/03\/1-2-5.jpeg",1151,768,false],"newsium-slider-full":["http:\/\/tvalaire.com\/wp-content\/uploads\/2020\/03\/1-2-5.jpeg",1151,768,false],"newsium-featured":["http:\/\/tvalaire.com\/wp-content\/uploads\/2020\/03\/1-2-5.jpeg",1024,683,false],"newsium-medium":["http:\/\/tvalaire.com\/wp-content\/uploads\/2020\/03\/1-2-5.jpeg",712,475,false]},"author_info":{"info":["tvalairenoti"]},"category_info":"<a href=\"http:\/\/tvalaire.com\/?cat=1\" rel=\"category\">La Piedad<\/a> <a href=\"http:\/\/tvalaire.com\/?cat=35\" rel=\"category\">Principales<\/a>","tag_info":"Principales","comment_count":"0","jetpack_featured_media_url":"http:\/\/tvalaire.com\/wp-content\/uploads\/2020\/03\/1-2-5.jpeg","_links":{"self":[{"href":"http:\/\/tvalaire.com\/index.php?rest_route=\/wp\/v2\/posts\/6272"}],"collection":[{"href":"http:\/\/tvalaire.com\/index.php?rest_route=\/wp\/v2\/posts"}],"about":[{"href":"http:\/\/tvalaire.com\/index.php?rest_route=\/wp\/v2\/types\/post"}],"author":[{"embeddable":true,"href":"http:\/\/tvalaire.com\/index.php?rest_route=\/wp\/v2\/users\/1"}],"replies":[{"embeddable":true,"href":"http:\/\/tvalaire.com\/index.php?rest_route=%2Fwp%2Fv2%2Fcomments&post=6272"}],"version-history":[{"count":1,"href":"http:\/\/tvalaire.com\/index.php?rest_route=\/wp\/v2\/posts\/6272\/revisions"}],"predecessor-version":[{"id":6277,"href":"http:\/\/tvalaire.com\/index.php?rest_route=\/wp\/v2\/posts\/6272\/revisions\/6277"}],"wp:featuredmedia":[{"embeddable":true,"href":"http:\/\/tvalaire.com\/index.php?rest_route=\/wp\/v2\/media\/6274"}],"wp:attachment":[{"href":"http:\/\/tvalaire.com\/index.php?rest_route=%2Fwp%2Fv2%2Fmedia&parent=6272"}],"wp:term":[{"taxonomy":"category","embeddable":true,"href":"http:\/\/tvalaire.com\/index.php?rest_route=%2Fwp%2Fv2%2Fcategories&post=6272"},{"taxonomy":"post_tag","embeddable":true,"href":"http:\/\/tvalaire.com\/index.php?rest_route=%2Fwp%2Fv2%2Ftags&post=6272"}],"curies":[{"name":"wp","href":"https:\/\/api.w.org\/{rel}","templated":true}]}}