{"id":6231,"date":"2020-03-02T16:05:11","date_gmt":"2020-03-02T22:05:11","guid":{"rendered":"http:\/\/tvalaire.com\/?p=6231"},"modified":"2020-03-02T16:05:14","modified_gmt":"2020-03-02T22:05:14","slug":"inician-mejora-de-la-calle-madero-en-la-comunidad-el-cuitzillo","status":"publish","type":"post","link":"http:\/\/tvalaire.com\/?p=6231","title":{"rendered":"INICIAN MEJORA DE LA CALLE MADERO EN LA COMUNIDAD EL CUITZILLO"},"content":{"rendered":"\n<p><\/p>\n\n\n\n<ul class=\"wp-block-list\"><li><strong>A\ntrav\u00e9s del Fondo III se destinan m\u00e1s de 500 mil pesos <\/strong><\/li><li><strong>Rehabilitar\u00e1n\nm\u00e1s de mil 506 metros cuadrados con pavimento <\/strong><\/li><\/ul>\n\n\n\n<p>Favorecer las condiciones de\nvida de los piedadenses ha sido un trabajo constante en las gestiones que el\nalcalde Alex Espinoza, realiza en favor de los piedandensestanto en la zona\nurbana como en la rural.<\/p>\n\n\n\n<p>En este sentido el\npresidente estuvo en la comunidad de El Cuitzillo en la que en compa\u00f1\u00eda de los\nvecinos que se ver\u00e1n favorecidos, dieron el banderazo inicial para comenzar con\nlos trabajos de rehabilitaci\u00f3n de la calle Madero de esa parte de la ciudad. <\/p>\n\n\n\n<p>Ser\u00e1 a trav\u00e9s del programa\nFondo III que las labores de mejoramiento que se han iniciado, se realice la\nrehabilitaci\u00f3n de mil 506 metros cuadrados con pavimento, banquetas, rampas\npara discapacitados, machuelos, entre otras acciones. La inversi\u00f3n es mayor a\nlos 507 mil pesos.&nbsp; <\/p>\n\n\n\n<p>Ah\u00ed el presidente dijo que\neste tipo de acciones tienen el objetivo principal de dignificar el lugar en\ndonde se vive, beneficiando as\u00ed a los ciudadanos con un entorno mejorado en el\nque se pueda convivir y vivir de una manera m\u00e1s amena.<\/p>\n\n\n\n<p>Destac\u00f3 que en la administraci\u00f3n que tiene a su cargo las comunidades se han visto favorecidas tanto en la infraestructura vial, educaci\u00f3n y apoyos al campo como pocas veces, reiterando que se seguir\u00e1 trabajando bajo este mismo esquema, gestionando acciones ante las diferentes instancias de Gobierno Federal o Estatal. <\/p>\n\n\n\n<figure class=\"wp-block-gallery columns-3 is-cropped wp-block-gallery-1 is-layout-flex wp-block-gallery-is-layout-flex\"><ul class=\"blocks-gallery-grid\"><li class=\"blocks-gallery-item\"><figure><img loading=\"lazy\" decoding=\"async\" width=\"1024\" height=\"683\" src=\"http:\/\/tvalaire.com\/wp-content\/uploads\/2020\/03\/1-4-1-1024x683.jpeg\" alt=\"\" data-id=\"6235\" data-full-url=\"http:\/\/tvalaire.com\/wp-content\/uploads\/2020\/03\/1-4-1.jpeg\" data-link=\"http:\/\/tvalaire.com\/?attachment_id=6235\" class=\"wp-image-6235\" srcset=\"http:\/\/tvalaire.com\/wp-content\/uploads\/2020\/03\/1-4-1-1024x683.jpeg 1024w, http:\/\/tvalaire.com\/wp-content\/uploads\/2020\/03\/1-4-1-300x200.jpeg 300w, http:\/\/tvalaire.com\/wp-content\/uploads\/2020\/03\/1-4-1-768x512.jpeg 768w, http:\/\/tvalaire.com\/wp-content\/uploads\/2020\/03\/1-4-1-90x60.jpeg 90w, http:\/\/tvalaire.com\/wp-content\/uploads\/2020\/03\/1-4-1.jpeg 1124w\" sizes=\"(max-width: 1024px) 100vw, 1024px\" \/><\/figure><\/li><li class=\"blocks-gallery-item\"><figure><img loading=\"lazy\" decoding=\"async\" width=\"1024\" height=\"683\" src=\"http:\/\/tvalaire.com\/wp-content\/uploads\/2020\/03\/1-3-2-1024x683.jpeg\" alt=\"\" data-id=\"6234\" data-full-url=\"http:\/\/tvalaire.com\/wp-content\/uploads\/2020\/03\/1-3-2.jpeg\" data-link=\"http:\/\/tvalaire.com\/?attachment_id=6234\" class=\"wp-image-6234\" srcset=\"http:\/\/tvalaire.com\/wp-content\/uploads\/2020\/03\/1-3-2-1024x683.jpeg 1024w, http:\/\/tvalaire.com\/wp-content\/uploads\/2020\/03\/1-3-2-300x200.jpeg 300w, http:\/\/tvalaire.com\/wp-content\/uploads\/2020\/03\/1-3-2-768x512.jpeg 768w, http:\/\/tvalaire.com\/wp-content\/uploads\/2020\/03\/1-3-2-90x60.jpeg 90w, http:\/\/tvalaire.com\/wp-content\/uploads\/2020\/03\/1-3-2.jpeg 1124w\" sizes=\"(max-width: 1024px) 100vw, 1024px\" \/><\/figure><\/li><li class=\"blocks-gallery-item\"><figure><img loading=\"lazy\" decoding=\"async\" width=\"1024\" height=\"683\" src=\"http:\/\/tvalaire.com\/wp-content\/uploads\/2020\/03\/1-2-2-1024x683.jpeg\" alt=\"\" data-id=\"6233\" data-full-url=\"http:\/\/tvalaire.com\/wp-content\/uploads\/2020\/03\/1-2-2.jpeg\" data-link=\"http:\/\/tvalaire.com\/?attachment_id=6233\" class=\"wp-image-6233\" srcset=\"http:\/\/tvalaire.com\/wp-content\/uploads\/2020\/03\/1-2-2-1024x683.jpeg 1024w, http:\/\/tvalaire.com\/wp-content\/uploads\/2020\/03\/1-2-2-300x200.jpeg 300w, http:\/\/tvalaire.com\/wp-content\/uploads\/2020\/03\/1-2-2-768x512.jpeg 768w, http:\/\/tvalaire.com\/wp-content\/uploads\/2020\/03\/1-2-2-90x60.jpeg 90w, http:\/\/tvalaire.com\/wp-content\/uploads\/2020\/03\/1-2-2.jpeg 1124w\" sizes=\"(max-width: 1024px) 100vw, 1024px\" \/><\/figure><\/li><li class=\"blocks-gallery-item\"><figure><img loading=\"lazy\" decoding=\"async\" width=\"1024\" height=\"683\" src=\"http:\/\/tvalaire.com\/wp-content\/uploads\/2020\/03\/1-1-2-1024x683.jpeg\" alt=\"\" data-id=\"6232\" data-full-url=\"http:\/\/tvalaire.com\/wp-content\/uploads\/2020\/03\/1-1-2.jpeg\" data-link=\"http:\/\/tvalaire.com\/?attachment_id=6232\" class=\"wp-image-6232\" srcset=\"http:\/\/tvalaire.com\/wp-content\/uploads\/2020\/03\/1-1-2-1024x683.jpeg 1024w, http:\/\/tvalaire.com\/wp-content\/uploads\/2020\/03\/1-1-2-300x200.jpeg 300w, http:\/\/tvalaire.com\/wp-content\/uploads\/2020\/03\/1-1-2-768x512.jpeg 768w, http:\/\/tvalaire.com\/wp-content\/uploads\/2020\/03\/1-1-2-90x60.jpeg 90w, http:\/\/tvalaire.com\/wp-content\/uploads\/2020\/03\/1-1-2.jpeg 1124w\" sizes=\"(max-width: 1024px) 100vw, 1024px\" \/><\/figure><\/li><\/ul><\/figure>\n","protected":false},"excerpt":{"rendered":"<p>A trav\u00e9s del Fondo III se destinan m\u00e1s de 500 mil pesos Rehabilitar\u00e1n m\u00e1s de&#8230;<\/p>\n","protected":false},"author":1,"featured_media":6233,"comment_status":"open","ping_status":"open","sticky":false,"template":"","format":"standard","meta":{"jetpack_post_was_ever_published":false,"_jetpack_newsletter_access":"","_jetpack_dont_email_post_to_subs":false,"_jetpack_newsletter_tier_id":0,"_jetpack_memberships_contains_paywalled_content":false,"_jetpack_memberships_contains_paid_content":false,"footnotes":"","jetpack_publicize_message":"","jetpack_publicize_feature_enabled":true,"jetpack_social_post_already_shared":false,"jetpack_social_options":{"image_generator_settings":{"template":"highway","enabled":false},"version":2}},"categories":[1],"tags":[15,36],"class_list":["post-6231","post","type-post","status-publish","format-standard","has-post-thumbnail","hentry","category-la-piedad","tag-la-piedad","tag-principales"],"jetpack_publicize_connections":[],"jetpack_sharing_enabled":true,"featured_image_urls":{"full":["http:\/\/tvalaire.com\/wp-content\/uploads\/2020\/03\/1-2-2.jpeg",1124,750,false],"thumbnail":["http:\/\/tvalaire.com\/wp-content\/uploads\/2020\/03\/1-2-2-150x150.jpeg",150,150,true],"medium":["http:\/\/tvalaire.com\/wp-content\/uploads\/2020\/03\/1-2-2-300x200.jpeg",300,200,true],"medium_large":["http:\/\/tvalaire.com\/wp-content\/uploads\/2020\/03\/1-2-2-768x512.jpeg",640,427,true],"large":["http:\/\/tvalaire.com\/wp-content\/uploads\/2020\/03\/1-2-2-1024x683.jpeg",640,427,true],"post-slider-thumb-size":["http:\/\/tvalaire.com\/wp-content\/uploads\/2020\/03\/1-2-2-330x190.jpeg",330,190,true],"post-category-slider-size":["http:\/\/tvalaire.com\/wp-content\/uploads\/2020\/03\/1-2-2.jpeg",330,220,false],"1536x1536":["http:\/\/tvalaire.com\/wp-content\/uploads\/2020\/03\/1-2-2.jpeg",1124,750,false],"2048x2048":["http:\/\/tvalaire.com\/wp-content\/uploads\/2020\/03\/1-2-2.jpeg",1124,750,false],"newsium-slider-full":["http:\/\/tvalaire.com\/wp-content\/uploads\/2020\/03\/1-2-2.jpeg",1124,750,false],"newsium-featured":["http:\/\/tvalaire.com\/wp-content\/uploads\/2020\/03\/1-2-2.jpeg",1024,683,false],"newsium-medium":["http:\/\/tvalaire.com\/wp-content\/uploads\/2020\/03\/1-2-2.jpeg",712,475,false]},"author_info":{"info":["tvalairenoti"]},"category_info":"<a href=\"http:\/\/tvalaire.com\/?cat=1\" rel=\"category\">La Piedad<\/a>","tag_info":"La Piedad","comment_count":"0","jetpack_featured_media_url":"http:\/\/tvalaire.com\/wp-content\/uploads\/2020\/03\/1-2-2.jpeg","_links":{"self":[{"href":"http:\/\/tvalaire.com\/index.php?rest_route=\/wp\/v2\/posts\/6231"}],"collection":[{"href":"http:\/\/tvalaire.com\/index.php?rest_route=\/wp\/v2\/posts"}],"about":[{"href":"http:\/\/tvalaire.com\/index.php?rest_route=\/wp\/v2\/types\/post"}],"author":[{"embeddable":true,"href":"http:\/\/tvalaire.com\/index.php?rest_route=\/wp\/v2\/users\/1"}],"replies":[{"embeddable":true,"href":"http:\/\/tvalaire.com\/index.php?rest_route=%2Fwp%2Fv2%2Fcomments&post=6231"}],"version-history":[{"count":1,"href":"http:\/\/tvalaire.com\/index.php?rest_route=\/wp\/v2\/posts\/6231\/revisions"}],"predecessor-version":[{"id":6236,"href":"http:\/\/tvalaire.com\/index.php?rest_route=\/wp\/v2\/posts\/6231\/revisions\/6236"}],"wp:featuredmedia":[{"embeddable":true,"href":"http:\/\/tvalaire.com\/index.php?rest_route=\/wp\/v2\/media\/6233"}],"wp:attachment":[{"href":"http:\/\/tvalaire.com\/index.php?rest_route=%2Fwp%2Fv2%2Fmedia&parent=6231"}],"wp:term":[{"taxonomy":"category","embeddable":true,"href":"http:\/\/tvalaire.com\/index.php?rest_route=%2Fwp%2Fv2%2Fcategories&post=6231"},{"taxonomy":"post_tag","embeddable":true,"href":"http:\/\/tvalaire.com\/index.php?rest_route=%2Fwp%2Fv2%2Ftags&post=6231"}],"curies":[{"name":"wp","href":"https:\/\/api.w.org\/{rel}","templated":true}]}}