{"id":6197,"date":"2020-02-28T09:54:10","date_gmt":"2020-02-28T15:54:10","guid":{"rendered":"http:\/\/tvalaire.com\/?p=6197"},"modified":"2020-03-02T09:57:31","modified_gmt":"2020-03-02T15:57:31","slug":"anuncia-alcalde-de-la-piedad-segunda-etapa-de-mejoramiento-en-camino-al-fuerte","status":"publish","type":"post","link":"http:\/\/tvalaire.com\/?p=6197","title":{"rendered":"ANUNCIA ALCALDE DE LA PIEDAD SEGUNDA ETAPA DE MEJORAMIENTO EN CAMINO AL FUERTE"},"content":{"rendered":"\n<p><\/p>\n\n\n\n<ul class=\"wp-block-list\"><li><strong>Comienzan\nmejoras en los primeros d\u00edas de marzo<\/strong><\/li><li><strong>Reconoci\u00f3\nEdil la pronta respuesta de la SCT <\/strong><\/li><\/ul>\n\n\n\n<p>Nuestro presidente Alex\nEspinoza, anunci\u00f3 que en los primeros d\u00edas de marzo se iniciar\u00e1n los trabajos\nde mejoramiento vial en el camino que lleva a las comunidades de San Juan y El\nFuerte de este municipio. <\/p>\n\n\n\n<p>La tarde de hoy, el Alcalde\nde La Piedad hizo una supervisi\u00f3n por la zona en colaboraci\u00f3n con personal de\nla Secretar\u00eda de Comunicaciones y Transportes (SCT).<\/p>\n\n\n\n<p>En d\u00edas previos, nuestro\nEdil se entrevist\u00f3 con personal de la Secretar\u00eda de Comunicaciones y\nTransportes (SCT) para darle seguimiento puntual al tema y el d\u00eda hoy agradeci\u00f3\nla pronta respuesta de las autoridades estatales para iniciar los trabajos. <\/p>\n\n\n\n<p>Coment\u00f3 el Presidente que,\nen una primera etapa esta vialidad fue mejorada con 642 metros de carpeta\nasf\u00e1ltica y en los primeros 15 d\u00edas de marzo se estar\u00e1 dando inicio a los\ntrabajos para rehabilitar el camino. <\/p>\n\n\n\n<p>Ah\u00ed dijo que se har\u00eda la\nmejora de terracer\u00eda en 20 cent\u00edmetros, para colocar una carpeta asf\u00e1ltica de\n6.5 para que quede compactado a 5 cent\u00edmetros y as\u00ed ofrecer un trabajo de\ncalidad en favor de los habitantes de esa parte del municipio. <\/p>\n\n\n\n<p>Dijo que dentro de las mejoras que se han realizado a vialidades en la zona rural est\u00e1n las que se efectuaron en la poblaci\u00f3n de Zaragoza y Los Guajes, acciones dijo, se tratan de trabajos de dignificaci\u00f3n para ofrecer una mejor calidad de vida para los piedadenses.\u00a0<\/p>\n\n\n\n<figure class=\"wp-block-gallery columns-1 is-cropped wp-block-gallery-1 is-layout-flex wp-block-gallery-is-layout-flex\"><ul class=\"blocks-gallery-grid\"><li class=\"blocks-gallery-item\"><figure><img loading=\"lazy\" decoding=\"async\" width=\"1024\" height=\"683\" src=\"http:\/\/tvalaire.com\/wp-content\/uploads\/2020\/03\/1-4-1024x683.jpeg\" alt=\"\" data-id=\"6201\" data-full-url=\"http:\/\/tvalaire.com\/wp-content\/uploads\/2020\/03\/1-4.jpeg\" data-link=\"http:\/\/tvalaire.com\/?attachment_id=6201\" class=\"wp-image-6201\" srcset=\"http:\/\/tvalaire.com\/wp-content\/uploads\/2020\/03\/1-4-1024x683.jpeg 1024w, http:\/\/tvalaire.com\/wp-content\/uploads\/2020\/03\/1-4-300x200.jpeg 300w, http:\/\/tvalaire.com\/wp-content\/uploads\/2020\/03\/1-4-768x512.jpeg 768w, http:\/\/tvalaire.com\/wp-content\/uploads\/2020\/03\/1-4-90x60.jpeg 90w, http:\/\/tvalaire.com\/wp-content\/uploads\/2020\/03\/1-4.jpeg 1124w\" sizes=\"(max-width: 1024px) 100vw, 1024px\" \/><\/figure><\/li><li class=\"blocks-gallery-item\"><figure><img loading=\"lazy\" decoding=\"async\" width=\"1024\" height=\"683\" src=\"http:\/\/tvalaire.com\/wp-content\/uploads\/2020\/03\/1-3-1024x683.jpeg\" alt=\"\" data-id=\"6200\" data-full-url=\"http:\/\/tvalaire.com\/wp-content\/uploads\/2020\/03\/1-3.jpeg\" data-link=\"http:\/\/tvalaire.com\/?attachment_id=6200\" class=\"wp-image-6200\" srcset=\"http:\/\/tvalaire.com\/wp-content\/uploads\/2020\/03\/1-3-1024x683.jpeg 1024w, http:\/\/tvalaire.com\/wp-content\/uploads\/2020\/03\/1-3-300x200.jpeg 300w, http:\/\/tvalaire.com\/wp-content\/uploads\/2020\/03\/1-3-768x512.jpeg 768w, http:\/\/tvalaire.com\/wp-content\/uploads\/2020\/03\/1-3-90x60.jpeg 90w, http:\/\/tvalaire.com\/wp-content\/uploads\/2020\/03\/1-3.jpeg 1124w\" sizes=\"(max-width: 1024px) 100vw, 1024px\" \/><\/figure><\/li><li class=\"blocks-gallery-item\"><figure><img loading=\"lazy\" decoding=\"async\" width=\"1024\" height=\"683\" src=\"http:\/\/tvalaire.com\/wp-content\/uploads\/2020\/03\/1-2-1024x683.jpeg\" alt=\"\" data-id=\"6199\" data-full-url=\"http:\/\/tvalaire.com\/wp-content\/uploads\/2020\/03\/1-2.jpeg\" data-link=\"http:\/\/tvalaire.com\/?attachment_id=6199\" class=\"wp-image-6199\" srcset=\"http:\/\/tvalaire.com\/wp-content\/uploads\/2020\/03\/1-2-1024x683.jpeg 1024w, http:\/\/tvalaire.com\/wp-content\/uploads\/2020\/03\/1-2-300x200.jpeg 300w, http:\/\/tvalaire.com\/wp-content\/uploads\/2020\/03\/1-2-768x512.jpeg 768w, http:\/\/tvalaire.com\/wp-content\/uploads\/2020\/03\/1-2-90x60.jpeg 90w, http:\/\/tvalaire.com\/wp-content\/uploads\/2020\/03\/1-2.jpeg 1124w\" sizes=\"(max-width: 1024px) 100vw, 1024px\" \/><\/figure><\/li><li class=\"blocks-gallery-item\"><figure><img loading=\"lazy\" decoding=\"async\" width=\"1024\" height=\"683\" src=\"http:\/\/tvalaire.com\/wp-content\/uploads\/2020\/03\/1-1-1024x683.jpeg\" alt=\"\" data-id=\"6198\" data-full-url=\"http:\/\/tvalaire.com\/wp-content\/uploads\/2020\/03\/1-1.jpeg\" data-link=\"http:\/\/tvalaire.com\/?attachment_id=6198\" class=\"wp-image-6198\" srcset=\"http:\/\/tvalaire.com\/wp-content\/uploads\/2020\/03\/1-1-1024x683.jpeg 1024w, http:\/\/tvalaire.com\/wp-content\/uploads\/2020\/03\/1-1-300x200.jpeg 300w, http:\/\/tvalaire.com\/wp-content\/uploads\/2020\/03\/1-1-768x512.jpeg 768w, http:\/\/tvalaire.com\/wp-content\/uploads\/2020\/03\/1-1-90x60.jpeg 90w, http:\/\/tvalaire.com\/wp-content\/uploads\/2020\/03\/1-1.jpeg 1124w\" sizes=\"(max-width: 1024px) 100vw, 1024px\" \/><\/figure><\/li><\/ul><\/figure>\n\n\n\n<p> <\/p>\n","protected":false},"excerpt":{"rendered":"<p>Comienzan mejoras en los primeros d\u00edas de marzo Reconoci\u00f3 Edil la pronta respuesta de la&#8230;<\/p>\n","protected":false},"author":1,"featured_media":6199,"comment_status":"open","ping_status":"open","sticky":false,"template":"","format":"standard","meta":{"jetpack_post_was_ever_published":false,"_jetpack_newsletter_access":"","_jetpack_dont_email_post_to_subs":false,"_jetpack_newsletter_tier_id":0,"_jetpack_memberships_contains_paywalled_content":false,"_jetpack_memberships_contains_paid_content":false,"footnotes":"","jetpack_publicize_message":"","jetpack_publicize_feature_enabled":true,"jetpack_social_post_already_shared":false,"jetpack_social_options":{"image_generator_settings":{"template":"highway","enabled":false},"version":2}},"categories":[1,35],"tags":[15,36],"class_list":["post-6197","post","type-post","status-publish","format-standard","has-post-thumbnail","hentry","category-la-piedad","category-principales","tag-la-piedad","tag-principales"],"jetpack_publicize_connections":[],"jetpack_sharing_enabled":true,"featured_image_urls":{"full":["http:\/\/tvalaire.com\/wp-content\/uploads\/2020\/03\/1-2.jpeg",1124,750,false],"thumbnail":["http:\/\/tvalaire.com\/wp-content\/uploads\/2020\/03\/1-2-150x150.jpeg",150,150,true],"medium":["http:\/\/tvalaire.com\/wp-content\/uploads\/2020\/03\/1-2-300x200.jpeg",300,200,true],"medium_large":["http:\/\/tvalaire.com\/wp-content\/uploads\/2020\/03\/1-2-768x512.jpeg",640,427,true],"large":["http:\/\/tvalaire.com\/wp-content\/uploads\/2020\/03\/1-2-1024x683.jpeg",640,427,true],"post-slider-thumb-size":["http:\/\/tvalaire.com\/wp-content\/uploads\/2020\/03\/1-2-330x190.jpeg",330,190,true],"post-category-slider-size":["http:\/\/tvalaire.com\/wp-content\/uploads\/2020\/03\/1-2.jpeg",330,220,false],"1536x1536":["http:\/\/tvalaire.com\/wp-content\/uploads\/2020\/03\/1-2.jpeg",1124,750,false],"2048x2048":["http:\/\/tvalaire.com\/wp-content\/uploads\/2020\/03\/1-2.jpeg",1124,750,false],"newsium-slider-full":["http:\/\/tvalaire.com\/wp-content\/uploads\/2020\/03\/1-2.jpeg",1124,750,false],"newsium-featured":["http:\/\/tvalaire.com\/wp-content\/uploads\/2020\/03\/1-2.jpeg",1024,683,false],"newsium-medium":["http:\/\/tvalaire.com\/wp-content\/uploads\/2020\/03\/1-2.jpeg",712,475,false]},"author_info":{"info":["tvalairenoti"]},"category_info":"<a href=\"http:\/\/tvalaire.com\/?cat=1\" rel=\"category\">La Piedad<\/a> <a href=\"http:\/\/tvalaire.com\/?cat=35\" rel=\"category\">Principales<\/a>","tag_info":"Principales","comment_count":"0","jetpack_featured_media_url":"http:\/\/tvalaire.com\/wp-content\/uploads\/2020\/03\/1-2.jpeg","_links":{"self":[{"href":"http:\/\/tvalaire.com\/index.php?rest_route=\/wp\/v2\/posts\/6197"}],"collection":[{"href":"http:\/\/tvalaire.com\/index.php?rest_route=\/wp\/v2\/posts"}],"about":[{"href":"http:\/\/tvalaire.com\/index.php?rest_route=\/wp\/v2\/types\/post"}],"author":[{"embeddable":true,"href":"http:\/\/tvalaire.com\/index.php?rest_route=\/wp\/v2\/users\/1"}],"replies":[{"embeddable":true,"href":"http:\/\/tvalaire.com\/index.php?rest_route=%2Fwp%2Fv2%2Fcomments&post=6197"}],"version-history":[{"count":1,"href":"http:\/\/tvalaire.com\/index.php?rest_route=\/wp\/v2\/posts\/6197\/revisions"}],"predecessor-version":[{"id":6202,"href":"http:\/\/tvalaire.com\/index.php?rest_route=\/wp\/v2\/posts\/6197\/revisions\/6202"}],"wp:featuredmedia":[{"embeddable":true,"href":"http:\/\/tvalaire.com\/index.php?rest_route=\/wp\/v2\/media\/6199"}],"wp:attachment":[{"href":"http:\/\/tvalaire.com\/index.php?rest_route=%2Fwp%2Fv2%2Fmedia&parent=6197"}],"wp:term":[{"taxonomy":"category","embeddable":true,"href":"http:\/\/tvalaire.com\/index.php?rest_route=%2Fwp%2Fv2%2Fcategories&post=6197"},{"taxonomy":"post_tag","embeddable":true,"href":"http:\/\/tvalaire.com\/index.php?rest_route=%2Fwp%2Fv2%2Ftags&post=6197"}],"curies":[{"name":"wp","href":"https:\/\/api.w.org\/{rel}","templated":true}]}}