{"id":6172,"date":"2020-02-28T11:18:01","date_gmt":"2020-02-28T17:18:01","guid":{"rendered":"http:\/\/tvalaire.com\/?p=6172"},"modified":"2020-02-28T11:18:04","modified_gmt":"2020-02-28T17:18:04","slug":"dif-la-piedad-llevara-a-cabo-campana-de-salud-auditiva","status":"publish","type":"post","link":"http:\/\/tvalaire.com\/?p=6172","title":{"rendered":"DIF LA PIEDAD LLEVAR\u00c1 A CABO CAMPA\u00d1A DE SALUD AUDITIVA"},"content":{"rendered":"\n<p> Posteriormente se har\u00e1 una jornada de tamiz auditivo<br> Limpieza de o\u00eddos y mantenimientos a aparatos<br> El Sistema para el Desarrollo Integral de la Familia (DIF) La Piedad, en coordinaci\u00f3n con Audiomed de la ciudad de Guadalajara Jalisco, ofrecer\u00e1n servicios de salud auditiva el d\u00eda 12 de marzo de 08:00 de la ma\u00f1ana a 4:00 de la tarde en las instalaciones de la instituci\u00f3n.<br> Ana Raquel Salazar Zaragoza, directora del DIF, coment\u00f3 que se han hecho alianzas con esta empresa para atender a la poblaci\u00f3n que padece de problemas auditivos, por ello, es que el DIF busca ofrecer este servicio de manera permanente y as\u00ed mejorar la calidad de vida de las personas.<br> Enfatiz\u00f3, que dentro de los servicios que se ofrecer\u00e1n est\u00e1n: venta de auxiliares auditivos a bajo costo, audiometr\u00edas tonal completa, logo audiometr\u00eda y timpanometr\u00eda.<br> Adem\u00e1s, se har\u00e1n limpieza de o\u00eddos y mantenimiento a los aparatos auditivos que tengan los pacientes.<br> Salazar Zaragoza, puntualiz\u00f3 que de 08:00 de la ma\u00f1ana a 2:00 de la tarde se atender\u00e1n a las personas que vayan por primera vez y de 2:00 a 4:00 aquellas que ya cuentan con auxiliares.<br> Para mayores informes los interesados en el servicio pueden comunicarse al tel\u00e9fono 52 201 22.<\/p>\n\n\n\n<figure class=\"wp-block-image size-large\"><img loading=\"lazy\" decoding=\"async\" width=\"1024\" height=\"683\" src=\"http:\/\/tvalaire.com\/wp-content\/uploads\/2020\/02\/1-2-2-1024x683.jpg\" alt=\"\" class=\"wp-image-6174\" srcset=\"http:\/\/tvalaire.com\/wp-content\/uploads\/2020\/02\/1-2-2-1024x683.jpg 1024w, http:\/\/tvalaire.com\/wp-content\/uploads\/2020\/02\/1-2-2-300x200.jpg 300w, http:\/\/tvalaire.com\/wp-content\/uploads\/2020\/02\/1-2-2-768x512.jpg 768w, http:\/\/tvalaire.com\/wp-content\/uploads\/2020\/02\/1-2-2-1536x1024.jpg 1536w, http:\/\/tvalaire.com\/wp-content\/uploads\/2020\/02\/1-2-2-90x60.jpg 90w, http:\/\/tvalaire.com\/wp-content\/uploads\/2020\/02\/1-2-2.jpg 1650w\" sizes=\"(max-width: 1024px) 100vw, 1024px\" \/><\/figure>\n","protected":false},"excerpt":{"rendered":"<p>Posteriormente se har\u00e1 una jornada de tamiz auditivo Limpieza de o\u00eddos y mantenimientos a aparatos&#8230;<\/p>\n","protected":false},"author":1,"featured_media":6174,"comment_status":"open","ping_status":"open","sticky":false,"template":"","format":"standard","meta":{"jetpack_post_was_ever_published":false,"_jetpack_newsletter_access":"","_jetpack_dont_email_post_to_subs":false,"_jetpack_newsletter_tier_id":0,"_jetpack_memberships_contains_paywalled_content":false,"_jetpack_memberships_contains_paid_content":false,"footnotes":"","jetpack_publicize_message":"","jetpack_publicize_feature_enabled":true,"jetpack_social_post_already_shared":false,"jetpack_social_options":{"image_generator_settings":{"template":"highway","enabled":false},"version":2}},"categories":[1],"tags":[15,36],"class_list":["post-6172","post","type-post","status-publish","format-standard","has-post-thumbnail","hentry","category-la-piedad","tag-la-piedad","tag-principales"],"jetpack_publicize_connections":[],"jetpack_sharing_enabled":true,"featured_image_urls":{"full":["http:\/\/tvalaire.com\/wp-content\/uploads\/2020\/02\/1-2-2.jpg",1650,1100,false],"thumbnail":["http:\/\/tvalaire.com\/wp-content\/uploads\/2020\/02\/1-2-2-150x150.jpg",150,150,true],"medium":["http:\/\/tvalaire.com\/wp-content\/uploads\/2020\/02\/1-2-2-300x200.jpg",300,200,true],"medium_large":["http:\/\/tvalaire.com\/wp-content\/uploads\/2020\/02\/1-2-2-768x512.jpg",640,427,true],"large":["http:\/\/tvalaire.com\/wp-content\/uploads\/2020\/02\/1-2-2-1024x683.jpg",640,427,true],"post-slider-thumb-size":["http:\/\/tvalaire.com\/wp-content\/uploads\/2020\/02\/1-2-2-330x190.jpg",330,190,true],"post-category-slider-size":["http:\/\/tvalaire.com\/wp-content\/uploads\/2020\/02\/1-2-2.jpg",330,220,false],"1536x1536":["http:\/\/tvalaire.com\/wp-content\/uploads\/2020\/02\/1-2-2-1536x1024.jpg",1536,1024,true],"2048x2048":["http:\/\/tvalaire.com\/wp-content\/uploads\/2020\/02\/1-2-2.jpg",1650,1100,false],"newsium-slider-full":["http:\/\/tvalaire.com\/wp-content\/uploads\/2020\/02\/1-2-2.jpg",1268,845,false],"newsium-featured":["http:\/\/tvalaire.com\/wp-content\/uploads\/2020\/02\/1-2-2.jpg",1024,683,false],"newsium-medium":["http:\/\/tvalaire.com\/wp-content\/uploads\/2020\/02\/1-2-2.jpg",713,475,false]},"author_info":{"info":["tvalairenoti"]},"category_info":"<a href=\"http:\/\/tvalaire.com\/?cat=1\" rel=\"category\">La Piedad<\/a>","tag_info":"La Piedad","comment_count":"0","jetpack_featured_media_url":"http:\/\/tvalaire.com\/wp-content\/uploads\/2020\/02\/1-2-2.jpg","_links":{"self":[{"href":"http:\/\/tvalaire.com\/index.php?rest_route=\/wp\/v2\/posts\/6172"}],"collection":[{"href":"http:\/\/tvalaire.com\/index.php?rest_route=\/wp\/v2\/posts"}],"about":[{"href":"http:\/\/tvalaire.com\/index.php?rest_route=\/wp\/v2\/types\/post"}],"author":[{"embeddable":true,"href":"http:\/\/tvalaire.com\/index.php?rest_route=\/wp\/v2\/users\/1"}],"replies":[{"embeddable":true,"href":"http:\/\/tvalaire.com\/index.php?rest_route=%2Fwp%2Fv2%2Fcomments&post=6172"}],"version-history":[{"count":1,"href":"http:\/\/tvalaire.com\/index.php?rest_route=\/wp\/v2\/posts\/6172\/revisions"}],"predecessor-version":[{"id":6175,"href":"http:\/\/tvalaire.com\/index.php?rest_route=\/wp\/v2\/posts\/6172\/revisions\/6175"}],"wp:featuredmedia":[{"embeddable":true,"href":"http:\/\/tvalaire.com\/index.php?rest_route=\/wp\/v2\/media\/6174"}],"wp:attachment":[{"href":"http:\/\/tvalaire.com\/index.php?rest_route=%2Fwp%2Fv2%2Fmedia&parent=6172"}],"wp:term":[{"taxonomy":"category","embeddable":true,"href":"http:\/\/tvalaire.com\/index.php?rest_route=%2Fwp%2Fv2%2Fcategories&post=6172"},{"taxonomy":"post_tag","embeddable":true,"href":"http:\/\/tvalaire.com\/index.php?rest_route=%2Fwp%2Fv2%2Ftags&post=6172"}],"curies":[{"name":"wp","href":"https:\/\/api.w.org\/{rel}","templated":true}]}}