{"id":6123,"date":"2020-02-13T14:27:42","date_gmt":"2020-02-13T20:27:42","guid":{"rendered":"http:\/\/tvalaire.com\/?p=6123"},"modified":"2020-02-25T14:30:16","modified_gmt":"2020-02-25T20:30:16","slug":"habra-festival-del-cuento-y-la-lectura-en-la-piedad","status":"publish","type":"post","link":"http:\/\/tvalaire.com\/?p=6123","title":{"rendered":"HABR\u00c1 FESTIVAL DEL CUENTO Y LA LECTURA EN LA PIEDAD"},"content":{"rendered":"\n<p><a><strong> <\/strong><\/a><\/p>\n\n\n\n<ul class=\"wp-block-list\"><li><strong>Ser\u00e1\nen los meses de marzo y abril la actividad <\/strong><\/li><li><strong>Autoridades\nmunicipales y educativas se re\u00fanen para establecer programa <\/strong><\/li><\/ul>\n\n\n\n<p>Del 27 de marzo al 5 de\nabril, La Piedad ser\u00e1 sede de la S\u00e9ptima edici\u00f3n del Festival de cuento y la\nlectura; la Segunda Feria de Libro y se traer\u00e1 una extensi\u00f3n del Festival\nInternacional de Danza de Yur\u00e9cuaro.<\/p>\n\n\n\n<p>Los tres eventos\nart\u00edstico-culturales, tendr\u00e1n como sede la Plaza Principal, a los cuales\nesperan una asistencia al menos en los d\u00edas h\u00e1biles, de entre 400 a 600 alumnos\npor d\u00eda, sin contar con la presencia de la poblaci\u00f3n que asista.<\/p>\n\n\n\n<p>Lo anterior, qued\u00f3\nestablecido durante la reuni\u00f3n de organizaci\u00f3n que se llev\u00f3 a cabo esta ma\u00f1ana\nen la biblioteca p\u00fablica \u201cJos\u00e9 Hern\u00e1ndez Moreno\u201d, la cual estuvo encabezada por\nel director de Promoci\u00f3n Econ\u00f3mica Juan Carlos Guzm\u00e1n; los directores de Cultura,\nGuillermo Rico; el subdirector de Educaci\u00f3n Iv\u00e1n Hidalgo; la directora del\nFestival del cuento y la lectura Selene Guzm\u00e1n, as\u00ed como representantes de\ninstituciones educativas como Colegio de Michoac\u00e1n e Instituto Tecnol\u00f3gico, S\u00e9\narte, entre otras.<\/p>\n\n\n\n<p>En lo referente al Festival\ndel cuento y la lectura, Selene Guzm\u00e1n explic\u00f3 que se tienen programadas\ndiversas actividades cuyo prop\u00f3sito principal, es fomentar la lectura entre\nchicos y grandes.<\/p>\n\n\n\n<p>Para ello, se desarrollar\u00e1n\ncircuitos durante todos los d\u00edas del evento, en los cuales participar\u00e1n de\nmanera activa alumnos desde nivel de preescolar a universitarios, tanto de\ninstituciones p\u00fablicas como privadas. <\/p>\n\n\n\n<p>Entre las actividades a\ndesarrollar se encuentran talleres de lectura en voz alta, cuenta cuentos,\ndonaci\u00f3n de libros, creaciones literarias, presentaciones de poes\u00eda,\nexposiciones de trabajos literarios, taller de rob\u00f3tica, entre otros que se\nextender\u00e1n incluso a algunas bibliotecas p\u00fablicas municipales.<\/p>\n\n\n\n<p>Juan Carlos Guzm\u00e1n indic\u00f3\nque en lo que respecta a la Feria del Libro, este a\u00f1o se invitar\u00e1 a 30 casas\neditoriales para exhibici\u00f3n y venta, conferencias, habr\u00e1 presentaciones de\nlibros y un programa art\u00edstico.<\/p>\n\n\n\n<p>Guillermo Rico anunci\u00f3 que durante esos mismos d\u00edas se traer\u00e1 una extensi\u00f3n el Festival Internacional de Danza de Yur\u00e9cuaro, quienes por las tardes tendr\u00e1n sus participaciones dentro del mismo escenario, as\u00ed como muchas actividades m\u00e1s, pues el programa dar\u00e1 inicio desde la ma\u00f1ana, durante el d\u00eda y cerrar\u00e1 por la noche.<\/p>\n\n\n\n<figure class=\"wp-block-gallery columns-1 is-cropped wp-block-gallery-1 is-layout-flex wp-block-gallery-is-layout-flex\"><ul class=\"blocks-gallery-grid\"><li class=\"blocks-gallery-item\"><figure><img loading=\"lazy\" decoding=\"async\" width=\"1024\" height=\"576\" src=\"http:\/\/tvalaire.com\/wp-content\/uploads\/2020\/02\/1-3-6.jpeg\" alt=\"\" data-id=\"6126\" data-full-url=\"http:\/\/tvalaire.com\/wp-content\/uploads\/2020\/02\/1-3-6.jpeg\" data-link=\"http:\/\/tvalaire.com\/?attachment_id=6126\" class=\"wp-image-6126\" srcset=\"http:\/\/tvalaire.com\/wp-content\/uploads\/2020\/02\/1-3-6.jpeg 1024w, http:\/\/tvalaire.com\/wp-content\/uploads\/2020\/02\/1-3-6-300x169.jpeg 300w, http:\/\/tvalaire.com\/wp-content\/uploads\/2020\/02\/1-3-6-768x432.jpeg 768w, http:\/\/tvalaire.com\/wp-content\/uploads\/2020\/02\/1-3-6-107x60.jpeg 107w\" sizes=\"(max-width: 1024px) 100vw, 1024px\" \/><\/figure><\/li><li class=\"blocks-gallery-item\"><figure><img loading=\"lazy\" decoding=\"async\" width=\"1024\" height=\"768\" src=\"http:\/\/tvalaire.com\/wp-content\/uploads\/2020\/02\/1-2-7.jpeg\" alt=\"\" data-id=\"6125\" data-full-url=\"http:\/\/tvalaire.com\/wp-content\/uploads\/2020\/02\/1-2-7.jpeg\" data-link=\"http:\/\/tvalaire.com\/?attachment_id=6125\" class=\"wp-image-6125\" srcset=\"http:\/\/tvalaire.com\/wp-content\/uploads\/2020\/02\/1-2-7.jpeg 1024w, http:\/\/tvalaire.com\/wp-content\/uploads\/2020\/02\/1-2-7-300x225.jpeg 300w, http:\/\/tvalaire.com\/wp-content\/uploads\/2020\/02\/1-2-7-768x576.jpeg 768w, http:\/\/tvalaire.com\/wp-content\/uploads\/2020\/02\/1-2-7-80x60.jpeg 80w\" sizes=\"(max-width: 1024px) 100vw, 1024px\" \/><\/figure><\/li><li class=\"blocks-gallery-item\"><figure><img loading=\"lazy\" decoding=\"async\" width=\"1024\" height=\"576\" src=\"http:\/\/tvalaire.com\/wp-content\/uploads\/2020\/02\/1-1-7.jpeg\" alt=\"\" data-id=\"6124\" data-full-url=\"http:\/\/tvalaire.com\/wp-content\/uploads\/2020\/02\/1-1-7.jpeg\" data-link=\"http:\/\/tvalaire.com\/?attachment_id=6124\" class=\"wp-image-6124\" srcset=\"http:\/\/tvalaire.com\/wp-content\/uploads\/2020\/02\/1-1-7.jpeg 1024w, http:\/\/tvalaire.com\/wp-content\/uploads\/2020\/02\/1-1-7-300x169.jpeg 300w, http:\/\/tvalaire.com\/wp-content\/uploads\/2020\/02\/1-1-7-768x432.jpeg 768w, http:\/\/tvalaire.com\/wp-content\/uploads\/2020\/02\/1-1-7-107x60.jpeg 107w\" sizes=\"(max-width: 1024px) 100vw, 1024px\" \/><\/figure><\/li><\/ul><\/figure>\n","protected":false},"excerpt":{"rendered":"<p>Ser\u00e1 en los meses de marzo y abril la actividad Autoridades municipales y educativas se&#8230;<\/p>\n","protected":false},"author":1,"featured_media":6124,"comment_status":"open","ping_status":"open","sticky":false,"template":"","format":"standard","meta":{"jetpack_post_was_ever_published":false,"_jetpack_newsletter_access":"","_jetpack_dont_email_post_to_subs":false,"_jetpack_newsletter_tier_id":0,"_jetpack_memberships_contains_paywalled_content":false,"_jetpack_memberships_contains_paid_content":false,"footnotes":"","jetpack_publicize_message":"","jetpack_publicize_feature_enabled":true,"jetpack_social_post_already_shared":false,"jetpack_social_options":{"image_generator_settings":{"template":"highway","enabled":false},"version":2}},"categories":[1],"tags":[15],"class_list":["post-6123","post","type-post","status-publish","format-standard","has-post-thumbnail","hentry","category-la-piedad","tag-la-piedad"],"jetpack_publicize_connections":[],"jetpack_sharing_enabled":true,"featured_image_urls":{"full":["http:\/\/tvalaire.com\/wp-content\/uploads\/2020\/02\/1-1-7.jpeg",1024,576,false],"thumbnail":["http:\/\/tvalaire.com\/wp-content\/uploads\/2020\/02\/1-1-7-150x150.jpeg",150,150,true],"medium":["http:\/\/tvalaire.com\/wp-content\/uploads\/2020\/02\/1-1-7-300x169.jpeg",300,169,true],"medium_large":["http:\/\/tvalaire.com\/wp-content\/uploads\/2020\/02\/1-1-7-768x432.jpeg",640,360,true],"large":["http:\/\/tvalaire.com\/wp-content\/uploads\/2020\/02\/1-1-7.jpeg",640,360,false],"post-slider-thumb-size":["http:\/\/tvalaire.com\/wp-content\/uploads\/2020\/02\/1-1-7-330x190.jpeg",330,190,true],"post-category-slider-size":["http:\/\/tvalaire.com\/wp-content\/uploads\/2020\/02\/1-1-7.jpeg",330,186,false],"1536x1536":["http:\/\/tvalaire.com\/wp-content\/uploads\/2020\/02\/1-1-7.jpeg",1024,576,false],"2048x2048":["http:\/\/tvalaire.com\/wp-content\/uploads\/2020\/02\/1-1-7.jpeg",1024,576,false],"newsium-slider-full":["http:\/\/tvalaire.com\/wp-content\/uploads\/2020\/02\/1-1-7.jpeg",1024,576,false],"newsium-featured":["http:\/\/tvalaire.com\/wp-content\/uploads\/2020\/02\/1-1-7.jpeg",1024,576,false],"newsium-medium":["http:\/\/tvalaire.com\/wp-content\/uploads\/2020\/02\/1-1-7.jpeg",720,405,false]},"author_info":{"info":["tvalairenoti"]},"category_info":"<a href=\"http:\/\/tvalaire.com\/?cat=1\" rel=\"category\">La Piedad<\/a>","tag_info":"La Piedad","comment_count":"0","jetpack_featured_media_url":"http:\/\/tvalaire.com\/wp-content\/uploads\/2020\/02\/1-1-7.jpeg","_links":{"self":[{"href":"http:\/\/tvalaire.com\/index.php?rest_route=\/wp\/v2\/posts\/6123"}],"collection":[{"href":"http:\/\/tvalaire.com\/index.php?rest_route=\/wp\/v2\/posts"}],"about":[{"href":"http:\/\/tvalaire.com\/index.php?rest_route=\/wp\/v2\/types\/post"}],"author":[{"embeddable":true,"href":"http:\/\/tvalaire.com\/index.php?rest_route=\/wp\/v2\/users\/1"}],"replies":[{"embeddable":true,"href":"http:\/\/tvalaire.com\/index.php?rest_route=%2Fwp%2Fv2%2Fcomments&post=6123"}],"version-history":[{"count":1,"href":"http:\/\/tvalaire.com\/index.php?rest_route=\/wp\/v2\/posts\/6123\/revisions"}],"predecessor-version":[{"id":6127,"href":"http:\/\/tvalaire.com\/index.php?rest_route=\/wp\/v2\/posts\/6123\/revisions\/6127"}],"wp:featuredmedia":[{"embeddable":true,"href":"http:\/\/tvalaire.com\/index.php?rest_route=\/wp\/v2\/media\/6124"}],"wp:attachment":[{"href":"http:\/\/tvalaire.com\/index.php?rest_route=%2Fwp%2Fv2%2Fmedia&parent=6123"}],"wp:term":[{"taxonomy":"category","embeddable":true,"href":"http:\/\/tvalaire.com\/index.php?rest_route=%2Fwp%2Fv2%2Fcategories&post=6123"},{"taxonomy":"post_tag","embeddable":true,"href":"http:\/\/tvalaire.com\/index.php?rest_route=%2Fwp%2Fv2%2Ftags&post=6123"}],"curies":[{"name":"wp","href":"https:\/\/api.w.org\/{rel}","templated":true}]}}