{"id":6095,"date":"2020-02-20T13:56:50","date_gmt":"2020-02-20T19:56:50","guid":{"rendered":"http:\/\/tvalaire.com\/?p=6095"},"modified":"2020-02-25T13:58:12","modified_gmt":"2020-02-25T19:58:12","slug":"programan-curso-de-manejo-higienico-de-alimentos","status":"publish","type":"post","link":"http:\/\/tvalaire.com\/?p=6095","title":{"rendered":"PROGRAMAN CURSO DE MANEJO HIGI\u00c9NICO DE ALIMENTOS"},"content":{"rendered":"\n<p><\/p>\n\n\n\n<ul class=\"wp-block-list\"><li><strong>En\neste trimestre se dar\u00e1 capacitaci\u00f3n cada 15 d\u00edas<\/strong><\/li><li><strong>La\nmeta es llegar a vendedores de alimentos entre ambulantes y fijos<\/strong><\/li><\/ul>\n\n\n\n<p>La direcci\u00f3n de Reglamentos\nen coordinaci\u00f3n con la Jurisdicci\u00f3n Sanitaria No. 6, estableci\u00f3 el programa de\ncursos que se prev\u00e9n impartir durante este primer trimestre del a\u00f1o, con el fin\nde llegar a todos los manejadores de alimentos tanto ambulantes como fijos en\nel municipio.<\/p>\n\n\n\n<p>Jos\u00e9 Luis Ortiz Coronado,\ndirector de Reglamentos inform\u00f3 que el padr\u00f3n de vendedores de alimentos en La\nPiedad es de aproximadamente mil 200.<\/p>\n\n\n\n<p>Mencion\u00f3 que desde que\ninici\u00f3 el programa a la fecha, cada 15 d\u00edas acude un promedio de 50 vendedores\na los cursos que imparte personal de la Jurisdicci\u00f3n Sanitaria No, 6, con el\nfin de dar a conocer la Norma 251 SSA1-2009.<\/p>\n\n\n\n<p>El pr\u00f3ximo curso, se\nimpartir\u00e1 este viernes a partir de las 10:00 de la ma\u00f1ana\nen el aula educativa de la Jurisdicci\u00f3n Sanitaria que se ubica en la calle\nGonz\u00e1lez Ortega esquina con Nicol\u00e1s Regules sin n\u00famero en la colonia centro.<\/p>\n\n\n\n<p>En la segunda etapa del\nprograma, el curso se impartir\u00e1 cada mes, para finalizar el a\u00f1o de forma\nbimestral.<\/p>\n\n\n\n<p>El objetivo es llegar a\ntodas las personas que trabajan con el manejo de alimentos con el fin de que\nsepan c\u00f3mo utilizar los productos sin que \u00e9stos se contaminen y afecte a los\ncomensales.<\/p>\n\n\n\n<p>Mencion\u00f3 que esta medida servir\u00e1 tambi\u00e9n a la dependencia municipal, para actualizar el padr\u00f3n de vendedores en la ciudad, ya que la invitaci\u00f3n es tanto para los vendedores ambulantes como para los establecidos.<\/p>\n\n\n\n<figure class=\"wp-block-gallery columns-2 is-cropped wp-block-gallery-1 is-layout-flex wp-block-gallery-is-layout-flex\"><ul class=\"blocks-gallery-grid\"><li class=\"blocks-gallery-item\"><figure><img loading=\"lazy\" decoding=\"async\" width=\"948\" height=\"728\" src=\"http:\/\/tvalaire.com\/wp-content\/uploads\/2020\/02\/1-2-5.jpeg\" alt=\"\" data-id=\"6097\" data-full-url=\"http:\/\/tvalaire.com\/wp-content\/uploads\/2020\/02\/1-2-5.jpeg\" data-link=\"http:\/\/tvalaire.com\/?attachment_id=6097\" class=\"wp-image-6097\" srcset=\"http:\/\/tvalaire.com\/wp-content\/uploads\/2020\/02\/1-2-5.jpeg 948w, http:\/\/tvalaire.com\/wp-content\/uploads\/2020\/02\/1-2-5-300x230.jpeg 300w, http:\/\/tvalaire.com\/wp-content\/uploads\/2020\/02\/1-2-5-768x590.jpeg 768w, http:\/\/tvalaire.com\/wp-content\/uploads\/2020\/02\/1-2-5-260x200.jpeg 260w, http:\/\/tvalaire.com\/wp-content\/uploads\/2020\/02\/1-2-5-280x215.jpeg 280w, http:\/\/tvalaire.com\/wp-content\/uploads\/2020\/02\/1-2-5-78x60.jpeg 78w\" sizes=\"(max-width: 948px) 100vw, 948px\" \/><\/figure><\/li><li class=\"blocks-gallery-item\"><figure><img loading=\"lazy\" decoding=\"async\" width=\"672\" height=\"788\" src=\"http:\/\/tvalaire.com\/wp-content\/uploads\/2020\/02\/1-1-5.jpeg\" alt=\"\" data-id=\"6096\" data-full-url=\"http:\/\/tvalaire.com\/wp-content\/uploads\/2020\/02\/1-1-5.jpeg\" data-link=\"http:\/\/tvalaire.com\/?attachment_id=6096\" class=\"wp-image-6096\" srcset=\"http:\/\/tvalaire.com\/wp-content\/uploads\/2020\/02\/1-1-5.jpeg 672w, http:\/\/tvalaire.com\/wp-content\/uploads\/2020\/02\/1-1-5-256x300.jpeg 256w, http:\/\/tvalaire.com\/wp-content\/uploads\/2020\/02\/1-1-5-51x60.jpeg 51w\" sizes=\"(max-width: 672px) 100vw, 672px\" \/><\/figure><\/li><\/ul><\/figure>\n","protected":false},"excerpt":{"rendered":"<p>En este trimestre se dar\u00e1 capacitaci\u00f3n cada 15 d\u00edas La meta es llegar a vendedores&#8230;<\/p>\n","protected":false},"author":1,"featured_media":6096,"comment_status":"open","ping_status":"open","sticky":false,"template":"","format":"standard","meta":{"jetpack_post_was_ever_published":false,"_jetpack_newsletter_access":"","_jetpack_dont_email_post_to_subs":false,"_jetpack_newsletter_tier_id":0,"_jetpack_memberships_contains_paywalled_content":false,"_jetpack_memberships_contains_paid_content":false,"footnotes":"","jetpack_publicize_message":"","jetpack_publicize_feature_enabled":true,"jetpack_social_post_already_shared":false,"jetpack_social_options":{"image_generator_settings":{"template":"highway","enabled":false},"version":2}},"categories":[1],"tags":[15,36],"class_list":["post-6095","post","type-post","status-publish","format-standard","has-post-thumbnail","hentry","category-la-piedad","tag-la-piedad","tag-principales"],"jetpack_publicize_connections":[],"jetpack_sharing_enabled":true,"featured_image_urls":{"full":["http:\/\/tvalaire.com\/wp-content\/uploads\/2020\/02\/1-1-5.jpeg",672,788,false],"thumbnail":["http:\/\/tvalaire.com\/wp-content\/uploads\/2020\/02\/1-1-5-150x150.jpeg",150,150,true],"medium":["http:\/\/tvalaire.com\/wp-content\/uploads\/2020\/02\/1-1-5-256x300.jpeg",256,300,true],"medium_large":["http:\/\/tvalaire.com\/wp-content\/uploads\/2020\/02\/1-1-5.jpeg",640,750,false],"large":["http:\/\/tvalaire.com\/wp-content\/uploads\/2020\/02\/1-1-5.jpeg",640,750,false],"post-slider-thumb-size":["http:\/\/tvalaire.com\/wp-content\/uploads\/2020\/02\/1-1-5-330x190.jpeg",330,190,true],"post-category-slider-size":["http:\/\/tvalaire.com\/wp-content\/uploads\/2020\/02\/1-1-5.jpeg",298,350,false],"1536x1536":["http:\/\/tvalaire.com\/wp-content\/uploads\/2020\/02\/1-1-5.jpeg",672,788,false],"2048x2048":["http:\/\/tvalaire.com\/wp-content\/uploads\/2020\/02\/1-1-5.jpeg",672,788,false],"newsium-slider-full":["http:\/\/tvalaire.com\/wp-content\/uploads\/2020\/02\/1-1-5.jpeg",672,788,false],"newsium-featured":["http:\/\/tvalaire.com\/wp-content\/uploads\/2020\/02\/1-1-5.jpeg",672,788,false],"newsium-medium":["http:\/\/tvalaire.com\/wp-content\/uploads\/2020\/02\/1-1-5.jpeg",405,475,false]},"author_info":{"info":["tvalairenoti"]},"category_info":"<a href=\"http:\/\/tvalaire.com\/?cat=1\" rel=\"category\">La Piedad<\/a>","tag_info":"La Piedad","comment_count":"0","jetpack_featured_media_url":"http:\/\/tvalaire.com\/wp-content\/uploads\/2020\/02\/1-1-5.jpeg","_links":{"self":[{"href":"http:\/\/tvalaire.com\/index.php?rest_route=\/wp\/v2\/posts\/6095"}],"collection":[{"href":"http:\/\/tvalaire.com\/index.php?rest_route=\/wp\/v2\/posts"}],"about":[{"href":"http:\/\/tvalaire.com\/index.php?rest_route=\/wp\/v2\/types\/post"}],"author":[{"embeddable":true,"href":"http:\/\/tvalaire.com\/index.php?rest_route=\/wp\/v2\/users\/1"}],"replies":[{"embeddable":true,"href":"http:\/\/tvalaire.com\/index.php?rest_route=%2Fwp%2Fv2%2Fcomments&post=6095"}],"version-history":[{"count":1,"href":"http:\/\/tvalaire.com\/index.php?rest_route=\/wp\/v2\/posts\/6095\/revisions"}],"predecessor-version":[{"id":6098,"href":"http:\/\/tvalaire.com\/index.php?rest_route=\/wp\/v2\/posts\/6095\/revisions\/6098"}],"wp:featuredmedia":[{"embeddable":true,"href":"http:\/\/tvalaire.com\/index.php?rest_route=\/wp\/v2\/media\/6096"}],"wp:attachment":[{"href":"http:\/\/tvalaire.com\/index.php?rest_route=%2Fwp%2Fv2%2Fmedia&parent=6095"}],"wp:term":[{"taxonomy":"category","embeddable":true,"href":"http:\/\/tvalaire.com\/index.php?rest_route=%2Fwp%2Fv2%2Fcategories&post=6095"},{"taxonomy":"post_tag","embeddable":true,"href":"http:\/\/tvalaire.com\/index.php?rest_route=%2Fwp%2Fv2%2Ftags&post=6095"}],"curies":[{"name":"wp","href":"https:\/\/api.w.org\/{rel}","templated":true}]}}