{"id":6088,"date":"2020-02-21T13:52:58","date_gmt":"2020-02-21T19:52:58","guid":{"rendered":"http:\/\/tvalaire.com\/?p=6088"},"modified":"2020-02-25T13:54:54","modified_gmt":"2020-02-25T19:54:54","slug":"buscan-mejorar-infraestructura-educativa-en-la-piedad","status":"publish","type":"post","link":"http:\/\/tvalaire.com\/?p=6088","title":{"rendered":"BUSCAN MEJORAR INFRAESTRUCTURA EDUCATIVA EN LA PIEDAD"},"content":{"rendered":"\n<p><\/p>\n\n\n\n<ul class=\"wp-block-list\"><li><strong>Hay gestiones para dotar de mobiliario\na primaria \u201cMelchor Ocampo\u201d<\/strong><\/li><li><strong>Busca Alcalde mantener trabajo\nconjunto con el Gobierno del Estado<\/strong><\/li><\/ul>\n\n\n\n<p>Durante\nla visita del secretario de educaci\u00f3n a nivel estatal H\u00e9ctor Ayala Morales a\nlas instalaciones del CAPEP en La Piedad, nuestro presidente Alex Espinoza\nrealiz\u00f3 un acercamiento para tratar temas en cuanto a la educaci\u00f3n de nuestro\nmunicipio se refiere.<\/p>\n\n\n\n<p>En\nestas pl\u00e1ticas nuestro Alcalde logr\u00f3 establecer acuerdos con los que se buscar\u00e1\nmejorar la infraestructura de algunas escuelas del municipio para de esta\nmanera ofrecer a nuestros ni\u00f1os un mejor espacio educativo. Acciones en las que\nse tiene apoyo del jefe regional Juan Luis Contreras\nCalder\u00f3n.<\/p>\n\n\n\n<p>Entre\nlos apoyos gestionados se realizar\u00e1n mejoras en el CAPEP de La Piedad, entre\nellas la construcci\u00f3n de un techo para beneficio de las mam\u00e1s que esperan a sus\nhijos, as\u00ed mismo se mejorar\u00e1n los sanitarios. Ah\u00ed mismo se habilitaron rampas\npara personas con discapacidad.<\/p>\n\n\n\n<p>Por\notro lado, se logr\u00f3 el compromiso de dotar con mobiliario a la escuela primaria\n\u201cMelchor Ocampo\u201d, mismo que se estar\u00e1 entregando en los pr\u00f3ximos meses.<\/p>\n\n\n\n<p>Cabe\nmencionar que durante la visita del funcionario estatal docentes recib\u00edan un\ntaller regional en las instalaciones a quienes el Alcalde reiter\u00f3 el compromiso\nde su Gobierno con la educaci\u00f3n y seguir colaborando en la soluci\u00f3n de\npendientes que tenga este sector. <\/p>\n\n\n\n<p>Para finalizar con la gira de trabajo las autoridades del Estado representadas por el Secretario de Educaci\u00f3n realizaron la entrega de algunos materiales did\u00e1cticos y tabletas electr\u00f3nicas a la instituci\u00f3n.<\/p>\n\n\n\n<figure class=\"wp-block-gallery columns-1 is-cropped wp-block-gallery-1 is-layout-flex wp-block-gallery-is-layout-flex\"><ul class=\"blocks-gallery-grid\"><li class=\"blocks-gallery-item\"><figure><img loading=\"lazy\" decoding=\"async\" width=\"1024\" height=\"666\" src=\"http:\/\/tvalaire.com\/wp-content\/uploads\/2020\/02\/1-5-4-1024x666.jpeg\" alt=\"\" data-id=\"6093\" data-full-url=\"http:\/\/tvalaire.com\/wp-content\/uploads\/2020\/02\/1-5-4.jpeg\" data-link=\"http:\/\/tvalaire.com\/?attachment_id=6093\" class=\"wp-image-6093\" srcset=\"http:\/\/tvalaire.com\/wp-content\/uploads\/2020\/02\/1-5-4-1024x666.jpeg 1024w, http:\/\/tvalaire.com\/wp-content\/uploads\/2020\/02\/1-5-4-300x195.jpeg 300w, http:\/\/tvalaire.com\/wp-content\/uploads\/2020\/02\/1-5-4-768x499.jpeg 768w, http:\/\/tvalaire.com\/wp-content\/uploads\/2020\/02\/1-5-4-92x60.jpeg 92w, http:\/\/tvalaire.com\/wp-content\/uploads\/2020\/02\/1-5-4.jpeg 1200w\" sizes=\"(max-width: 1024px) 100vw, 1024px\" \/><\/figure><\/li><li class=\"blocks-gallery-item\"><figure><img loading=\"lazy\" decoding=\"async\" width=\"1024\" height=\"666\" src=\"http:\/\/tvalaire.com\/wp-content\/uploads\/2020\/02\/1-4-4-1024x666.jpeg\" alt=\"\" data-id=\"6092\" data-full-url=\"http:\/\/tvalaire.com\/wp-content\/uploads\/2020\/02\/1-4-4.jpeg\" data-link=\"http:\/\/tvalaire.com\/?attachment_id=6092\" class=\"wp-image-6092\" srcset=\"http:\/\/tvalaire.com\/wp-content\/uploads\/2020\/02\/1-4-4-1024x666.jpeg 1024w, http:\/\/tvalaire.com\/wp-content\/uploads\/2020\/02\/1-4-4-300x195.jpeg 300w, http:\/\/tvalaire.com\/wp-content\/uploads\/2020\/02\/1-4-4-768x499.jpeg 768w, http:\/\/tvalaire.com\/wp-content\/uploads\/2020\/02\/1-4-4-92x60.jpeg 92w, http:\/\/tvalaire.com\/wp-content\/uploads\/2020\/02\/1-4-4.jpeg 1200w\" sizes=\"(max-width: 1024px) 100vw, 1024px\" \/><\/figure><\/li><li class=\"blocks-gallery-item\"><figure><img loading=\"lazy\" decoding=\"async\" width=\"947\" height=\"767\" src=\"http:\/\/tvalaire.com\/wp-content\/uploads\/2020\/02\/1-3-4.jpeg\" alt=\"\" data-id=\"6091\" data-full-url=\"http:\/\/tvalaire.com\/wp-content\/uploads\/2020\/02\/1-3-4.jpeg\" data-link=\"http:\/\/tvalaire.com\/?attachment_id=6091\" class=\"wp-image-6091\" srcset=\"http:\/\/tvalaire.com\/wp-content\/uploads\/2020\/02\/1-3-4.jpeg 947w, http:\/\/tvalaire.com\/wp-content\/uploads\/2020\/02\/1-3-4-300x243.jpeg 300w, http:\/\/tvalaire.com\/wp-content\/uploads\/2020\/02\/1-3-4-768x622.jpeg 768w, http:\/\/tvalaire.com\/wp-content\/uploads\/2020\/02\/1-3-4-74x60.jpeg 74w\" sizes=\"(max-width: 947px) 100vw, 947px\" \/><\/figure><\/li><li class=\"blocks-gallery-item\"><figure><img loading=\"lazy\" decoding=\"async\" width=\"1024\" height=\"666\" src=\"http:\/\/tvalaire.com\/wp-content\/uploads\/2020\/02\/1-2-4-1024x666.jpeg\" alt=\"\" data-id=\"6090\" data-full-url=\"http:\/\/tvalaire.com\/wp-content\/uploads\/2020\/02\/1-2-4.jpeg\" data-link=\"http:\/\/tvalaire.com\/?attachment_id=6090\" class=\"wp-image-6090\" srcset=\"http:\/\/tvalaire.com\/wp-content\/uploads\/2020\/02\/1-2-4-1024x666.jpeg 1024w, http:\/\/tvalaire.com\/wp-content\/uploads\/2020\/02\/1-2-4-300x195.jpeg 300w, http:\/\/tvalaire.com\/wp-content\/uploads\/2020\/02\/1-2-4-768x499.jpeg 768w, http:\/\/tvalaire.com\/wp-content\/uploads\/2020\/02\/1-2-4-92x60.jpeg 92w, http:\/\/tvalaire.com\/wp-content\/uploads\/2020\/02\/1-2-4.jpeg 1200w\" sizes=\"(max-width: 1024px) 100vw, 1024px\" \/><\/figure><\/li><li class=\"blocks-gallery-item\"><figure><img loading=\"lazy\" decoding=\"async\" width=\"1024\" height=\"666\" src=\"http:\/\/tvalaire.com\/wp-content\/uploads\/2020\/02\/1-1-4-1024x666.jpeg\" alt=\"\" data-id=\"6089\" data-full-url=\"http:\/\/tvalaire.com\/wp-content\/uploads\/2020\/02\/1-1-4.jpeg\" data-link=\"http:\/\/tvalaire.com\/?attachment_id=6089\" class=\"wp-image-6089\" srcset=\"http:\/\/tvalaire.com\/wp-content\/uploads\/2020\/02\/1-1-4-1024x666.jpeg 1024w, http:\/\/tvalaire.com\/wp-content\/uploads\/2020\/02\/1-1-4-300x195.jpeg 300w, http:\/\/tvalaire.com\/wp-content\/uploads\/2020\/02\/1-1-4-768x499.jpeg 768w, http:\/\/tvalaire.com\/wp-content\/uploads\/2020\/02\/1-1-4-92x60.jpeg 92w, http:\/\/tvalaire.com\/wp-content\/uploads\/2020\/02\/1-1-4.jpeg 1200w\" sizes=\"(max-width: 1024px) 100vw, 1024px\" \/><\/figure><\/li><\/ul><\/figure>\n","protected":false},"excerpt":{"rendered":"<p>Hay gestiones para dotar de mobiliario a primaria \u201cMelchor Ocampo\u201d Busca Alcalde mantener trabajo conjunto&#8230;<\/p>\n","protected":false},"author":1,"featured_media":6090,"comment_status":"open","ping_status":"open","sticky":false,"template":"","format":"standard","meta":{"jetpack_post_was_ever_published":false,"_jetpack_newsletter_access":"","_jetpack_dont_email_post_to_subs":false,"_jetpack_newsletter_tier_id":0,"_jetpack_memberships_contains_paywalled_content":false,"_jetpack_memberships_contains_paid_content":false,"footnotes":"","jetpack_publicize_message":"","jetpack_publicize_feature_enabled":true,"jetpack_social_post_already_shared":false,"jetpack_social_options":{"image_generator_settings":{"template":"highway","enabled":false},"version":2}},"categories":[1],"tags":[15,36],"class_list":["post-6088","post","type-post","status-publish","format-standard","has-post-thumbnail","hentry","category-la-piedad","tag-la-piedad","tag-principales"],"jetpack_publicize_connections":[],"jetpack_sharing_enabled":true,"featured_image_urls":{"full":["http:\/\/tvalaire.com\/wp-content\/uploads\/2020\/02\/1-2-4.jpeg",1200,780,false],"thumbnail":["http:\/\/tvalaire.com\/wp-content\/uploads\/2020\/02\/1-2-4-150x150.jpeg",150,150,true],"medium":["http:\/\/tvalaire.com\/wp-content\/uploads\/2020\/02\/1-2-4-300x195.jpeg",300,195,true],"medium_large":["http:\/\/tvalaire.com\/wp-content\/uploads\/2020\/02\/1-2-4-768x499.jpeg",640,416,true],"large":["http:\/\/tvalaire.com\/wp-content\/uploads\/2020\/02\/1-2-4-1024x666.jpeg",640,416,true],"post-slider-thumb-size":["http:\/\/tvalaire.com\/wp-content\/uploads\/2020\/02\/1-2-4-330x190.jpeg",330,190,true],"post-category-slider-size":["http:\/\/tvalaire.com\/wp-content\/uploads\/2020\/02\/1-2-4.jpeg",330,215,false],"1536x1536":["http:\/\/tvalaire.com\/wp-content\/uploads\/2020\/02\/1-2-4.jpeg",1200,780,false],"2048x2048":["http:\/\/tvalaire.com\/wp-content\/uploads\/2020\/02\/1-2-4.jpeg",1200,780,false],"newsium-slider-full":["http:\/\/tvalaire.com\/wp-content\/uploads\/2020\/02\/1-2-4.jpeg",1200,780,false],"newsium-featured":["http:\/\/tvalaire.com\/wp-content\/uploads\/2020\/02\/1-2-4.jpeg",1024,666,false],"newsium-medium":["http:\/\/tvalaire.com\/wp-content\/uploads\/2020\/02\/1-2-4.jpeg",720,468,false]},"author_info":{"info":["tvalairenoti"]},"category_info":"<a href=\"http:\/\/tvalaire.com\/?cat=1\" rel=\"category\">La Piedad<\/a>","tag_info":"La Piedad","comment_count":"0","jetpack_featured_media_url":"http:\/\/tvalaire.com\/wp-content\/uploads\/2020\/02\/1-2-4.jpeg","_links":{"self":[{"href":"http:\/\/tvalaire.com\/index.php?rest_route=\/wp\/v2\/posts\/6088"}],"collection":[{"href":"http:\/\/tvalaire.com\/index.php?rest_route=\/wp\/v2\/posts"}],"about":[{"href":"http:\/\/tvalaire.com\/index.php?rest_route=\/wp\/v2\/types\/post"}],"author":[{"embeddable":true,"href":"http:\/\/tvalaire.com\/index.php?rest_route=\/wp\/v2\/users\/1"}],"replies":[{"embeddable":true,"href":"http:\/\/tvalaire.com\/index.php?rest_route=%2Fwp%2Fv2%2Fcomments&post=6088"}],"version-history":[{"count":1,"href":"http:\/\/tvalaire.com\/index.php?rest_route=\/wp\/v2\/posts\/6088\/revisions"}],"predecessor-version":[{"id":6094,"href":"http:\/\/tvalaire.com\/index.php?rest_route=\/wp\/v2\/posts\/6088\/revisions\/6094"}],"wp:featuredmedia":[{"embeddable":true,"href":"http:\/\/tvalaire.com\/index.php?rest_route=\/wp\/v2\/media\/6090"}],"wp:attachment":[{"href":"http:\/\/tvalaire.com\/index.php?rest_route=%2Fwp%2Fv2%2Fmedia&parent=6088"}],"wp:term":[{"taxonomy":"category","embeddable":true,"href":"http:\/\/tvalaire.com\/index.php?rest_route=%2Fwp%2Fv2%2Fcategories&post=6088"},{"taxonomy":"post_tag","embeddable":true,"href":"http:\/\/tvalaire.com\/index.php?rest_route=%2Fwp%2Fv2%2Ftags&post=6088"}],"curies":[{"name":"wp","href":"https:\/\/api.w.org\/{rel}","templated":true}]}}