{"id":6064,"date":"2020-02-25T13:40:42","date_gmt":"2020-02-25T19:40:42","guid":{"rendered":"http:\/\/tvalaire.com\/?p=6064"},"modified":"2020-02-25T13:40:45","modified_gmt":"2020-02-25T19:40:45","slug":"gobierno-de-la-piedad-trabajara-en-reforestacion-de-la-zona-rural","status":"publish","type":"post","link":"http:\/\/tvalaire.com\/?p=6064","title":{"rendered":"GOBIERNO DE LA PIEDAD TRABAJAR\u00c1 EN REFORESTACI\u00d3N DE LA ZONA RURAL"},"content":{"rendered":"\n<p><\/p>\n\n\n\n<ul class=\"wp-block-list\"><li><strong>Obtiene\nLa Piedad 15 mil \u00e1rboles de Fundaci\u00f3n Grupo M\u00e9xico<\/strong><\/li><li><strong>Los\n\u00e1rboles se destinar\u00e1n para reforestar 41 comunidades <\/strong><\/li><\/ul>\n\n\n\n<p>El Gobierno Municipal\nrecibi\u00f3 una donaci\u00f3n de 15 mil \u00e1rboles por parte de la Fundaci\u00f3n Grupo M\u00e9xico,\ncon los cuales se pretende arrancar un programa de reforestaci\u00f3n en las 41\ncomunidades rurales.<\/p>\n\n\n\n<p>Fernando Rosales Vallecillo,\ndirector de Fomento Agropecuario inform\u00f3 que los \u00e1rboles ya fueron recibidos y\nfueron destinados al vivero municipal, en tanto se pone en marcha el programa\nde reforestaci\u00f3n en las comunidades.<\/p>\n\n\n\n<p>Destac\u00f3 el eco que\nencontraron en esta Fundaci\u00f3n de asociaciones sin fines de lucro, de su\ncompromiso con el medio ambiente y nuestro entorno, apoyando a distintas\norganizaciones y gobiernos.<\/p>\n\n\n\n<p>Es por ello que se puso en\ncontacto con Jessica Pons Fern\u00e1ndez, representante de la Fundaci\u00f3n para hacer\nla solicitud, en la cual se le expusieron los beneficios que podr\u00edan alcanzar\nal mejorar los espacios p\u00fablicos, reducci\u00f3n de la contaminaci\u00f3n, creaci\u00f3n de\n\u00e1reas verdes que sirva para reducir la temperatura mediante la plantaci\u00f3n de\nestos \u00e1rboles que ayuden a su vez, a combatir el cambio clim\u00e1tico.<\/p>\n\n\n\n<p>Esto en beneficio de\ncomunidades como: Los Ayala, El Jag\u00fcey, Los Melgoza, El Tigre, Los Rodr\u00edguez,\nLos L\u00f3pez, Santa Catarina, Ticu\u00edtaco, El Pandillo, Jauja, Paredones, entre\notras.<\/p>\n\n\n\n<p>Obteniendo respuesta favorable, por tanto, recibieron \u00e1rboles de distintas variedades mezquite, trueno, pino michoacano, cedro blanco, Tulia, guaje blanco, palma abanico, eucalipto, fresno y cipr\u00e9s, mismos que ser\u00e1n repartidos entre las 41 comunidades previo compromiso con los encargados del orden y comisariados ejidales para su cuidado.<\/p>\n\n\n\n<figure class=\"wp-block-image size-large\"><img loading=\"lazy\" decoding=\"async\" width=\"1024\" height=\"768\" src=\"http:\/\/tvalaire.com\/wp-content\/uploads\/2020\/02\/1-1-1-1024x768.jpeg\" alt=\"\" class=\"wp-image-6065\" srcset=\"http:\/\/tvalaire.com\/wp-content\/uploads\/2020\/02\/1-1-1-1024x768.jpeg 1024w, http:\/\/tvalaire.com\/wp-content\/uploads\/2020\/02\/1-1-1-300x225.jpeg 300w, http:\/\/tvalaire.com\/wp-content\/uploads\/2020\/02\/1-1-1-768x576.jpeg 768w, http:\/\/tvalaire.com\/wp-content\/uploads\/2020\/02\/1-1-1-80x60.jpeg 80w, http:\/\/tvalaire.com\/wp-content\/uploads\/2020\/02\/1-1-1.jpeg 1280w\" sizes=\"(max-width: 1024px) 100vw, 1024px\" \/><\/figure>\n\n\n\n<figure class=\"wp-block-image size-large\"><img loading=\"lazy\" decoding=\"async\" width=\"768\" height=\"1024\" src=\"http:\/\/tvalaire.com\/wp-content\/uploads\/2020\/02\/1-2-1-768x1024.jpeg\" alt=\"\" class=\"wp-image-6066\" srcset=\"http:\/\/tvalaire.com\/wp-content\/uploads\/2020\/02\/1-2-1-768x1024.jpeg 768w, http:\/\/tvalaire.com\/wp-content\/uploads\/2020\/02\/1-2-1-225x300.jpeg 225w, http:\/\/tvalaire.com\/wp-content\/uploads\/2020\/02\/1-2-1-45x60.jpeg 45w, http:\/\/tvalaire.com\/wp-content\/uploads\/2020\/02\/1-2-1.jpeg 960w\" sizes=\"(max-width: 768px) 100vw, 768px\" \/><\/figure>\n","protected":false},"excerpt":{"rendered":"<p>Obtiene La Piedad 15 mil \u00e1rboles de Fundaci\u00f3n Grupo M\u00e9xico Los \u00e1rboles se destinar\u00e1n para&#8230;<\/p>\n","protected":false},"author":1,"featured_media":6065,"comment_status":"open","ping_status":"open","sticky":false,"template":"","format":"standard","meta":{"jetpack_post_was_ever_published":false,"_jetpack_newsletter_access":"","_jetpack_dont_email_post_to_subs":false,"_jetpack_newsletter_tier_id":0,"_jetpack_memberships_contains_paywalled_content":false,"_jetpack_memberships_contains_paid_content":false,"footnotes":"","jetpack_publicize_message":"","jetpack_publicize_feature_enabled":true,"jetpack_social_post_already_shared":false,"jetpack_social_options":{"image_generator_settings":{"template":"highway","enabled":false},"version":2}},"categories":[1],"tags":[15,36],"class_list":["post-6064","post","type-post","status-publish","format-standard","has-post-thumbnail","hentry","category-la-piedad","tag-la-piedad","tag-principales"],"jetpack_publicize_connections":[],"jetpack_sharing_enabled":true,"featured_image_urls":{"full":["http:\/\/tvalaire.com\/wp-content\/uploads\/2020\/02\/1-1-1.jpeg",1280,960,false],"thumbnail":["http:\/\/tvalaire.com\/wp-content\/uploads\/2020\/02\/1-1-1-150x150.jpeg",150,150,true],"medium":["http:\/\/tvalaire.com\/wp-content\/uploads\/2020\/02\/1-1-1-300x225.jpeg",300,225,true],"medium_large":["http:\/\/tvalaire.com\/wp-content\/uploads\/2020\/02\/1-1-1-768x576.jpeg",640,480,true],"large":["http:\/\/tvalaire.com\/wp-content\/uploads\/2020\/02\/1-1-1-1024x768.jpeg",640,480,true],"post-slider-thumb-size":["http:\/\/tvalaire.com\/wp-content\/uploads\/2020\/02\/1-1-1-330x190.jpeg",330,190,true],"post-category-slider-size":["http:\/\/tvalaire.com\/wp-content\/uploads\/2020\/02\/1-1-1.jpeg",330,248,false],"1536x1536":["http:\/\/tvalaire.com\/wp-content\/uploads\/2020\/02\/1-1-1.jpeg",1280,960,false],"2048x2048":["http:\/\/tvalaire.com\/wp-content\/uploads\/2020\/02\/1-1-1.jpeg",1280,960,false],"newsium-slider-full":["http:\/\/tvalaire.com\/wp-content\/uploads\/2020\/02\/1-1-1.jpeg",1127,845,false],"newsium-featured":["http:\/\/tvalaire.com\/wp-content\/uploads\/2020\/02\/1-1-1.jpeg",1024,768,false],"newsium-medium":["http:\/\/tvalaire.com\/wp-content\/uploads\/2020\/02\/1-1-1.jpeg",633,475,false]},"author_info":{"info":["tvalairenoti"]},"category_info":"<a href=\"http:\/\/tvalaire.com\/?cat=1\" rel=\"category\">La Piedad<\/a>","tag_info":"La Piedad","comment_count":"0","jetpack_featured_media_url":"http:\/\/tvalaire.com\/wp-content\/uploads\/2020\/02\/1-1-1.jpeg","_links":{"self":[{"href":"http:\/\/tvalaire.com\/index.php?rest_route=\/wp\/v2\/posts\/6064"}],"collection":[{"href":"http:\/\/tvalaire.com\/index.php?rest_route=\/wp\/v2\/posts"}],"about":[{"href":"http:\/\/tvalaire.com\/index.php?rest_route=\/wp\/v2\/types\/post"}],"author":[{"embeddable":true,"href":"http:\/\/tvalaire.com\/index.php?rest_route=\/wp\/v2\/users\/1"}],"replies":[{"embeddable":true,"href":"http:\/\/tvalaire.com\/index.php?rest_route=%2Fwp%2Fv2%2Fcomments&post=6064"}],"version-history":[{"count":1,"href":"http:\/\/tvalaire.com\/index.php?rest_route=\/wp\/v2\/posts\/6064\/revisions"}],"predecessor-version":[{"id":6067,"href":"http:\/\/tvalaire.com\/index.php?rest_route=\/wp\/v2\/posts\/6064\/revisions\/6067"}],"wp:featuredmedia":[{"embeddable":true,"href":"http:\/\/tvalaire.com\/index.php?rest_route=\/wp\/v2\/media\/6065"}],"wp:attachment":[{"href":"http:\/\/tvalaire.com\/index.php?rest_route=%2Fwp%2Fv2%2Fmedia&parent=6064"}],"wp:term":[{"taxonomy":"category","embeddable":true,"href":"http:\/\/tvalaire.com\/index.php?rest_route=%2Fwp%2Fv2%2Fcategories&post=6064"},{"taxonomy":"post_tag","embeddable":true,"href":"http:\/\/tvalaire.com\/index.php?rest_route=%2Fwp%2Fv2%2Ftags&post=6064"}],"curies":[{"name":"wp","href":"https:\/\/api.w.org\/{rel}","templated":true}]}}