{"id":5989,"date":"2020-01-29T10:42:27","date_gmt":"2020-01-29T16:42:27","guid":{"rendered":"http:\/\/tvalaire.com\/?p=5989"},"modified":"2020-01-30T10:55:58","modified_gmt":"2020-01-30T16:55:58","slug":"capacitan-a-personal-de-seguridad-publica-sobre-perspectiva-de-genero","status":"publish","type":"post","link":"http:\/\/tvalaire.com\/?p=5989","title":{"rendered":"CAPACITAN A PERSONAL DE SEGURIDAD P\u00daBLICA SOBRE PERSPECTIVA DE G\u00c9NERO"},"content":{"rendered":"\n<p><\/p>\n\n\n\n<ul class=\"wp-block-list\"><li><strong>Que\nlos elementos sepan c\u00f3mo actuar es la meta<\/strong><\/li><li><strong>Buscan\nofrecer a la ciudadan\u00eda un mejor servicio<\/strong><\/li><\/ul>\n\n\n\n<p>La directora del Instituto\nMunicipal de la Mujer (IMM), Claudia Eugenia Buenrostro D\u00edaz, arranc\u00f3 este a\u00f1o\ncon la campa\u00f1a permanente de promoci\u00f3n sobre equidad de g\u00e9nero con personal de\nSeguridad P\u00fablica.<\/p>\n\n\n\n<p>En esta ocasi\u00f3n, la\ndirectora del IMM, estuvo acompa\u00f1ada del oficial mayor, Adri\u00e1n Jim\u00e9nez Guth,\nquienes fueron los encargados de ofrecer el primer taller de capacitaci\u00f3n\nllamado \u201cServidor p\u00fablico con perspectiva de g\u00e9nero\u201d.<\/p>\n\n\n\n<p>Claudia Eugenia Buenrostro\nindic\u00f3 que esta y otras acciones que realiza a trav\u00e9s de su dependencia, se lleva\ncon base al trabajo que implica la Alerta de Violencia de G\u00e9nero.<\/p>\n\n\n\n<p>Es por tanto, que se busca\nimplicar a todo el personal que son quienes atienden de primera instancia a las\nmujeres que son violentadas, para que est\u00e9n capacitados y sepan c\u00f3mo actuar\nante una situaci\u00f3n como \u00e9sta, ya que la tarea es de todos.<\/p>\n\n\n\n<p>El objetivo final, es\nbrindar un mejor servicio, el cual s\u00f3lo podr\u00e1 lograrse con base a la\ncapacitaci\u00f3n de todo el personal que labora en el Gobierno Municipal.<\/p>\n\n\n\n<p>Con este curso suman seis\nlos que se han impartido al personal de Seguridad P\u00fablica; los anteriores fueron\nsobre formaci\u00f3n inicial tanto para los elementos activos como aspirantes;\ncompetencias de la funci\u00f3n policial; lectura y redacci\u00f3n de documentos\noficiales e informe policial homologado.<\/p>\n","protected":false},"excerpt":{"rendered":"<p>Que los elementos sepan c\u00f3mo actuar es la meta Buscan ofrecer a la ciudadan\u00eda un&#8230;<\/p>\n","protected":false},"author":1,"featured_media":5990,"comment_status":"open","ping_status":"open","sticky":false,"template":"","format":"standard","meta":{"jetpack_post_was_ever_published":false,"_jetpack_newsletter_access":"","_jetpack_dont_email_post_to_subs":false,"_jetpack_newsletter_tier_id":0,"_jetpack_memberships_contains_paywalled_content":false,"_jetpack_memberships_contains_paid_content":false,"footnotes":"","jetpack_publicize_message":"","jetpack_publicize_feature_enabled":true,"jetpack_social_post_already_shared":false,"jetpack_social_options":{"image_generator_settings":{"template":"highway","enabled":false},"version":2}},"categories":[1],"tags":[15,36],"class_list":["post-5989","post","type-post","status-publish","format-standard","has-post-thumbnail","hentry","category-la-piedad","tag-la-piedad","tag-principales"],"jetpack_publicize_connections":[],"jetpack_sharing_enabled":true,"featured_image_urls":{"full":["http:\/\/tvalaire.com\/wp-content\/uploads\/2020\/01\/1-1-3.jpeg",968,780,false],"thumbnail":["http:\/\/tvalaire.com\/wp-content\/uploads\/2020\/01\/1-1-3-150x150.jpeg",150,150,true],"medium":["http:\/\/tvalaire.com\/wp-content\/uploads\/2020\/01\/1-1-3-300x242.jpeg",300,242,true],"medium_large":["http:\/\/tvalaire.com\/wp-content\/uploads\/2020\/01\/1-1-3-768x619.jpeg",640,516,true],"large":["http:\/\/tvalaire.com\/wp-content\/uploads\/2020\/01\/1-1-3.jpeg",640,516,false],"post-slider-thumb-size":["http:\/\/tvalaire.com\/wp-content\/uploads\/2020\/01\/1-1-3-330x190.jpeg",330,190,true],"post-category-slider-size":["http:\/\/tvalaire.com\/wp-content\/uploads\/2020\/01\/1-1-3.jpeg",330,266,false],"1536x1536":["http:\/\/tvalaire.com\/wp-content\/uploads\/2020\/01\/1-1-3.jpeg",968,780,false],"2048x2048":["http:\/\/tvalaire.com\/wp-content\/uploads\/2020\/01\/1-1-3.jpeg",968,780,false],"newsium-slider-full":["http:\/\/tvalaire.com\/wp-content\/uploads\/2020\/01\/1-1-3.jpeg",968,780,false],"newsium-featured":["http:\/\/tvalaire.com\/wp-content\/uploads\/2020\/01\/1-1-3.jpeg",968,780,false],"newsium-medium":["http:\/\/tvalaire.com\/wp-content\/uploads\/2020\/01\/1-1-3.jpeg",589,475,false]},"author_info":{"info":["tvalairenoti"]},"category_info":"<a href=\"http:\/\/tvalaire.com\/?cat=1\" rel=\"category\">La Piedad<\/a>","tag_info":"La Piedad","comment_count":"0","jetpack_featured_media_url":"http:\/\/tvalaire.com\/wp-content\/uploads\/2020\/01\/1-1-3.jpeg","_links":{"self":[{"href":"http:\/\/tvalaire.com\/index.php?rest_route=\/wp\/v2\/posts\/5989"}],"collection":[{"href":"http:\/\/tvalaire.com\/index.php?rest_route=\/wp\/v2\/posts"}],"about":[{"href":"http:\/\/tvalaire.com\/index.php?rest_route=\/wp\/v2\/types\/post"}],"author":[{"embeddable":true,"href":"http:\/\/tvalaire.com\/index.php?rest_route=\/wp\/v2\/users\/1"}],"replies":[{"embeddable":true,"href":"http:\/\/tvalaire.com\/index.php?rest_route=%2Fwp%2Fv2%2Fcomments&post=5989"}],"version-history":[{"count":1,"href":"http:\/\/tvalaire.com\/index.php?rest_route=\/wp\/v2\/posts\/5989\/revisions"}],"predecessor-version":[{"id":5991,"href":"http:\/\/tvalaire.com\/index.php?rest_route=\/wp\/v2\/posts\/5989\/revisions\/5991"}],"wp:featuredmedia":[{"embeddable":true,"href":"http:\/\/tvalaire.com\/index.php?rest_route=\/wp\/v2\/media\/5990"}],"wp:attachment":[{"href":"http:\/\/tvalaire.com\/index.php?rest_route=%2Fwp%2Fv2%2Fmedia&parent=5989"}],"wp:term":[{"taxonomy":"category","embeddable":true,"href":"http:\/\/tvalaire.com\/index.php?rest_route=%2Fwp%2Fv2%2Fcategories&post=5989"},{"taxonomy":"post_tag","embeddable":true,"href":"http:\/\/tvalaire.com\/index.php?rest_route=%2Fwp%2Fv2%2Ftags&post=5989"}],"curies":[{"name":"wp","href":"https:\/\/api.w.org\/{rel}","templated":true}]}}