{"id":5949,"date":"2020-01-13T13:14:02","date_gmt":"2020-01-13T19:14:02","guid":{"rendered":"http:\/\/tvalaire.com\/?p=5949"},"modified":"2020-01-28T13:17:08","modified_gmt":"2020-01-28T19:17:08","slug":"estan-programadas-fechas-para-entrega-de-becas-municipales","status":"publish","type":"post","link":"http:\/\/tvalaire.com\/?p=5949","title":{"rendered":"EST\u00c1N PROGRAMADAS FECHAS PARA ENTREGA DE BECAS MUNICIPALES"},"content":{"rendered":"\n<p><a><strong> <\/strong><\/a><\/p>\n\n\n\n<ul class=\"wp-block-list\"><li><strong>A\npartir del 4 de febrero en la \u201cUnidad de Abajo\u201d<\/strong><\/li><li><strong>Estudiantes\ndeben acudir por el apoyo econ\u00f3mico &nbsp;<\/strong><\/li><\/ul>\n\n\n\n<p>A partir del martes 4 de\nfebrero se llevar\u00e1 a cabo la entrega de becas municipales con las cuales\ncerrar\u00e1n el a\u00f1o fiscal 2019.<\/p>\n\n\n\n<p>Horacio Mart\u00edn S\u00e1nchez\nMolina, director de Educaci\u00f3n inform\u00f3 que la entrega oficial de los incentivos\necon\u00f3micos a los estudiantes con promedio de 8 hac\u00eda arriba, dar\u00e1 inicio ese\nd\u00eda a partir de las 07:30 de la ma\u00f1ana para los 131 estudiantes de la Escuela\nSecundaria T\u00e9cnica No. 140 de Ciudad del Sol.<\/p>\n\n\n\n<p>Posteriormente a las 10:00\ncomenzar\u00e1 la entrega de becas para los alumnos de Primaria de la zona urbana en\nla Unidad Deportiva \u201cLic. Humberto Romero P\u00e9rez\u201d.<\/p>\n\n\n\n<p>Para ello, invit\u00f3 a los\npadres de familia a estar pendientes y llevar a sus hijos a realizar el cobro\nde la beca que corresponder\u00e1 a los meses de Noviembre y Diciembre del a\u00f1o\npasado.<\/p>\n\n\n\n<p>De acuerdo a la programaci\u00f3n\ndada a conocer por el funcionario municipal, el mi\u00e9rcoles 5 de febrero\ncorresponder\u00e1 a los ni\u00f1os de Primaria de la zona rural realizar este\nprocedimiento en horario de las 10:00 a las 1:30 de la tarde en el mismo lugar.<\/p>\n\n\n\n<p>El jueves 6 de febrero\ntocar\u00e1 a los estudiantes de Secundarias y el viernes 7 del mismo mes, ser\u00e1 para\nlos alumnos de Preparatoria, Universidad y alumnos con beca de excelencia.<\/p>\n\n\n\n<p>Inform\u00f3 que quienes por alguna raz\u00f3n no puedan acudir a cobrar su incentivo econ\u00f3mico en las fechas se\u00f1aladas, podr\u00e1n acudir directamente a Tesorer\u00eda Municipal en los pr\u00f3ximos 10 d\u00edas h\u00e1biles posteriores a la entrega, en caso de no acudir dentro de este periodo, se dar\u00e1n de baja del programa como establecen las reglas del mismo programa.<\/p>\n\n\n\n<p><\/p>\n\n\n\n<figure class=\"wp-block-image size-large\"><img loading=\"lazy\" decoding=\"async\" width=\"1024\" height=\"576\" src=\"http:\/\/tvalaire.com\/wp-content\/uploads\/2020\/01\/01-4-2-1024x576.jpeg\" alt=\"\" class=\"wp-image-5953\" srcset=\"http:\/\/tvalaire.com\/wp-content\/uploads\/2020\/01\/01-4-2-1024x576.jpeg 1024w, http:\/\/tvalaire.com\/wp-content\/uploads\/2020\/01\/01-4-2-300x169.jpeg 300w, http:\/\/tvalaire.com\/wp-content\/uploads\/2020\/01\/01-4-2-768x432.jpeg 768w, http:\/\/tvalaire.com\/wp-content\/uploads\/2020\/01\/01-4-2.jpeg 1280w\" sizes=\"(max-width: 1024px) 100vw, 1024px\" \/><\/figure>\n\n\n\n<figure class=\"wp-block-image size-large\"><img loading=\"lazy\" decoding=\"async\" width=\"1024\" height=\"576\" src=\"http:\/\/tvalaire.com\/wp-content\/uploads\/2020\/01\/01-3-4-1024x576.jpeg\" alt=\"\" class=\"wp-image-5954\" srcset=\"http:\/\/tvalaire.com\/wp-content\/uploads\/2020\/01\/01-3-4-1024x576.jpeg 1024w, http:\/\/tvalaire.com\/wp-content\/uploads\/2020\/01\/01-3-4-300x169.jpeg 300w, http:\/\/tvalaire.com\/wp-content\/uploads\/2020\/01\/01-3-4-768x432.jpeg 768w, http:\/\/tvalaire.com\/wp-content\/uploads\/2020\/01\/01-3-4.jpeg 1280w\" sizes=\"(max-width: 1024px) 100vw, 1024px\" \/><\/figure>\n","protected":false},"excerpt":{"rendered":"<p>A partir del 4 de febrero en la \u201cUnidad de Abajo\u201d Estudiantes deben acudir por&#8230;<\/p>\n","protected":false},"author":1,"featured_media":5950,"comment_status":"open","ping_status":"open","sticky":false,"template":"","format":"standard","meta":{"jetpack_post_was_ever_published":false,"_jetpack_newsletter_access":"","_jetpack_dont_email_post_to_subs":false,"_jetpack_newsletter_tier_id":0,"_jetpack_memberships_contains_paywalled_content":false,"_jetpack_memberships_contains_paid_content":false,"footnotes":"","jetpack_publicize_message":"","jetpack_publicize_feature_enabled":true,"jetpack_social_post_already_shared":false,"jetpack_social_options":{"image_generator_settings":{"template":"highway","enabled":false},"version":2}},"categories":[1],"tags":[15,36],"class_list":["post-5949","post","type-post","status-publish","format-standard","has-post-thumbnail","hentry","category-la-piedad","tag-la-piedad","tag-principales"],"jetpack_publicize_connections":[],"jetpack_sharing_enabled":true,"featured_image_urls":{"full":["http:\/\/tvalaire.com\/wp-content\/uploads\/2020\/01\/01-2-4.jpeg",1280,720,false],"thumbnail":["http:\/\/tvalaire.com\/wp-content\/uploads\/2020\/01\/01-2-4-150x150.jpeg",150,150,true],"medium":["http:\/\/tvalaire.com\/wp-content\/uploads\/2020\/01\/01-2-4-300x169.jpeg",300,169,true],"medium_large":["http:\/\/tvalaire.com\/wp-content\/uploads\/2020\/01\/01-2-4-768x432.jpeg",640,360,true],"large":["http:\/\/tvalaire.com\/wp-content\/uploads\/2020\/01\/01-2-4-1024x576.jpeg",640,360,true],"post-slider-thumb-size":["http:\/\/tvalaire.com\/wp-content\/uploads\/2020\/01\/01-2-4.jpeg",330,186,false],"post-category-slider-size":["http:\/\/tvalaire.com\/wp-content\/uploads\/2020\/01\/01-2-4.jpeg",330,186,false],"1536x1536":["http:\/\/tvalaire.com\/wp-content\/uploads\/2020\/01\/01-2-4.jpeg",1280,720,false],"2048x2048":["http:\/\/tvalaire.com\/wp-content\/uploads\/2020\/01\/01-2-4.jpeg",1280,720,false],"newsium-slider-full":["http:\/\/tvalaire.com\/wp-content\/uploads\/2020\/01\/01-2-4.jpeg",1280,720,false],"newsium-featured":["http:\/\/tvalaire.com\/wp-content\/uploads\/2020\/01\/01-2-4.jpeg",1024,576,false],"newsium-medium":["http:\/\/tvalaire.com\/wp-content\/uploads\/2020\/01\/01-2-4.jpeg",720,405,false]},"author_info":{"info":["tvalairenoti"]},"category_info":"<a href=\"http:\/\/tvalaire.com\/?cat=1\" rel=\"category\">La Piedad<\/a>","tag_info":"La Piedad","comment_count":"0","jetpack_featured_media_url":"http:\/\/tvalaire.com\/wp-content\/uploads\/2020\/01\/01-2-4.jpeg","_links":{"self":[{"href":"http:\/\/tvalaire.com\/index.php?rest_route=\/wp\/v2\/posts\/5949"}],"collection":[{"href":"http:\/\/tvalaire.com\/index.php?rest_route=\/wp\/v2\/posts"}],"about":[{"href":"http:\/\/tvalaire.com\/index.php?rest_route=\/wp\/v2\/types\/post"}],"author":[{"embeddable":true,"href":"http:\/\/tvalaire.com\/index.php?rest_route=\/wp\/v2\/users\/1"}],"replies":[{"embeddable":true,"href":"http:\/\/tvalaire.com\/index.php?rest_route=%2Fwp%2Fv2%2Fcomments&post=5949"}],"version-history":[{"count":1,"href":"http:\/\/tvalaire.com\/index.php?rest_route=\/wp\/v2\/posts\/5949\/revisions"}],"predecessor-version":[{"id":5955,"href":"http:\/\/tvalaire.com\/index.php?rest_route=\/wp\/v2\/posts\/5949\/revisions\/5955"}],"wp:featuredmedia":[{"embeddable":true,"href":"http:\/\/tvalaire.com\/index.php?rest_route=\/wp\/v2\/media\/5950"}],"wp:attachment":[{"href":"http:\/\/tvalaire.com\/index.php?rest_route=%2Fwp%2Fv2%2Fmedia&parent=5949"}],"wp:term":[{"taxonomy":"category","embeddable":true,"href":"http:\/\/tvalaire.com\/index.php?rest_route=%2Fwp%2Fv2%2Fcategories&post=5949"},{"taxonomy":"post_tag","embeddable":true,"href":"http:\/\/tvalaire.com\/index.php?rest_route=%2Fwp%2Fv2%2Ftags&post=5949"}],"curies":[{"name":"wp","href":"https:\/\/api.w.org\/{rel}","templated":true}]}}