{"id":5931,"date":"2020-01-24T12:44:00","date_gmt":"2020-01-24T18:44:00","guid":{"rendered":"http:\/\/tvalaire.com\/?p=5931"},"modified":"2020-01-28T12:48:05","modified_gmt":"2020-01-28T18:48:05","slug":"empleados-municipales-son-capacitados-en-lenguaje-a-senas","status":"publish","type":"post","link":"http:\/\/tvalaire.com\/?p=5931","title":{"rendered":"EMPLEADOS MUNICIPALES SON CAPACITADOS EN LENGUAJE A SE\u00d1AS"},"content":{"rendered":"\n<p><\/p>\n\n\n\n<ul class=\"wp-block-list\"><li><strong>La\nidea es ofrecer una mejor atenci\u00f3n a la poblaci\u00f3n <\/strong><\/li><li><strong>Son\n40 los colaboradores de Gobierno que son capacitados <\/strong><\/li><\/ul>\n\n\n\n<p>Con el fin de establecer\nmejores mecanismos de comunicaci\u00f3n entre las personas con discapacidad auditiva\ny el Gobierno Municipal, inici\u00f3 el Primer Curso de Lengua de Se\u00f1as dirigido a\nservidores p\u00fablicos que se realiza en el marco de la Jornada Incluyente 2019,\nque encabeza la Comisi\u00f3n de Grupos Vulnerables del Gobierno Municipal y que ha\nincluido una serie de actividades.<\/p>\n\n\n\n<p>El curso se ofreci\u00f3 a cerca\nde 40 colaboradores municipales quienes suelen ser el primer contacto cuando la\nciudadan\u00eda requiere de alg\u00fan tr\u00e1mite. <\/p>\n\n\n\n<p>Jatsiri Corona quien imparte\nel curso dijo que el objetivo es brindar herramientas al\npersonal para que puedan establecer una comunicaci\u00f3n m\u00e1s efectiva con la\npoblaci\u00f3n que tenga discapacidad auditiva. <\/p>\n\n\n\n<p>En la sesi\u00f3n se trabaj\u00f3 con\nel personal administrativo se realizaron ejercicios y conocimiento del\nabecedario con el que los asistentes empezaron a formar palabras. <\/p>\n\n\n\n<p>Por su parte la regidora Carmen L\u00f3pez Alvarado, presidenta de la Comisi\u00f3n de Grupos Vulnerables, coment\u00f3 a los empleados el inter\u00e9s que las autoridades municipales tienen para proporcionarles este tipo de talleres, que son dijo, indispensables para ofrecer un mejor servicio a la poblaci\u00f3n. <\/p>\n\n\n\n<p><\/p>\n\n\n\n<figure class=\"wp-block-image size-large\"><img loading=\"lazy\" decoding=\"async\" width=\"1024\" height=\"683\" src=\"http:\/\/tvalaire.com\/wp-content\/uploads\/2020\/01\/01-4-2.jpg\" alt=\"\" class=\"wp-image-5934\" srcset=\"http:\/\/tvalaire.com\/wp-content\/uploads\/2020\/01\/01-4-2.jpg 1024w, http:\/\/tvalaire.com\/wp-content\/uploads\/2020\/01\/01-4-2-300x200.jpg 300w, http:\/\/tvalaire.com\/wp-content\/uploads\/2020\/01\/01-4-2-768x512.jpg 768w\" sizes=\"(max-width: 1024px) 100vw, 1024px\" \/><\/figure>\n","protected":false},"excerpt":{"rendered":"<p>La idea es ofrecer una mejor atenci\u00f3n a la poblaci\u00f3n Son 40 los colaboradores de&#8230;<\/p>\n","protected":false},"author":1,"featured_media":5933,"comment_status":"open","ping_status":"open","sticky":false,"template":"","format":"standard","meta":{"jetpack_post_was_ever_published":false,"_jetpack_newsletter_access":"","_jetpack_dont_email_post_to_subs":false,"_jetpack_newsletter_tier_id":0,"_jetpack_memberships_contains_paywalled_content":false,"_jetpack_memberships_contains_paid_content":false,"footnotes":"","jetpack_publicize_message":"","jetpack_publicize_feature_enabled":true,"jetpack_social_post_already_shared":false,"jetpack_social_options":{"image_generator_settings":{"template":"highway","enabled":false},"version":2}},"categories":[1],"tags":[15,36],"class_list":["post-5931","post","type-post","status-publish","format-standard","has-post-thumbnail","hentry","category-la-piedad","tag-la-piedad","tag-principales"],"jetpack_publicize_connections":[],"jetpack_sharing_enabled":true,"featured_image_urls":{"full":["http:\/\/tvalaire.com\/wp-content\/uploads\/2020\/01\/01-6.jpg",1024,683,false],"thumbnail":["http:\/\/tvalaire.com\/wp-content\/uploads\/2020\/01\/01-6-150x150.jpg",150,150,true],"medium":["http:\/\/tvalaire.com\/wp-content\/uploads\/2020\/01\/01-6-300x200.jpg",300,200,true],"medium_large":["http:\/\/tvalaire.com\/wp-content\/uploads\/2020\/01\/01-6-768x512.jpg",640,427,true],"large":["http:\/\/tvalaire.com\/wp-content\/uploads\/2020\/01\/01-6.jpg",640,427,false],"post-slider-thumb-size":["http:\/\/tvalaire.com\/wp-content\/uploads\/2020\/01\/01-6.jpg",285,190,false],"post-category-slider-size":["http:\/\/tvalaire.com\/wp-content\/uploads\/2020\/01\/01-6.jpg",330,220,false],"1536x1536":["http:\/\/tvalaire.com\/wp-content\/uploads\/2020\/01\/01-6.jpg",1024,683,false],"2048x2048":["http:\/\/tvalaire.com\/wp-content\/uploads\/2020\/01\/01-6.jpg",1024,683,false],"newsium-slider-full":["http:\/\/tvalaire.com\/wp-content\/uploads\/2020\/01\/01-6.jpg",1024,683,false],"newsium-featured":["http:\/\/tvalaire.com\/wp-content\/uploads\/2020\/01\/01-6.jpg",1024,683,false],"newsium-medium":["http:\/\/tvalaire.com\/wp-content\/uploads\/2020\/01\/01-6.jpg",712,475,false]},"author_info":{"info":["tvalairenoti"]},"category_info":"<a href=\"http:\/\/tvalaire.com\/?cat=1\" rel=\"category\">La Piedad<\/a>","tag_info":"La Piedad","comment_count":"0","jetpack_featured_media_url":"http:\/\/tvalaire.com\/wp-content\/uploads\/2020\/01\/01-6.jpg","_links":{"self":[{"href":"http:\/\/tvalaire.com\/index.php?rest_route=\/wp\/v2\/posts\/5931"}],"collection":[{"href":"http:\/\/tvalaire.com\/index.php?rest_route=\/wp\/v2\/posts"}],"about":[{"href":"http:\/\/tvalaire.com\/index.php?rest_route=\/wp\/v2\/types\/post"}],"author":[{"embeddable":true,"href":"http:\/\/tvalaire.com\/index.php?rest_route=\/wp\/v2\/users\/1"}],"replies":[{"embeddable":true,"href":"http:\/\/tvalaire.com\/index.php?rest_route=%2Fwp%2Fv2%2Fcomments&post=5931"}],"version-history":[{"count":1,"href":"http:\/\/tvalaire.com\/index.php?rest_route=\/wp\/v2\/posts\/5931\/revisions"}],"predecessor-version":[{"id":5935,"href":"http:\/\/tvalaire.com\/index.php?rest_route=\/wp\/v2\/posts\/5931\/revisions\/5935"}],"wp:featuredmedia":[{"embeddable":true,"href":"http:\/\/tvalaire.com\/index.php?rest_route=\/wp\/v2\/media\/5933"}],"wp:attachment":[{"href":"http:\/\/tvalaire.com\/index.php?rest_route=%2Fwp%2Fv2%2Fmedia&parent=5931"}],"wp:term":[{"taxonomy":"category","embeddable":true,"href":"http:\/\/tvalaire.com\/index.php?rest_route=%2Fwp%2Fv2%2Fcategories&post=5931"},{"taxonomy":"post_tag","embeddable":true,"href":"http:\/\/tvalaire.com\/index.php?rest_route=%2Fwp%2Fv2%2Ftags&post=5931"}],"curies":[{"name":"wp","href":"https:\/\/api.w.org\/{rel}","templated":true}]}}