{"id":5928,"date":"2020-01-27T12:28:12","date_gmt":"2020-01-27T18:28:12","guid":{"rendered":"http:\/\/tvalaire.com\/?p=5928"},"modified":"2020-01-28T12:34:31","modified_gmt":"2020-01-28T18:34:31","slug":"gestiona-alcalde-proyectos-para-concretar-obras-hidraulicas","status":"publish","type":"post","link":"http:\/\/tvalaire.com\/?p=5928","title":{"rendered":"GESTIONA ALCALDE PROYECTOS PARA CONCRETAR OBRAS HIDR\u00c1ULICAS"},"content":{"rendered":"\n<p><\/p>\n\n\n\n<ul class=\"wp-block-list\"><li><strong>Sostiene\nreuni\u00f3n con diputado Feliciano Flores Anguiano<\/strong><\/li><li><strong>Buscan\ncontinuar proyecto de Dignificaci\u00f3n de Zona Centro<\/strong><\/li><\/ul>\n\n\n\n<p>Nuestro presidente municipal,\nAlex Espinoza sostuvo una reuni\u00f3n con el diputado federal, Feliciano Flores\nAnguiano para gestionar recursos que permitan ejecutar obras durante el\nejercicio 2020.<\/p>\n\n\n\n<p>As\u00ed lo refiri\u00f3 el propio edil\nmunicipal, quien durante el encuentro entreg\u00f3 un paquete de acciones mismas que\nse esperan logren etiquetarse en el presupuesto de este mismo a\u00f1o.<\/p>\n\n\n\n<p>Entre ellas, se encuentra el\navance del proyecto de Dignificaci\u00f3n de la Zona Centro, por otros 20 millones\nde pesos. Durante el a\u00f1o 2019 este plan de mejoramiento tuvo una cantidad\nsimilar para las mejoras del drenaje y pavimentaci\u00f3n de las calles Matamoros,\nGuelatao, 5 de Mayo, Galeana, entre otras.<\/p>\n\n\n\n<p>El Presidente Municipal refiri\u00f3\nque en el encuentro con el diputado federal y presidente de la Comisi\u00f3n de\nRecursos Hidr\u00e1ulicos tambi\u00e9n fue para continuar con la gesti\u00f3n de las obras\nmejoramiento de colectores, mejoramiento de eficiencia de pozos y seguir con\ncolectores pluviales del municipio.<\/p>\n\n\n\n<p>\u201cLo que buscamos es concretar el\nmayor n\u00famero de proyectos con recursos, necesitamos seguir tocando las puertas\npara que las obras que tenemos a trav\u00e9s de SAPAS, logren ser una realidad\u201d,\nafirm\u00f3 el alcalde Alex Espinoza.<\/p>\n\n\n\n<p>La reuni\u00f3n entre los funcionarios\nse realiz\u00f3 en la ciudad de Morelia, durante la gira de trabajo para gestionar\nrecursos que tuvo el presidente de La Piedad.<\/p>\n","protected":false},"excerpt":{"rendered":"<p>Sostiene reuni\u00f3n con diputado Feliciano Flores Anguiano Buscan continuar proyecto de Dignificaci\u00f3n de Zona Centro&#8230;<\/p>\n","protected":false},"author":1,"featured_media":5929,"comment_status":"open","ping_status":"open","sticky":false,"template":"","format":"standard","meta":{"jetpack_post_was_ever_published":false,"_jetpack_newsletter_access":"","_jetpack_dont_email_post_to_subs":false,"_jetpack_newsletter_tier_id":0,"_jetpack_memberships_contains_paywalled_content":false,"_jetpack_memberships_contains_paid_content":false,"footnotes":"","jetpack_publicize_message":"","jetpack_publicize_feature_enabled":true,"jetpack_social_post_already_shared":false,"jetpack_social_options":{"image_generator_settings":{"template":"highway","enabled":false},"version":2}},"categories":[1],"tags":[15,36],"class_list":["post-5928","post","type-post","status-publish","format-standard","has-post-thumbnail","hentry","category-la-piedad","tag-la-piedad","tag-principales"],"jetpack_publicize_connections":[],"jetpack_sharing_enabled":true,"featured_image_urls":{"full":["http:\/\/tvalaire.com\/wp-content\/uploads\/2020\/01\/01.jpeg",1280,960,false],"thumbnail":["http:\/\/tvalaire.com\/wp-content\/uploads\/2020\/01\/01-150x150.jpeg",150,150,true],"medium":["http:\/\/tvalaire.com\/wp-content\/uploads\/2020\/01\/01-300x225.jpeg",300,225,true],"medium_large":["http:\/\/tvalaire.com\/wp-content\/uploads\/2020\/01\/01-768x576.jpeg",640,480,true],"large":["http:\/\/tvalaire.com\/wp-content\/uploads\/2020\/01\/01-1024x768.jpeg",640,480,true],"post-slider-thumb-size":["http:\/\/tvalaire.com\/wp-content\/uploads\/2020\/01\/01.jpeg",253,190,false],"post-category-slider-size":["http:\/\/tvalaire.com\/wp-content\/uploads\/2020\/01\/01.jpeg",330,248,false],"1536x1536":["http:\/\/tvalaire.com\/wp-content\/uploads\/2020\/01\/01.jpeg",1280,960,false],"2048x2048":["http:\/\/tvalaire.com\/wp-content\/uploads\/2020\/01\/01.jpeg",1280,960,false],"newsium-slider-full":["http:\/\/tvalaire.com\/wp-content\/uploads\/2020\/01\/01.jpeg",1127,845,false],"newsium-featured":["http:\/\/tvalaire.com\/wp-content\/uploads\/2020\/01\/01.jpeg",1024,768,false],"newsium-medium":["http:\/\/tvalaire.com\/wp-content\/uploads\/2020\/01\/01.jpeg",633,475,false]},"author_info":{"info":["tvalairenoti"]},"category_info":"<a href=\"http:\/\/tvalaire.com\/?cat=1\" rel=\"category\">La Piedad<\/a>","tag_info":"La Piedad","comment_count":"0","jetpack_featured_media_url":"http:\/\/tvalaire.com\/wp-content\/uploads\/2020\/01\/01.jpeg","_links":{"self":[{"href":"http:\/\/tvalaire.com\/index.php?rest_route=\/wp\/v2\/posts\/5928"}],"collection":[{"href":"http:\/\/tvalaire.com\/index.php?rest_route=\/wp\/v2\/posts"}],"about":[{"href":"http:\/\/tvalaire.com\/index.php?rest_route=\/wp\/v2\/types\/post"}],"author":[{"embeddable":true,"href":"http:\/\/tvalaire.com\/index.php?rest_route=\/wp\/v2\/users\/1"}],"replies":[{"embeddable":true,"href":"http:\/\/tvalaire.com\/index.php?rest_route=%2Fwp%2Fv2%2Fcomments&post=5928"}],"version-history":[{"count":2,"href":"http:\/\/tvalaire.com\/index.php?rest_route=\/wp\/v2\/posts\/5928\/revisions"}],"predecessor-version":[{"id":5983,"href":"http:\/\/tvalaire.com\/index.php?rest_route=\/wp\/v2\/posts\/5928\/revisions\/5983"}],"wp:featuredmedia":[{"embeddable":true,"href":"http:\/\/tvalaire.com\/index.php?rest_route=\/wp\/v2\/media\/5929"}],"wp:attachment":[{"href":"http:\/\/tvalaire.com\/index.php?rest_route=%2Fwp%2Fv2%2Fmedia&parent=5928"}],"wp:term":[{"taxonomy":"category","embeddable":true,"href":"http:\/\/tvalaire.com\/index.php?rest_route=%2Fwp%2Fv2%2Fcategories&post=5928"},{"taxonomy":"post_tag","embeddable":true,"href":"http:\/\/tvalaire.com\/index.php?rest_route=%2Fwp%2Fv2%2Ftags&post=5928"}],"curies":[{"name":"wp","href":"https:\/\/api.w.org\/{rel}","templated":true}]}}