{"id":5919,"date":"2020-01-20T15:12:11","date_gmt":"2020-01-20T21:12:11","guid":{"rendered":"http:\/\/tvalaire.com\/?p=5919"},"modified":"2020-01-22T15:15:54","modified_gmt":"2020-01-22T21:15:54","slug":"presentan-narrativa-de-hechos-historicos-sobre-la-piedad","status":"publish","type":"post","link":"http:\/\/tvalaire.com\/?p=5919","title":{"rendered":"PRESENTAN NARRATIVA DE HECHOS HIST\u00d3RICOS SOBRE LA PIEDAD"},"content":{"rendered":"\n<p><\/p>\n\n\n\n<ul class=\"wp-block-list\"><li><strong>Leen\ntextos in\u00e9ditos parte de la Gaceta del cronista Javier Ortiz Rojas<\/strong><\/li><li><strong>Conmemoran\n490 a\u00f1os del avecindamiento del municipio <\/strong><\/li><\/ul>\n\n\n\n<p>Graciela M\u00e9ndez Reyes,\nintegrante del Consejo de Cr\u00f3nica, dio lectura a la Narrativa de hechos\nhist\u00f3ricos que dieron origen al Avecindamiento de La Piedad; evento en el cual\nse ofreci\u00f3 un homenaje p\u00f3stumo a Javier Ortiz Rojas, quien fuera presidente del\nConsejo en la ciudad.<\/p>\n\n\n\n<p>La lectura de los textos se\nllev\u00f3 a cabo en la Escuela de Artes ante la presencia de nuestro alcalde Alex\nEspinoza; familiares y amigos del que fuera Presidente del Consejo de Cr\u00f3nica\nen La Piedad.<\/p>\n\n\n\n<p>La narrativa realizada forma\nparte del texto que el mismo Javier Ortiz Rojas hab\u00eda escrito sobre el origen\nde La Piedad, para la realizaci\u00f3n de la Gaceta de la Cr\u00f3nica.<\/p>\n\n\n\n<p>En ese documento, da cuenta\ndel avecindamiento desde la \u00e9poca prehisp\u00e1nica, basado tambi\u00e9n en documentos\nhist\u00f3ricos entre ellos el libro El F\u00e9nix del Amor del autor Alberto Carillo,\nquien tambi\u00e9n estaba invitado, pero que por motivos de salud no pudo estar\npresente.<\/p>\n\n\n\n<p>En el texto le\u00eddo se\nencuentra a su vez la leyenda sobre la fundaci\u00f3n de La Piedad, que establec\u00eda\nque su origen de la poblaci\u00f3n era n\u00e1huatl, que en el siglo XII de nuestra era,\ndurante su larga peregrinaci\u00f3n, los aztecas fundaron a la orilla del r\u00edo el\npueblo de Zula, cuyo nombre significa lugar de codornices. Tambi\u00e9n que en 1380,\nlas huestes de Tari\u00e1curi, rey de los pur\u00e9pecha conquistaron el pueblo y le\npusieron por nombre Aram\u00fataro, que significa \u201clugar de cuevas\u201d. Adem\u00e1s que el\n\u201c20 de enero de 1530, d\u00eda de San Sebasti\u00e1n, las tropas de don Antonio de\nVillarroel, lugarteniente de Nu\u00f1o de Guzm\u00e1n, tomaron posesi\u00f3n del lugar, al que\nllamaron San Sebasti\u00e1n de Aramutarillo\u201d.<\/p>\n\n\n\n<p>En el texto se menciona que\nanteriormente este poblado estaba compuesto por un insignificante caser\u00edo de\nindios. Que en 1637 vuelve a aparecer Aram\u00fataro con el nombre de San Andr\u00e9s de\nAramutarillo y su censo ascend\u00eda a 12 familias, 5 viudas, 4 muchachos, 5\nmuchachas. Para 1681 en un documento levantado por el Lic. Juan Manuel Mart\u00ednez\nde Araujo ten\u00eda una poblaci\u00f3n de 7 familias de indios con 32 miembros, entre\nchicos y grandes y para 1685, ya se conoc\u00eda con el nombre de San Sebasti\u00e1n de\nAramutarillo.<\/p>\n\n\n\n<p>Hace menci\u00f3n de la aparici\u00f3n\ndel Se\u00f1or de La Piedad el 24 de diciembre de 1687 en la Buena Huerta de\nYur\u00e9cuaro, por Blas Mart\u00edn Uriarte, Catalina Segura, Juan de la Cruz y Juan de\nAparicio Segura. A\u00f1o siguiente y despu\u00e9s del sorteo de la imagen \u00e9sta es\nentregada al pueblo de Aramutarillo, pueblo de indios y recibida por don\nAntonio de Texeda, due\u00f1o de la hacienda de \u201cEl Potrero de Texada\u201d, y por su\nyerno don Nicol\u00e1s \u00c1lvarez del Castillo y es depositada en una pobre ermita\nsituada en los terrenos de dicha hacienda y trasladada a la parroquia de\nTlazazalca donde permaneci\u00f3 por un tiempo, entre otros datos interesantes.<\/p>\n\n\n\n<p>Durante la narraci\u00f3n de este texto elaborado por Javier Ortiz Rojas, autoridades municipales rindieron homenaje p\u00f3stumo a este cronista quien dej\u00f3 m\u00e1s de 40 textos in\u00e9ditos en donde se narran partes hist\u00f3ricas de nuestro municipio y a quien ofrecieron un minuto de aplausos.<\/p>\n\n\n\n<p><\/p>\n\n\n\n<figure class=\"wp-block-image size-large\"><img loading=\"lazy\" decoding=\"async\" width=\"1024\" height=\"576\" src=\"http:\/\/tvalaire.com\/wp-content\/uploads\/2020\/01\/1-3-1-1024x576.jpeg\" alt=\"\" class=\"wp-image-5924\" srcset=\"http:\/\/tvalaire.com\/wp-content\/uploads\/2020\/01\/1-3-1-1024x576.jpeg 1024w, http:\/\/tvalaire.com\/wp-content\/uploads\/2020\/01\/1-3-1-300x169.jpeg 300w, http:\/\/tvalaire.com\/wp-content\/uploads\/2020\/01\/1-3-1-768x432.jpeg 768w, http:\/\/tvalaire.com\/wp-content\/uploads\/2020\/01\/1-3-1.jpeg 1280w\" sizes=\"(max-width: 1024px) 100vw, 1024px\" \/><\/figure>\n\n\n\n<p><\/p>\n\n\n\n<figure class=\"wp-block-image size-large\"><img loading=\"lazy\" decoding=\"async\" width=\"1024\" height=\"576\" src=\"http:\/\/tvalaire.com\/wp-content\/uploads\/2020\/01\/1-4-1-1024x576.jpeg\" alt=\"\" class=\"wp-image-5925\" srcset=\"http:\/\/tvalaire.com\/wp-content\/uploads\/2020\/01\/1-4-1-1024x576.jpeg 1024w, http:\/\/tvalaire.com\/wp-content\/uploads\/2020\/01\/1-4-1-300x169.jpeg 300w, http:\/\/tvalaire.com\/wp-content\/uploads\/2020\/01\/1-4-1-768x432.jpeg 768w, http:\/\/tvalaire.com\/wp-content\/uploads\/2020\/01\/1-4-1.jpeg 1280w\" sizes=\"(max-width: 1024px) 100vw, 1024px\" \/><\/figure>\n\n\n\n<figure class=\"wp-block-image size-large\"><img loading=\"lazy\" decoding=\"async\" width=\"1024\" height=\"576\" src=\"http:\/\/tvalaire.com\/wp-content\/uploads\/2020\/01\/1-1-1-1024x576.jpeg\" alt=\"\" class=\"wp-image-5926\" srcset=\"http:\/\/tvalaire.com\/wp-content\/uploads\/2020\/01\/1-1-1-1024x576.jpeg 1024w, http:\/\/tvalaire.com\/wp-content\/uploads\/2020\/01\/1-1-1-300x169.jpeg 300w, http:\/\/tvalaire.com\/wp-content\/uploads\/2020\/01\/1-1-1-768x432.jpeg 768w, http:\/\/tvalaire.com\/wp-content\/uploads\/2020\/01\/1-1-1.jpeg 1280w\" sizes=\"(max-width: 1024px) 100vw, 1024px\" \/><\/figure>\n\n\n\n<p><\/p>\n","protected":false},"excerpt":{"rendered":"<p>Leen textos in\u00e9ditos parte de la Gaceta del cronista Javier Ortiz Rojas Conmemoran 490 a\u00f1os&#8230;<\/p>\n","protected":false},"author":1,"featured_media":5920,"comment_status":"open","ping_status":"open","sticky":false,"template":"","format":"standard","meta":{"jetpack_post_was_ever_published":false,"_jetpack_newsletter_access":"","_jetpack_dont_email_post_to_subs":false,"_jetpack_newsletter_tier_id":0,"_jetpack_memberships_contains_paywalled_content":false,"_jetpack_memberships_contains_paid_content":false,"footnotes":"","jetpack_publicize_message":"","jetpack_publicize_feature_enabled":true,"jetpack_social_post_already_shared":false,"jetpack_social_options":{"image_generator_settings":{"template":"highway","enabled":false},"version":2}},"categories":[1],"tags":[15,36],"class_list":["post-5919","post","type-post","status-publish","format-standard","has-post-thumbnail","hentry","category-la-piedad","tag-la-piedad","tag-principales"],"jetpack_publicize_connections":[],"jetpack_sharing_enabled":true,"featured_image_urls":{"full":["http:\/\/tvalaire.com\/wp-content\/uploads\/2020\/01\/1-2.jpeg",1280,720,false],"thumbnail":["http:\/\/tvalaire.com\/wp-content\/uploads\/2020\/01\/1-2-150x150.jpeg",150,150,true],"medium":["http:\/\/tvalaire.com\/wp-content\/uploads\/2020\/01\/1-2-300x169.jpeg",300,169,true],"medium_large":["http:\/\/tvalaire.com\/wp-content\/uploads\/2020\/01\/1-2-768x432.jpeg",640,360,true],"large":["http:\/\/tvalaire.com\/wp-content\/uploads\/2020\/01\/1-2-1024x576.jpeg",640,360,true],"post-slider-thumb-size":["http:\/\/tvalaire.com\/wp-content\/uploads\/2020\/01\/1-2.jpeg",330,186,false],"post-category-slider-size":["http:\/\/tvalaire.com\/wp-content\/uploads\/2020\/01\/1-2.jpeg",330,186,false],"1536x1536":["http:\/\/tvalaire.com\/wp-content\/uploads\/2020\/01\/1-2.jpeg",1280,720,false],"2048x2048":["http:\/\/tvalaire.com\/wp-content\/uploads\/2020\/01\/1-2.jpeg",1280,720,false],"newsium-slider-full":["http:\/\/tvalaire.com\/wp-content\/uploads\/2020\/01\/1-2.jpeg",1280,720,false],"newsium-featured":["http:\/\/tvalaire.com\/wp-content\/uploads\/2020\/01\/1-2.jpeg",1024,576,false],"newsium-medium":["http:\/\/tvalaire.com\/wp-content\/uploads\/2020\/01\/1-2.jpeg",720,405,false]},"author_info":{"info":["tvalairenoti"]},"category_info":"<a href=\"http:\/\/tvalaire.com\/?cat=1\" rel=\"category\">La Piedad<\/a>","tag_info":"La Piedad","comment_count":"0","jetpack_featured_media_url":"http:\/\/tvalaire.com\/wp-content\/uploads\/2020\/01\/1-2.jpeg","_links":{"self":[{"href":"http:\/\/tvalaire.com\/index.php?rest_route=\/wp\/v2\/posts\/5919"}],"collection":[{"href":"http:\/\/tvalaire.com\/index.php?rest_route=\/wp\/v2\/posts"}],"about":[{"href":"http:\/\/tvalaire.com\/index.php?rest_route=\/wp\/v2\/types\/post"}],"author":[{"embeddable":true,"href":"http:\/\/tvalaire.com\/index.php?rest_route=\/wp\/v2\/users\/1"}],"replies":[{"embeddable":true,"href":"http:\/\/tvalaire.com\/index.php?rest_route=%2Fwp%2Fv2%2Fcomments&post=5919"}],"version-history":[{"count":1,"href":"http:\/\/tvalaire.com\/index.php?rest_route=\/wp\/v2\/posts\/5919\/revisions"}],"predecessor-version":[{"id":5927,"href":"http:\/\/tvalaire.com\/index.php?rest_route=\/wp\/v2\/posts\/5919\/revisions\/5927"}],"wp:featuredmedia":[{"embeddable":true,"href":"http:\/\/tvalaire.com\/index.php?rest_route=\/wp\/v2\/media\/5920"}],"wp:attachment":[{"href":"http:\/\/tvalaire.com\/index.php?rest_route=%2Fwp%2Fv2%2Fmedia&parent=5919"}],"wp:term":[{"taxonomy":"category","embeddable":true,"href":"http:\/\/tvalaire.com\/index.php?rest_route=%2Fwp%2Fv2%2Fcategories&post=5919"},{"taxonomy":"post_tag","embeddable":true,"href":"http:\/\/tvalaire.com\/index.php?rest_route=%2Fwp%2Fv2%2Ftags&post=5919"}],"curies":[{"name":"wp","href":"https:\/\/api.w.org\/{rel}","templated":true}]}}