{"id":5866,"date":"2020-01-09T11:30:30","date_gmt":"2020-01-09T17:30:30","guid":{"rendered":"http:\/\/tvalaire.com\/?p=5866"},"modified":"2020-01-10T11:33:02","modified_gmt":"2020-01-10T17:33:02","slug":"viajaran-palomas-mensajeras-a-los-angeles","status":"publish","type":"post","link":"http:\/\/tvalaire.com\/?p=5866","title":{"rendered":"VIAJAR\u00c1N PALOMAS MENSAJERAS A LOS \u00c1NGELES"},"content":{"rendered":"<ul>\n<li><strong>Convocan punto de salida desde el Jard\u00edn de La Pur\u00edsima<\/strong><\/li>\n<li><strong>Muestra Alcalde solidaridad con adultos mayores beneficiados<\/strong><\/li>\n<\/ul>\n<p>La Direcci\u00f3n de Vinculaci\u00f3n y Cooperaci\u00f3n Internacional reuni\u00f3 a las 98 \u201cPalomas Mensajeras\u201d que viajar\u00e1n el pr\u00f3ximo 30 de enero hacia la Uni\u00f3n Americana para reencontrarse con sus familiares.<\/p>\n<p>El objetivo de la reuni\u00f3n es dar a conocer los detalles a los beneficiados de este programa, entre los que incluye el llevar un equipaje ligero, as\u00ed como toda la documentaci\u00f3n oficial como credencial de elector, pasaporte y su VISA Americana.<\/p>\n<p>El presidente municipal, Alex Espinoza, afirm\u00f3 que este grupo de adultos mayores es el m\u00e1s numeroso en la historia de este programa, lo que significa un gran logro para la administraci\u00f3n municipal.<\/p>\n<p>\u201cSe va convertir en un calor humano y de familia, cuando se vuelvan a reencontrar. Quienes hemos tenido la fortuna de ir a acompa\u00f1ar a las \u2018Palomas Mensajeras\u2019, es indescriptible ese momento.<\/p>\n<p>\u201cLes pido a todos ustedes tener un orden mejor para lograr un viaje adecuado; escuchemos siempre las recomendaciones de la gente que va a acompa\u00f1arlos\u201d, recomend\u00f3 el primer edil.<\/p>\n<p>El viaje comenzar\u00e1 la noche del pr\u00f3ximo 29 de enero en la explanada del Jard\u00edn Marcos H. Pulido, mejor conocido como el Jard\u00edn de La Pur\u00edsima, en donde estar\u00e1n esperando tres camiones que llevar\u00e1n a las 98 \u201cPalomas Mensajeras\u201d hasta el Aeropuerto de la ciudad de Guadalajara.<\/p>\n<p>Para la madrugada del 30 de enero emprender\u00e1n su vuelo hacia la ciudad de Los \u00c1ngeles, California, en donde se tiene contemplado llegar\u00e1n a las 8:12 de la ma\u00f1ana.<\/p>\n<p>&nbsp;<\/p>\n<p><img loading=\"lazy\" decoding=\"async\" class=\"alignnone size-medium wp-image-5871\" src=\"http:\/\/tvalaire.com\/wp-content\/uploads\/2020\/01\/01-5-300x188.jpeg\" alt=\"\" width=\"300\" height=\"188\" srcset=\"http:\/\/tvalaire.com\/wp-content\/uploads\/2020\/01\/01-5-300x188.jpeg 300w, http:\/\/tvalaire.com\/wp-content\/uploads\/2020\/01\/01-5-768x480.jpeg 768w, http:\/\/tvalaire.com\/wp-content\/uploads\/2020\/01\/01-5-1024x640.jpeg 1024w, http:\/\/tvalaire.com\/wp-content\/uploads\/2020\/01\/01-5.jpeg 1280w\" sizes=\"(max-width: 300px) 100vw, 300px\" \/> <img loading=\"lazy\" decoding=\"async\" class=\"alignnone size-medium wp-image-5870\" src=\"http:\/\/tvalaire.com\/wp-content\/uploads\/2020\/01\/01-4-300x188.jpeg\" alt=\"\" width=\"300\" height=\"188\" srcset=\"http:\/\/tvalaire.com\/wp-content\/uploads\/2020\/01\/01-4-300x188.jpeg 300w, http:\/\/tvalaire.com\/wp-content\/uploads\/2020\/01\/01-4-768x480.jpeg 768w, http:\/\/tvalaire.com\/wp-content\/uploads\/2020\/01\/01-4-1024x640.jpeg 1024w, http:\/\/tvalaire.com\/wp-content\/uploads\/2020\/01\/01-4.jpeg 1280w\" sizes=\"(max-width: 300px) 100vw, 300px\" \/> <img loading=\"lazy\" decoding=\"async\" class=\"alignnone size-medium wp-image-5869\" src=\"http:\/\/tvalaire.com\/wp-content\/uploads\/2020\/01\/01-3-300x188.jpeg\" alt=\"\" width=\"300\" height=\"188\" srcset=\"http:\/\/tvalaire.com\/wp-content\/uploads\/2020\/01\/01-3-300x188.jpeg 300w, http:\/\/tvalaire.com\/wp-content\/uploads\/2020\/01\/01-3-768x480.jpeg 768w, http:\/\/tvalaire.com\/wp-content\/uploads\/2020\/01\/01-3-1024x640.jpeg 1024w, http:\/\/tvalaire.com\/wp-content\/uploads\/2020\/01\/01-3.jpeg 1280w\" sizes=\"(max-width: 300px) 100vw, 300px\" \/> <img loading=\"lazy\" decoding=\"async\" class=\"alignnone size-medium wp-image-5868\" src=\"http:\/\/tvalaire.com\/wp-content\/uploads\/2020\/01\/01-2-300x188.jpeg\" alt=\"\" width=\"300\" height=\"188\" srcset=\"http:\/\/tvalaire.com\/wp-content\/uploads\/2020\/01\/01-2-300x188.jpeg 300w, http:\/\/tvalaire.com\/wp-content\/uploads\/2020\/01\/01-2-768x480.jpeg 768w, http:\/\/tvalaire.com\/wp-content\/uploads\/2020\/01\/01-2-1024x640.jpeg 1024w, http:\/\/tvalaire.com\/wp-content\/uploads\/2020\/01\/01-2.jpeg 1280w\" sizes=\"(max-width: 300px) 100vw, 300px\" \/> <img loading=\"lazy\" decoding=\"async\" class=\"alignnone size-medium wp-image-5867\" src=\"http:\/\/tvalaire.com\/wp-content\/uploads\/2020\/01\/01-1-300x188.jpeg\" alt=\"\" width=\"300\" height=\"188\" srcset=\"http:\/\/tvalaire.com\/wp-content\/uploads\/2020\/01\/01-1-300x188.jpeg 300w, http:\/\/tvalaire.com\/wp-content\/uploads\/2020\/01\/01-1-768x480.jpeg 768w, http:\/\/tvalaire.com\/wp-content\/uploads\/2020\/01\/01-1-1024x640.jpeg 1024w, http:\/\/tvalaire.com\/wp-content\/uploads\/2020\/01\/01-1.jpeg 1280w\" sizes=\"(max-width: 300px) 100vw, 300px\" \/><\/p>\n","protected":false},"excerpt":{"rendered":"<p>Convocan punto de salida desde el Jard\u00edn de La Pur\u00edsima Muestra Alcalde solidaridad con adultos&#8230;<\/p>\n","protected":false},"author":1,"featured_media":5868,"comment_status":"open","ping_status":"open","sticky":false,"template":"","format":"standard","meta":{"jetpack_post_was_ever_published":false,"_jetpack_newsletter_access":"","_jetpack_dont_email_post_to_subs":false,"_jetpack_newsletter_tier_id":0,"_jetpack_memberships_contains_paywalled_content":false,"_jetpack_memberships_contains_paid_content":false,"footnotes":"","jetpack_publicize_message":"","jetpack_publicize_feature_enabled":true,"jetpack_social_post_already_shared":false,"jetpack_social_options":{"image_generator_settings":{"template":"highway","enabled":false},"version":2}},"categories":[1],"tags":[15,36],"class_list":["post-5866","post","type-post","status-publish","format-standard","has-post-thumbnail","hentry","category-la-piedad","tag-la-piedad","tag-principales"],"jetpack_publicize_connections":[],"jetpack_sharing_enabled":true,"featured_image_urls":{"full":["http:\/\/tvalaire.com\/wp-content\/uploads\/2020\/01\/01-2.jpeg",1280,800,false],"thumbnail":["http:\/\/tvalaire.com\/wp-content\/uploads\/2020\/01\/01-2-150x150.jpeg",150,150,true],"medium":["http:\/\/tvalaire.com\/wp-content\/uploads\/2020\/01\/01-2-300x188.jpeg",300,188,true],"medium_large":["http:\/\/tvalaire.com\/wp-content\/uploads\/2020\/01\/01-2-768x480.jpeg",640,400,true],"large":["http:\/\/tvalaire.com\/wp-content\/uploads\/2020\/01\/01-2-1024x640.jpeg",640,400,true],"post-slider-thumb-size":["http:\/\/tvalaire.com\/wp-content\/uploads\/2020\/01\/01-2.jpeg",304,190,false],"post-category-slider-size":["http:\/\/tvalaire.com\/wp-content\/uploads\/2020\/01\/01-2.jpeg",330,206,false],"1536x1536":["http:\/\/tvalaire.com\/wp-content\/uploads\/2020\/01\/01-2.jpeg",1280,800,false],"2048x2048":["http:\/\/tvalaire.com\/wp-content\/uploads\/2020\/01\/01-2.jpeg",1280,800,false],"newsium-slider-full":["http:\/\/tvalaire.com\/wp-content\/uploads\/2020\/01\/01-2.jpeg",1280,800,false],"newsium-featured":["http:\/\/tvalaire.com\/wp-content\/uploads\/2020\/01\/01-2.jpeg",1024,640,false],"newsium-medium":["http:\/\/tvalaire.com\/wp-content\/uploads\/2020\/01\/01-2.jpeg",720,450,false]},"author_info":{"info":["tvalairenoti"]},"category_info":"<a href=\"http:\/\/tvalaire.com\/?cat=1\" rel=\"category\">La Piedad<\/a>","tag_info":"La Piedad","comment_count":"0","jetpack_featured_media_url":"http:\/\/tvalaire.com\/wp-content\/uploads\/2020\/01\/01-2.jpeg","_links":{"self":[{"href":"http:\/\/tvalaire.com\/index.php?rest_route=\/wp\/v2\/posts\/5866"}],"collection":[{"href":"http:\/\/tvalaire.com\/index.php?rest_route=\/wp\/v2\/posts"}],"about":[{"href":"http:\/\/tvalaire.com\/index.php?rest_route=\/wp\/v2\/types\/post"}],"author":[{"embeddable":true,"href":"http:\/\/tvalaire.com\/index.php?rest_route=\/wp\/v2\/users\/1"}],"replies":[{"embeddable":true,"href":"http:\/\/tvalaire.com\/index.php?rest_route=%2Fwp%2Fv2%2Fcomments&post=5866"}],"version-history":[{"count":1,"href":"http:\/\/tvalaire.com\/index.php?rest_route=\/wp\/v2\/posts\/5866\/revisions"}],"predecessor-version":[{"id":5872,"href":"http:\/\/tvalaire.com\/index.php?rest_route=\/wp\/v2\/posts\/5866\/revisions\/5872"}],"wp:featuredmedia":[{"embeddable":true,"href":"http:\/\/tvalaire.com\/index.php?rest_route=\/wp\/v2\/media\/5868"}],"wp:attachment":[{"href":"http:\/\/tvalaire.com\/index.php?rest_route=%2Fwp%2Fv2%2Fmedia&parent=5866"}],"wp:term":[{"taxonomy":"category","embeddable":true,"href":"http:\/\/tvalaire.com\/index.php?rest_route=%2Fwp%2Fv2%2Fcategories&post=5866"},{"taxonomy":"post_tag","embeddable":true,"href":"http:\/\/tvalaire.com\/index.php?rest_route=%2Fwp%2Fv2%2Ftags&post=5866"}],"curies":[{"name":"wp","href":"https:\/\/api.w.org\/{rel}","templated":true}]}}