{"id":5863,"date":"2020-01-10T11:26:34","date_gmt":"2020-01-10T17:26:34","guid":{"rendered":"http:\/\/tvalaire.com\/?p=5863"},"modified":"2020-01-10T11:26:34","modified_gmt":"2020-01-10T17:26:34","slug":"programan-retiro-de-lirio-acuatico-en-rio-lerma","status":"publish","type":"post","link":"http:\/\/tvalaire.com\/?p=5863","title":{"rendered":"PROGRAMAN RETIRO DE LIRIO ACU\u00c1TICO EN R\u00cdO LERMA"},"content":{"rendered":"<p>&nbsp;<\/p>\n<ul>\n<li><strong>Limpiar\u00e1 Ecolog\u00eda 10 kil\u00f3metros de caudal con maleza<\/strong><\/li>\n<li><strong>Trabajos son parte del combate a proliferaci\u00f3n de mosco<\/strong><\/li>\n<\/ul>\n<p>La Coordinaci\u00f3n de Ecolog\u00eda prepara el retiro de la mayor\u00eda del lirio acu\u00e1tico que se encuentra en un tramo de 10 kil\u00f3metros del r\u00edo Lerma en su cruce por la mancha urbana del municipio de La Piedad.<\/p>\n<p>Esto formar\u00e1 parte del trabajo del proyecto para el combate por la proliferaci\u00f3n del mosco que en \u00faltimas semanas se ha presentado, principalmente en la zona centro del municipio.<\/p>\n<p>Por instrucciones de nuestro presidente municipal, Alex Espinoza, se iniciaron los trabajos de gesti\u00f3n para que, a trav\u00e9s de la Comisi\u00f3n Nacional del Agua (Conagua) y el Sistema de Agua Potable, Alcantarillado y Saneamiento (SAPAS), se combatiera la presencia de este insecto, para evitar posibles da\u00f1os a la salud y a la imagen urbana.<\/p>\n<p>La coordinadora de Ecolog\u00eda, Tatiana Ayala Avi\u00f1a, afirm\u00f3 que se reuni\u00f3 en el municipio de P\u00e1tzcuaro con el titular de la Comisi\u00f3n de Pesca del Estado de Michoac\u00e1n (Compesca), Aurelio S\u00edgala P\u00e1ez, para solicitar una m\u00e1quina especial para el retiro del lirio acu\u00e1tico.<\/p>\n<p>A decir del funcionario estatal la maquinar\u00eda est\u00e1 a disposici\u00f3n para su operatividad en el municipio piedadense, por lo que en pr\u00f3ximos d\u00edas se iniciar\u00e1 con el retiro de esta maleza, en un tramo de 10 kil\u00f3metros, que oscilan entre la comunidad de R\u00edo Grande hasta las compuertas del CBTIS.<\/p>\n<p>La\u00a0 maleza que no pueda ser quitada con esta maquinar\u00eda, se har\u00e1 de forma manual por el personal de la Coordinaci\u00f3n de Ecolog\u00eda.<\/p>\n<p>&nbsp;<\/p>\n","protected":false},"excerpt":{"rendered":"<p>&nbsp; Limpiar\u00e1 Ecolog\u00eda 10 kil\u00f3metros de caudal con maleza Trabajos son parte del combate a&#8230;<\/p>\n","protected":false},"author":1,"featured_media":5864,"comment_status":"open","ping_status":"open","sticky":false,"template":"","format":"standard","meta":{"jetpack_post_was_ever_published":false,"_jetpack_newsletter_access":"","_jetpack_dont_email_post_to_subs":false,"_jetpack_newsletter_tier_id":0,"_jetpack_memberships_contains_paywalled_content":false,"_jetpack_memberships_contains_paid_content":false,"footnotes":"","jetpack_publicize_message":"","jetpack_publicize_feature_enabled":true,"jetpack_social_post_already_shared":false,"jetpack_social_options":{"image_generator_settings":{"template":"highway","enabled":false},"version":2}},"categories":[1],"tags":[15,36],"class_list":["post-5863","post","type-post","status-publish","format-standard","has-post-thumbnail","hentry","category-la-piedad","tag-la-piedad","tag-principales"],"jetpack_publicize_connections":[],"jetpack_sharing_enabled":true,"featured_image_urls":{"full":["http:\/\/tvalaire.com\/wp-content\/uploads\/2020\/01\/1.jpeg",593,838,false],"thumbnail":["http:\/\/tvalaire.com\/wp-content\/uploads\/2020\/01\/1-150x150.jpeg",150,150,true],"medium":["http:\/\/tvalaire.com\/wp-content\/uploads\/2020\/01\/1-212x300.jpeg",212,300,true],"medium_large":["http:\/\/tvalaire.com\/wp-content\/uploads\/2020\/01\/1.jpeg",593,838,false],"large":["http:\/\/tvalaire.com\/wp-content\/uploads\/2020\/01\/1.jpeg",593,838,false],"post-slider-thumb-size":["http:\/\/tvalaire.com\/wp-content\/uploads\/2020\/01\/1.jpeg",134,190,false],"post-category-slider-size":["http:\/\/tvalaire.com\/wp-content\/uploads\/2020\/01\/1.jpeg",248,350,false],"1536x1536":["http:\/\/tvalaire.com\/wp-content\/uploads\/2020\/01\/1.jpeg",593,838,false],"2048x2048":["http:\/\/tvalaire.com\/wp-content\/uploads\/2020\/01\/1.jpeg",593,838,false],"newsium-slider-full":["http:\/\/tvalaire.com\/wp-content\/uploads\/2020\/01\/1.jpeg",593,838,false],"newsium-featured":["http:\/\/tvalaire.com\/wp-content\/uploads\/2020\/01\/1.jpeg",593,838,false],"newsium-medium":["http:\/\/tvalaire.com\/wp-content\/uploads\/2020\/01\/1.jpeg",336,475,false]},"author_info":{"info":["tvalairenoti"]},"category_info":"<a href=\"http:\/\/tvalaire.com\/?cat=1\" rel=\"category\">La Piedad<\/a>","tag_info":"La Piedad","comment_count":"0","jetpack_featured_media_url":"http:\/\/tvalaire.com\/wp-content\/uploads\/2020\/01\/1.jpeg","_links":{"self":[{"href":"http:\/\/tvalaire.com\/index.php?rest_route=\/wp\/v2\/posts\/5863"}],"collection":[{"href":"http:\/\/tvalaire.com\/index.php?rest_route=\/wp\/v2\/posts"}],"about":[{"href":"http:\/\/tvalaire.com\/index.php?rest_route=\/wp\/v2\/types\/post"}],"author":[{"embeddable":true,"href":"http:\/\/tvalaire.com\/index.php?rest_route=\/wp\/v2\/users\/1"}],"replies":[{"embeddable":true,"href":"http:\/\/tvalaire.com\/index.php?rest_route=%2Fwp%2Fv2%2Fcomments&post=5863"}],"version-history":[{"count":1,"href":"http:\/\/tvalaire.com\/index.php?rest_route=\/wp\/v2\/posts\/5863\/revisions"}],"predecessor-version":[{"id":5865,"href":"http:\/\/tvalaire.com\/index.php?rest_route=\/wp\/v2\/posts\/5863\/revisions\/5865"}],"wp:featuredmedia":[{"embeddable":true,"href":"http:\/\/tvalaire.com\/index.php?rest_route=\/wp\/v2\/media\/5864"}],"wp:attachment":[{"href":"http:\/\/tvalaire.com\/index.php?rest_route=%2Fwp%2Fv2%2Fmedia&parent=5863"}],"wp:term":[{"taxonomy":"category","embeddable":true,"href":"http:\/\/tvalaire.com\/index.php?rest_route=%2Fwp%2Fv2%2Fcategories&post=5863"},{"taxonomy":"post_tag","embeddable":true,"href":"http:\/\/tvalaire.com\/index.php?rest_route=%2Fwp%2Fv2%2Ftags&post=5863"}],"curies":[{"name":"wp","href":"https:\/\/api.w.org\/{rel}","templated":true}]}}