{"id":580,"date":"2017-02-27T10:08:08","date_gmt":"2017-02-27T16:08:08","guid":{"rendered":"http:\/\/tvalaire.com\/?p=580"},"modified":"2017-02-27T10:08:08","modified_gmt":"2017-02-27T16:08:08","slug":"pide-gobierno-de-la-piedad-a-habitantes-abstenerse-de-quemar-pastizales","status":"publish","type":"post","link":"http:\/\/tvalaire.com\/?p=580","title":{"rendered":"PIDE GOBIERNO DE LA PIEDAD A HABITANTES ABSTENERSE DE QUEMAR PASTIZALES"},"content":{"rendered":"<p class=\"xm4898649114540853290gmail-standard\" style=\"margin-bottom: .0001pt; text-align: center; background: white;\" align=\"center\">\n<p class=\"xm4898649114540853290gmail-standard\" style=\"margin-bottom: .0001pt; text-align: center; background: white; font-variant-ligatures: normal; font-variant-caps: normal; orphans: 2; widows: 2; -webkit-text-stroke-width: 0px; word-spacing: 0px;\" align=\"center\"><b><span style=\"font-size: 16.0pt; font-family: 'Arial','sans-serif'; color: #212121;\">\u00a0<\/span><\/b><span style=\"font-size: 16.0pt; font-family: 'Arial','sans-serif'; color: #212121;\">\u00a0<\/span><\/p>\n<p class=\"xm4898649114540853290gmail-standard\" style=\"margin-bottom: .0001pt; text-align: justify; background: white;\"><span style=\"font-family: 'Arial','sans-serif'; color: #212121;\">Debido a los da\u00f1os que se generan al medio ambiente y a la salud de los habitantes, la Coordinaci\u00f3n de Ecolog\u00eda pidi\u00f3 a la poblaci\u00f3n abstenerse de quemar pastizales o de lo contrario, se anunci\u00f3 que se proceder\u00e1 a sancionar a quienes encuentren realizando este tipo de pr\u00e1cticas en el municipio.<\/span><\/p>\n<p class=\"xm4898649114540853290gmail-standard\" style=\"margin-bottom: .0001pt; text-align: justify; background: white;\"><span style=\"font-family: 'Arial','sans-serif'; color: #212121;\">El\u00a0 Coordinador de Ecolog\u00eda inform\u00f3 que a pesar de las restricciones se ha seguido presentando la quema de pastizales en diferentes puntos de la localidad por lo que pidi\u00f3 el apoyo de la ciudadan\u00eda en general, primero para abstenerse de continuar ya que en caso de ser encontrados en flagrancia, se har\u00e1n acreedores a una sanci\u00f3n administrativa y solicit\u00f3 a su vez, del apoyo de la sociedad piedadense para que denuncie todos los casos en los que se presente la quema indebida de pastizales ante la Coordinaci\u00f3n de Ecolog\u00eda al tel\u00e9fono 52 2 65 71 con horario de 8:30 a 15:30 horas y fuera del horario laboral al tel\u00e9fono 352 52 9 08 83.<\/span><\/p>\n<p class=\"xm4898649114540853290gmail-standard\" style=\"margin-bottom: .0001pt; text-align: justify; background: white;\"><span style=\"font-family: 'Arial','sans-serif'; color: #212121;\">Indic\u00f3 que en caso de encontrar infraganti a alguna persona se har\u00e1 acreedora a una infracci\u00f3n o sanci\u00f3n econ\u00f3mica, la cual se realiza de acuerdo al Reglamento Municipal de Ecolog\u00eda y Protecci\u00f3n al Ambiente del Municipio de La Piedad Michoac\u00e1n, ya que en el Cap\u00edtulo IX sobre la Prevenci\u00f3n y Control de la Contaminaci\u00f3n indica lo siguiente:<\/span><\/p>\n<p class=\"xm4898649114540853290gmail-standard\" style=\"text-align: justify; background: white;\"><span style=\"font-family: 'Arial','sans-serif'; color: #212121;\">\u201cArt\u00edculo 39.- La prevenci\u00f3n y control de la contaminaci\u00f3n atmosf\u00e9rica por humos, polvos, gases en el \u00e1rea urbana de la ciudad de La Piedad y su zona suburbana es una prioridad de las pol\u00edticas ambientales. Art\u00edculo 43.- Queda prohibida la quema de basura y otros materiales que, por su toxicidad o frecuencia, puedan causar deterioro significativo a la salud o al bienestar de los habitantes:<\/span><\/p>\n<p class=\"xm4898649114540853290gmail-standard\" style=\"text-align: justify; background: white; font-variant-ligatures: normal; font-variant-caps: normal; orphans: 2; widows: 2; -webkit-text-stroke-width: 0px; word-spacing: 0px;\"><span style=\"font-family: 'Arial','sans-serif'; color: #212121;\">\u201cI. Cuando el responsable de la quema sea una instituci\u00f3n o empresa, se aplicar\u00e1 el criterio del art\u00edculo 96 de este Reglamento; \u201cII. En caso de reincidencia, la sanci\u00f3n se duplicar\u00e1. Lo anterior, sin quitar\u00a0 otras sanciones que pudieran proceder por delitos a la salud; y, III. La Secretar\u00eda de Urbanismo y Medio Ambiente, para no afectar la econom\u00eda de la poblaci\u00f3n, en los casos previstos por la fracci\u00f3n I de este art\u00edculo, podr\u00e1 promover campa\u00f1as de limpieza en \u00e1reas o predios espec\u00edficos\u201d.<\/span><\/p>\n<p class=\"xm4898649114540853290gmail-standard\" style=\"text-align: justify; background: white; font-variant-ligatures: normal; font-variant-caps: normal; orphans: 2; widows: 2; -webkit-text-stroke-width: 0px; word-spacing: 0px;\"><span style=\"font-family: 'Arial','sans-serif'; color: #212121;\">\u201cArt\u00edculo 96.- En la imposici\u00f3n de sanciones por infracciones a este ordenamiento, la\u00a0 Coordinaci\u00f3n de Ecolog\u00eda en auxilio del Presidente Municipal, tomar\u00e1 en cuenta: I. Los da\u00f1os que se hayan producido o puedan producirse; II. La gravedad de la infracci\u00f3n; III. Las condiciones econ\u00f3micas del infractor, que en el caso de asalariados de la ciudad o el campo, se tomar\u00e1 en cuenta para aplicar la sanci\u00f3n, seg\u00fan la gravedad de la infracci\u00f3n; y, IV. La reincidencia, si la hubiere\u201d.<\/span><\/p>\n<p class=\"xm4898649114540853290gmail-standard\" style=\"text-align: justify; background: white; font-variant-ligatures: normal; font-variant-caps: normal; orphans: 2; widows: 2; -webkit-text-stroke-width: 0px; word-spacing: 0px;\"><span style=\"font-family: 'Arial','sans-serif'; color: #212121;\">En el tabulador de sanciones aplicables a las diversas infracciones cometidas a este reglamento, manifiesta que: \u201cPor violaci\u00f3n al art\u00edculo 43. Se sancionar\u00e1 con una multa de: 1 a 15 d\u00edas de salario m\u00ednimo por quema de basura y materiales de alta toxicidad y de 1 a 30 d\u00edas de salario m\u00ednimo diario a quien incurra en reincidencia\u201d.<\/span><\/p>\n<p class=\"xm4898649114540853290gmail-standard\" style=\"text-align: justify; background: white; font-variant-ligatures: normal; font-variant-caps: normal; orphans: 2; widows: 2; -webkit-text-stroke-width: 0px; word-spacing: 0px;\"><span style=\"font-family: 'Arial','sans-serif'; color: #212121;\">Todo esto con la intenci\u00f3n de evitar la contaminaci\u00f3n ambiental en beneficio de\u00a0 nuestra ciudad.<\/span><\/p>\n<p class=\"xm4898649114540853290gmail-standard\" style=\"text-align: justify; background: white; font-variant-ligatures: normal; font-variant-caps: normal; orphans: 2; widows: 2; -webkit-text-stroke-width: 0px; word-spacing: 0px;\"><span style=\"font-family: 'Arial','sans-serif'; color: #212121;\">Se inform\u00f3 a su vez que si alguno de los ciudadanos tiene alg\u00fan lote o terreno que quiera limpiar puede solicitar el apoyo a la Coordinaci\u00f3n de Ecolog\u00eda para evitar as\u00ed que le sigan prendiendo fuego a lo ya mencionado.<\/span><\/p>\n","protected":false},"excerpt":{"rendered":"<p>\u00a0\u00a0 Debido a los da\u00f1os que se generan al medio ambiente y a la salud&#8230;<\/p>\n","protected":false},"author":1,"featured_media":582,"comment_status":"open","ping_status":"open","sticky":false,"template":"","format":"standard","meta":{"jetpack_post_was_ever_published":false,"_jetpack_newsletter_access":"","_jetpack_dont_email_post_to_subs":false,"_jetpack_newsletter_tier_id":0,"_jetpack_memberships_contains_paywalled_content":false,"_jetpack_memberships_contains_paid_content":false,"footnotes":"","jetpack_publicize_message":"","jetpack_publicize_feature_enabled":true,"jetpack_social_post_already_shared":false,"jetpack_social_options":{"image_generator_settings":{"template":"highway","enabled":false},"version":2}},"categories":[1],"tags":[15,36],"class_list":["post-580","post","type-post","status-publish","format-standard","has-post-thumbnail","hentry","category-la-piedad","tag-la-piedad","tag-principales"],"jetpack_publicize_connections":[],"jetpack_sharing_enabled":true,"featured_image_urls":{"full":["http:\/\/tvalaire.com\/wp-content\/uploads\/2017\/02\/PIDE-GOBIERNO-DE-LA-PIEDAD-A-HABITANTES-ABSTENERSE-DE-QUEMAR-PASTIZALES.jpg",1024,683,false],"thumbnail":["http:\/\/tvalaire.com\/wp-content\/uploads\/2017\/02\/PIDE-GOBIERNO-DE-LA-PIEDAD-A-HABITANTES-ABSTENERSE-DE-QUEMAR-PASTIZALES-150x150.jpg",150,150,true],"medium":["http:\/\/tvalaire.com\/wp-content\/uploads\/2017\/02\/PIDE-GOBIERNO-DE-LA-PIEDAD-A-HABITANTES-ABSTENERSE-DE-QUEMAR-PASTIZALES-300x200.jpg",300,200,true],"medium_large":["http:\/\/tvalaire.com\/wp-content\/uploads\/2017\/02\/PIDE-GOBIERNO-DE-LA-PIEDAD-A-HABITANTES-ABSTENERSE-DE-QUEMAR-PASTIZALES-768x512.jpg",640,427,true],"large":["http:\/\/tvalaire.com\/wp-content\/uploads\/2017\/02\/PIDE-GOBIERNO-DE-LA-PIEDAD-A-HABITANTES-ABSTENERSE-DE-QUEMAR-PASTIZALES-1024x683.jpg",640,427,true],"post-slider-thumb-size":["http:\/\/tvalaire.com\/wp-content\/uploads\/2017\/02\/PIDE-GOBIERNO-DE-LA-PIEDAD-A-HABITANTES-ABSTENERSE-DE-QUEMAR-PASTIZALES.jpg",285,190,false],"post-category-slider-size":["http:\/\/tvalaire.com\/wp-content\/uploads\/2017\/02\/PIDE-GOBIERNO-DE-LA-PIEDAD-A-HABITANTES-ABSTENERSE-DE-QUEMAR-PASTIZALES.jpg",330,220,false],"1536x1536":["http:\/\/tvalaire.com\/wp-content\/uploads\/2017\/02\/PIDE-GOBIERNO-DE-LA-PIEDAD-A-HABITANTES-ABSTENERSE-DE-QUEMAR-PASTIZALES.jpg",1024,683,false],"2048x2048":["http:\/\/tvalaire.com\/wp-content\/uploads\/2017\/02\/PIDE-GOBIERNO-DE-LA-PIEDAD-A-HABITANTES-ABSTENERSE-DE-QUEMAR-PASTIZALES.jpg",1024,683,false],"newsium-slider-full":["http:\/\/tvalaire.com\/wp-content\/uploads\/2017\/02\/PIDE-GOBIERNO-DE-LA-PIEDAD-A-HABITANTES-ABSTENERSE-DE-QUEMAR-PASTIZALES.jpg",1024,683,false],"newsium-featured":["http:\/\/tvalaire.com\/wp-content\/uploads\/2017\/02\/PIDE-GOBIERNO-DE-LA-PIEDAD-A-HABITANTES-ABSTENERSE-DE-QUEMAR-PASTIZALES.jpg",1024,683,false],"newsium-medium":["http:\/\/tvalaire.com\/wp-content\/uploads\/2017\/02\/PIDE-GOBIERNO-DE-LA-PIEDAD-A-HABITANTES-ABSTENERSE-DE-QUEMAR-PASTIZALES.jpg",712,475,false]},"author_info":{"info":["tvalairenoti"]},"category_info":"<a href=\"http:\/\/tvalaire.com\/?cat=1\" rel=\"category\">La Piedad<\/a>","tag_info":"La Piedad","comment_count":"0","jetpack_featured_media_url":"http:\/\/tvalaire.com\/wp-content\/uploads\/2017\/02\/PIDE-GOBIERNO-DE-LA-PIEDAD-A-HABITANTES-ABSTENERSE-DE-QUEMAR-PASTIZALES.jpg","_links":{"self":[{"href":"http:\/\/tvalaire.com\/index.php?rest_route=\/wp\/v2\/posts\/580"}],"collection":[{"href":"http:\/\/tvalaire.com\/index.php?rest_route=\/wp\/v2\/posts"}],"about":[{"href":"http:\/\/tvalaire.com\/index.php?rest_route=\/wp\/v2\/types\/post"}],"author":[{"embeddable":true,"href":"http:\/\/tvalaire.com\/index.php?rest_route=\/wp\/v2\/users\/1"}],"replies":[{"embeddable":true,"href":"http:\/\/tvalaire.com\/index.php?rest_route=%2Fwp%2Fv2%2Fcomments&post=580"}],"version-history":[{"count":1,"href":"http:\/\/tvalaire.com\/index.php?rest_route=\/wp\/v2\/posts\/580\/revisions"}],"predecessor-version":[{"id":583,"href":"http:\/\/tvalaire.com\/index.php?rest_route=\/wp\/v2\/posts\/580\/revisions\/583"}],"wp:featuredmedia":[{"embeddable":true,"href":"http:\/\/tvalaire.com\/index.php?rest_route=\/wp\/v2\/media\/582"}],"wp:attachment":[{"href":"http:\/\/tvalaire.com\/index.php?rest_route=%2Fwp%2Fv2%2Fmedia&parent=580"}],"wp:term":[{"taxonomy":"category","embeddable":true,"href":"http:\/\/tvalaire.com\/index.php?rest_route=%2Fwp%2Fv2%2Fcategories&post=580"},{"taxonomy":"post_tag","embeddable":true,"href":"http:\/\/tvalaire.com\/index.php?rest_route=%2Fwp%2Fv2%2Ftags&post=580"}],"curies":[{"name":"wp","href":"https:\/\/api.w.org\/{rel}","templated":true}]}}