{"id":576,"date":"2017-02-24T07:59:30","date_gmt":"2017-02-24T13:59:30","guid":{"rendered":"http:\/\/tvalaire.com\/?p=576"},"modified":"2017-02-24T07:59:30","modified_gmt":"2017-02-24T13:59:30","slug":"michoacan-en-el-2016-recibio-el-mayor-numero-de-repatriados-a-nivel-nacional","status":"publish","type":"post","link":"http:\/\/tvalaire.com\/?p=576","title":{"rendered":"MICHOAC\u00c1N EN EL 2016 RECIBI\u00d3 EL MAYOR N\u00daMERO DE REPATRIADOS A NIVEL NACIONAL"},"content":{"rendered":"<p class=\"x_MsoNormal\" align=\"center\">\n<p class=\"x_MsoNormal\"><b><span lang=\"ES\">Ante la posible llegada de m\u00e1s connacionales los gobiernos en sus tres niveles se preparan para recibirlos y ofrecer condiciones y opciones de vida en sus lugares de origen.<\/span><\/b><\/p>\n<p class=\"x_MsoNormal\"><span lang=\"ES\">En el 2016 Michoac\u00e1n se convirti\u00f3 en el Estado que obtuvo el primer lugar en recibir el mayor n\u00famero de repatriados de Estados Unidos, es por eso que ante las pol\u00edticas migratorias impuestas por el nuevo mandatario estadounidense, los gobiernos en sus tres niveles de atenci\u00f3n redireccionan programas sociales y econ\u00f3micos para recibirlos en sus lugares de origen.<\/span><\/p>\n<p class=\"x_MsoNormal\"><span lang=\"ES\">El tema de repatriaci\u00f3n fue el que prevaleci\u00f3 durante la conferencia sobre Derechos de los Migrantes que se llev\u00f3 a cabo en UNIVA La Piedad, en el marco de la entrega del \u201cM\u00e9rito Migrante\u201d que por primera ocasi\u00f3n otorga el Gobierno Municipal a quienes se han destacado por el trabajo realizado en pro de los connacionales y de sus derechos laborales en Estados Unidos.<\/span><\/p>\n<p class=\"x_MsoNormal\"><span lang=\"ES\">La conferencia fue dictada por Karina Hern\u00e1ndez Cort\u00e9s, delegada local del centro Nicolaita de los Migrantes en Morelia, quien habl\u00f3 sobre la estrategia \u201csomos M\u00e9xico\u201d y Mar\u00eda Elena Rivera Heredia de la estrategia \u201cUnidos a la distancia\u201d en la que tambi\u00e9n estuvieron el Presidente Municipal, Juan Manuel Estrada Medina quien se encuentra preocupado y ocupado con este tema, as\u00ed como la diputada, Macarena Ch\u00e1vez Flores presidenta de la comisi\u00f3n de Migrantes en el Congreso Local.<\/span><\/p>\n<p class=\"x_MsoNormal\"><span lang=\"ES\">Karina Hern\u00e1ndez mencion\u00f3 que en el 2015 Michoac\u00e1n se encontraba en segundo lugar en cuanto al n\u00famero de repatriados y en el 2016 lleg\u00f3 a ser el primer lugar al recibir 21 mil 725 connacionales que forman parte de este fen\u00f3meno de migraci\u00f3n y quienes hoy requieren del apoyo de los gobiernos para que a su regreso puedan incorporarse a la vida productiva y puedan explotar los conocimientos adquiridos en Estados Unidos para aprovecharlos aqu\u00ed y se sientan en casa y aceptados nuevamente.<\/span><\/p>\n<p class=\"x_MsoNormal\"><span lang=\"ES\">Y es que una de las situaciones con las que llegan es la sensaci\u00f3n del rechazo de un gobierno en un pa\u00eds donde dejaron parte de su vida y en muchas ocasiones a toda su familia, es por eso que se crea la estrategia \u201csomos M\u00e9xico\u201d, por medio de la cual se busca darles atenci\u00f3n integral creando para ellos una bolsa de trabajo en las \u00e1reas de las que mayormente tienen conocimiento como son la agricultura y construcci\u00f3n.<\/span><\/p>\n<p class=\"x_MsoNormal\"><span lang=\"ES\">Explic\u00f3 que una de las situaciones que enfrentan a su regreso al pa\u00eds es la falta de una identificaci\u00f3n, para ello en el arribo a M\u00e9xico, se les est\u00e1 haciendo un chequeo m\u00e9dico y tomando todos sus datos generales para otorgarles un documento foliado en donde especifica toda su informaci\u00f3n y ese documento les sirve como identificaci\u00f3n y para poder ingresar a todos los programas federales y estatales que se est\u00e1n estableciendo para ellos.<\/span><\/p>\n<p class=\"x_MsoNormal\"><span lang=\"ES\">Es importante guardar ese documento o en caso de perderlo, acudir a las oficinas del Instituto Nacional de Migraci\u00f3n para pedir una reimpresi\u00f3n, pues es el documento que requerir\u00e1n para que sean identificados. Para ellos existen diversos programas activos con los cuales se busca lograr su reinserci\u00f3n en la vida laboral, social y econ\u00f3mica. Uno de ellos es a trav\u00e9s del Servicio Nacional del Empleo (SNE), en donde existe una bolsa de trabajo espec\u00edfica para ellos a trav\u00e9s de la cual se les busca una oportunidad de empleo y actualmente hay muchas vacantes. Se cuenta abre a su vez el programa de trabajo agr\u00edcola de mexicanos en Canad\u00e1, en donde se les dar\u00e1 prioridad a ellos.<\/span><\/p>\n<p class=\"x_MsoNormal\"><span lang=\"ES\">Se les puede otorgar tambi\u00e9n la tarjeta INAPAM que otorga el Instituto Nacional del Adulto Mayor y que se les da en autom\u00e1tico para que les sirva como medio de obtenci\u00f3n de beneficios. Se encuentra a su vez el programa de seguro para jefas de familia. El programa 3 X 1 Migrantes por medio del cual, pueden obtener apoyos para la implementaci\u00f3n de proyectos productivos, entre otros.<\/span><\/p>\n<p class=\"x_MsoNormal\"><span lang=\"ES\">A trav\u00e9s de la estrategia \u201cunidos en la distancia\u201d, Mar\u00eda Elena Rivera dio recomendaciones que se deben transmitir a los familiares en Estados Unidos en caso de ser detenidos o que acudan a sus casas para que ante una situaci\u00f3n como esa \u00fanicamente den sus nombres, no den m\u00e1s datos y pidan hablar con un abogado.<\/span><\/p>\n<p class=\"x_MsoNormal\"><span lang=\"ES\">Tambi\u00e9n proporcionaron los siguientes tel\u00e9fonos para que sean difundidos a nuestros connacionales y los tengan en caso de una emergencia. El del consulado en Estados Unidos es 18 55 463 63 95. O desde M\u00e9xico 001 520 623 78 74.<\/span><\/p>\n<p class=\"x_MsoNormal\"><span lang=\"ES\">O bien el SAPTEL que es del sistema que brinda apoyo psicol\u00f3gico ante una situaci\u00f3n de crisis que son desde M\u00e9xico al 01 555 25 98 121 y en Estados Unidos es el 521 555 25 98 121. En Morelia el tel\u00e9fono de la Secretar\u00eda del Migrante es 01 443 322 91 00.<\/span><\/p>\n","protected":false},"excerpt":{"rendered":"<p>Ante la posible llegada de m\u00e1s connacionales los gobiernos en sus tres niveles se preparan&#8230;<\/p>\n","protected":false},"author":1,"featured_media":577,"comment_status":"open","ping_status":"open","sticky":false,"template":"","format":"standard","meta":{"jetpack_post_was_ever_published":false,"_jetpack_newsletter_access":"","_jetpack_dont_email_post_to_subs":false,"_jetpack_newsletter_tier_id":0,"_jetpack_memberships_contains_paywalled_content":false,"_jetpack_memberships_contains_paid_content":false,"footnotes":"","jetpack_publicize_message":"","jetpack_publicize_feature_enabled":true,"jetpack_social_post_already_shared":false,"jetpack_social_options":{"image_generator_settings":{"template":"highway","enabled":false},"version":2}},"categories":[1],"tags":[15,36],"class_list":["post-576","post","type-post","status-publish","format-standard","has-post-thumbnail","hentry","category-la-piedad","tag-la-piedad","tag-principales"],"jetpack_publicize_connections":[],"jetpack_sharing_enabled":true,"featured_image_urls":{"full":["http:\/\/tvalaire.com\/wp-content\/uploads\/2017\/02\/1-5-2.jpg",1024,683,false],"thumbnail":["http:\/\/tvalaire.com\/wp-content\/uploads\/2017\/02\/1-5-2-150x150.jpg",150,150,true],"medium":["http:\/\/tvalaire.com\/wp-content\/uploads\/2017\/02\/1-5-2-300x200.jpg",300,200,true],"medium_large":["http:\/\/tvalaire.com\/wp-content\/uploads\/2017\/02\/1-5-2-768x512.jpg",640,427,true],"large":["http:\/\/tvalaire.com\/wp-content\/uploads\/2017\/02\/1-5-2-1024x683.jpg",640,427,true],"post-slider-thumb-size":["http:\/\/tvalaire.com\/wp-content\/uploads\/2017\/02\/1-5-2.jpg",285,190,false],"post-category-slider-size":["http:\/\/tvalaire.com\/wp-content\/uploads\/2017\/02\/1-5-2.jpg",330,220,false],"1536x1536":["http:\/\/tvalaire.com\/wp-content\/uploads\/2017\/02\/1-5-2.jpg",1024,683,false],"2048x2048":["http:\/\/tvalaire.com\/wp-content\/uploads\/2017\/02\/1-5-2.jpg",1024,683,false],"newsium-slider-full":["http:\/\/tvalaire.com\/wp-content\/uploads\/2017\/02\/1-5-2.jpg",1024,683,false],"newsium-featured":["http:\/\/tvalaire.com\/wp-content\/uploads\/2017\/02\/1-5-2.jpg",1024,683,false],"newsium-medium":["http:\/\/tvalaire.com\/wp-content\/uploads\/2017\/02\/1-5-2.jpg",712,475,false]},"author_info":{"info":["tvalairenoti"]},"category_info":"<a href=\"http:\/\/tvalaire.com\/?cat=1\" rel=\"category\">La Piedad<\/a>","tag_info":"La Piedad","comment_count":"0","jetpack_featured_media_url":"http:\/\/tvalaire.com\/wp-content\/uploads\/2017\/02\/1-5-2.jpg","_links":{"self":[{"href":"http:\/\/tvalaire.com\/index.php?rest_route=\/wp\/v2\/posts\/576"}],"collection":[{"href":"http:\/\/tvalaire.com\/index.php?rest_route=\/wp\/v2\/posts"}],"about":[{"href":"http:\/\/tvalaire.com\/index.php?rest_route=\/wp\/v2\/types\/post"}],"author":[{"embeddable":true,"href":"http:\/\/tvalaire.com\/index.php?rest_route=\/wp\/v2\/users\/1"}],"replies":[{"embeddable":true,"href":"http:\/\/tvalaire.com\/index.php?rest_route=%2Fwp%2Fv2%2Fcomments&post=576"}],"version-history":[{"count":1,"href":"http:\/\/tvalaire.com\/index.php?rest_route=\/wp\/v2\/posts\/576\/revisions"}],"predecessor-version":[{"id":578,"href":"http:\/\/tvalaire.com\/index.php?rest_route=\/wp\/v2\/posts\/576\/revisions\/578"}],"wp:featuredmedia":[{"embeddable":true,"href":"http:\/\/tvalaire.com\/index.php?rest_route=\/wp\/v2\/media\/577"}],"wp:attachment":[{"href":"http:\/\/tvalaire.com\/index.php?rest_route=%2Fwp%2Fv2%2Fmedia&parent=576"}],"wp:term":[{"taxonomy":"category","embeddable":true,"href":"http:\/\/tvalaire.com\/index.php?rest_route=%2Fwp%2Fv2%2Fcategories&post=576"},{"taxonomy":"post_tag","embeddable":true,"href":"http:\/\/tvalaire.com\/index.php?rest_route=%2Fwp%2Fv2%2Ftags&post=576"}],"curies":[{"name":"wp","href":"https:\/\/api.w.org\/{rel}","templated":true}]}}