{"id":569,"date":"2017-02-24T07:55:42","date_gmt":"2017-02-24T13:55:42","guid":{"rendered":"http:\/\/tvalaire.com\/?p=569"},"modified":"2017-02-24T07:55:42","modified_gmt":"2017-02-24T13:55:42","slug":"conmemoraron-el-xii-aniversario-del-colegio-de-bachilleres-en-numaran","status":"publish","type":"post","link":"http:\/\/tvalaire.com\/?p=569","title":{"rendered":"CONMEMORARON EL XII ANIVERSARIO DEL COLEGIO DE BACHILLERES EN NUMARAN"},"content":{"rendered":"<p>&nbsp;<\/p>\n<p>El d\u00eda de ayer frente al palacio Municipal de Numar\u00e1n, se llev\u00f3 a cabo el Acto conmemorativo al XII Aniversario del Colegio de Bachilleres del Estado de Michoac\u00e1n COBAEM Plantel Numar\u00e1n, quien ha brindado los servicios Educativos en este municipio.<\/p>\n<p>La Celebraci\u00f3n dio inicio con un desfile por las principales avenidas de la cabecera, para luego dar inicio al Acto c\u00edvico y Social preparado por los Alumnos y Docentes de esta Instituci\u00f3n.<\/p>\n<p>En el lugar, la Directora del Plantel, C.P. Esmeralda Estrada Ramos, comparti\u00f3 una breve rese\u00f1a de lo que ha transcurrido durante estos doce a\u00f1os de nivel Medio Superior, siendo desde 2008 que obtuvieron la clave como Instituci\u00f3n Educativa, iniciando con un aproximado de 120 alumnos.<\/p>\n<p>De igual manera, mencion\u00f3 el mejoramiento de diversas Aulas y espacios de Usos M\u00faltiples realizados en el plantel, en el que actualmente son cerca de 37 los docentes que imparten las diversas materias a un aproximado de 280 alumnos inscritos para este periodo.<\/p>\n<p>Al evento se dio cita, el alcalde Daniel Z\u00e1rate Estrada quien comparti\u00f3 un mensaje de felicitaci\u00f3n tanto a docentes y alumnos por ser parte del desarrollo educativo, social y cultural de nuestro municipio.<\/p>\n<p>As\u00ed mismo, estuvieron presentes el Coordinador Sectorial No. 8, el Ing. Pedro D\u00edaz Camarena, el L\u00edder de Proyectos Antonio Ort\u00edz Garcilazo en representaci\u00f3n del Director General de COBAEM Michoac\u00e1n Alejandro Bustos Aguilar, el Director de COBAEM La Piedad C. Jos\u00e9 D\u00edaz Camarena, el expresidente y Docente Ing. H\u00e9ctor Escobar Herrera, la Presidenta del Sistema DIF, Elia Escobar Gallardo, el conferencista Mtro. Luis Macias Nava y la presidente Acad\u00e9mica en Administraci\u00f3n Ing. Claudia Trejo Zendejas.<\/p>\n<p>Adem\u00e1s se cont\u00f3 con la Intervenci\u00f3n Musical de Viol\u00edn del Prof. Arturo Oceguera Geraldo, de la Casa de la Cultura de la Piedad, quien ameniz\u00f3 el evento con un par de melod\u00edas cl\u00e1sicas para los presentes.<\/p>\n<p>&nbsp;<\/p>\n<p><img loading=\"lazy\" decoding=\"async\" class=\"alignnone size-medium wp-image-571\" src=\"http:\/\/tvalaire.com\/wp-content\/uploads\/2017\/02\/CONMEMORARON-EL-XLL-ANIVERSARIO-DEL-COLEGIO-DE-BACHILLRES-EN-NUMARAN2-300x200.jpg\" alt=\"\" width=\"300\" height=\"200\" srcset=\"http:\/\/tvalaire.com\/wp-content\/uploads\/2017\/02\/CONMEMORARON-EL-XLL-ANIVERSARIO-DEL-COLEGIO-DE-BACHILLRES-EN-NUMARAN2-300x200.jpg 300w, http:\/\/tvalaire.com\/wp-content\/uploads\/2017\/02\/CONMEMORARON-EL-XLL-ANIVERSARIO-DEL-COLEGIO-DE-BACHILLRES-EN-NUMARAN2-768x512.jpg 768w, http:\/\/tvalaire.com\/wp-content\/uploads\/2017\/02\/CONMEMORARON-EL-XLL-ANIVERSARIO-DEL-COLEGIO-DE-BACHILLRES-EN-NUMARAN2-1024x682.jpg 1024w, http:\/\/tvalaire.com\/wp-content\/uploads\/2017\/02\/CONMEMORARON-EL-XLL-ANIVERSARIO-DEL-COLEGIO-DE-BACHILLRES-EN-NUMARAN2.jpg 1280w\" sizes=\"(max-width: 300px) 100vw, 300px\" \/><\/p>\n","protected":false},"excerpt":{"rendered":"<p>&nbsp; El d\u00eda de ayer frente al palacio Municipal de Numar\u00e1n, se llev\u00f3 a cabo&#8230;<\/p>\n","protected":false},"author":1,"featured_media":570,"comment_status":"open","ping_status":"open","sticky":false,"template":"","format":"standard","meta":{"jetpack_post_was_ever_published":false,"_jetpack_newsletter_access":"","_jetpack_dont_email_post_to_subs":false,"_jetpack_newsletter_tier_id":0,"_jetpack_memberships_contains_paywalled_content":false,"_jetpack_memberships_contains_paid_content":false,"footnotes":"","jetpack_publicize_message":"","jetpack_publicize_feature_enabled":true,"jetpack_social_post_already_shared":false,"jetpack_social_options":{"image_generator_settings":{"template":"highway","enabled":false},"version":2}},"categories":[7],"tags":[34,36],"class_list":["post-569","post","type-post","status-publish","format-standard","has-post-thumbnail","hentry","category-numaran","tag-numaran","tag-principales"],"jetpack_publicize_connections":[],"jetpack_sharing_enabled":true,"featured_image_urls":{"full":["http:\/\/tvalaire.com\/wp-content\/uploads\/2017\/02\/CONMEMORARON-EL-XLL-ANIVERSARIO-DEL-COLEGIO-DE-BACHILLRES-EN-NUMARAN.jpg",2349,1565,false],"thumbnail":["http:\/\/tvalaire.com\/wp-content\/uploads\/2017\/02\/CONMEMORARON-EL-XLL-ANIVERSARIO-DEL-COLEGIO-DE-BACHILLRES-EN-NUMARAN-150x150.jpg",150,150,true],"medium":["http:\/\/tvalaire.com\/wp-content\/uploads\/2017\/02\/CONMEMORARON-EL-XLL-ANIVERSARIO-DEL-COLEGIO-DE-BACHILLRES-EN-NUMARAN-300x200.jpg",300,200,true],"medium_large":["http:\/\/tvalaire.com\/wp-content\/uploads\/2017\/02\/CONMEMORARON-EL-XLL-ANIVERSARIO-DEL-COLEGIO-DE-BACHILLRES-EN-NUMARAN-768x512.jpg",640,427,true],"large":["http:\/\/tvalaire.com\/wp-content\/uploads\/2017\/02\/CONMEMORARON-EL-XLL-ANIVERSARIO-DEL-COLEGIO-DE-BACHILLRES-EN-NUMARAN-1024x682.jpg",640,426,true],"post-slider-thumb-size":["http:\/\/tvalaire.com\/wp-content\/uploads\/2017\/02\/CONMEMORARON-EL-XLL-ANIVERSARIO-DEL-COLEGIO-DE-BACHILLRES-EN-NUMARAN.jpg",285,190,false],"post-category-slider-size":["http:\/\/tvalaire.com\/wp-content\/uploads\/2017\/02\/CONMEMORARON-EL-XLL-ANIVERSARIO-DEL-COLEGIO-DE-BACHILLRES-EN-NUMARAN.jpg",330,220,false],"1536x1536":["http:\/\/tvalaire.com\/wp-content\/uploads\/2017\/02\/CONMEMORARON-EL-XLL-ANIVERSARIO-DEL-COLEGIO-DE-BACHILLRES-EN-NUMARAN.jpg",1536,1023,false],"2048x2048":["http:\/\/tvalaire.com\/wp-content\/uploads\/2017\/02\/CONMEMORARON-EL-XLL-ANIVERSARIO-DEL-COLEGIO-DE-BACHILLRES-EN-NUMARAN.jpg",2048,1364,false],"newsium-slider-full":["http:\/\/tvalaire.com\/wp-content\/uploads\/2017\/02\/CONMEMORARON-EL-XLL-ANIVERSARIO-DEL-COLEGIO-DE-BACHILLRES-EN-NUMARAN.jpg",1268,845,false],"newsium-featured":["http:\/\/tvalaire.com\/wp-content\/uploads\/2017\/02\/CONMEMORARON-EL-XLL-ANIVERSARIO-DEL-COLEGIO-DE-BACHILLRES-EN-NUMARAN.jpg",1024,682,false],"newsium-medium":["http:\/\/tvalaire.com\/wp-content\/uploads\/2017\/02\/CONMEMORARON-EL-XLL-ANIVERSARIO-DEL-COLEGIO-DE-BACHILLRES-EN-NUMARAN.jpg",713,475,false]},"author_info":{"info":["tvalairenoti"]},"category_info":"<a href=\"http:\/\/tvalaire.com\/?cat=7\" rel=\"category\">Numar\u00e1n<\/a>","tag_info":"Numar\u00e1n","comment_count":"0","jetpack_featured_media_url":"http:\/\/tvalaire.com\/wp-content\/uploads\/2017\/02\/CONMEMORARON-EL-XLL-ANIVERSARIO-DEL-COLEGIO-DE-BACHILLRES-EN-NUMARAN.jpg","_links":{"self":[{"href":"http:\/\/tvalaire.com\/index.php?rest_route=\/wp\/v2\/posts\/569"}],"collection":[{"href":"http:\/\/tvalaire.com\/index.php?rest_route=\/wp\/v2\/posts"}],"about":[{"href":"http:\/\/tvalaire.com\/index.php?rest_route=\/wp\/v2\/types\/post"}],"author":[{"embeddable":true,"href":"http:\/\/tvalaire.com\/index.php?rest_route=\/wp\/v2\/users\/1"}],"replies":[{"embeddable":true,"href":"http:\/\/tvalaire.com\/index.php?rest_route=%2Fwp%2Fv2%2Fcomments&post=569"}],"version-history":[{"count":1,"href":"http:\/\/tvalaire.com\/index.php?rest_route=\/wp\/v2\/posts\/569\/revisions"}],"predecessor-version":[{"id":573,"href":"http:\/\/tvalaire.com\/index.php?rest_route=\/wp\/v2\/posts\/569\/revisions\/573"}],"wp:featuredmedia":[{"embeddable":true,"href":"http:\/\/tvalaire.com\/index.php?rest_route=\/wp\/v2\/media\/570"}],"wp:attachment":[{"href":"http:\/\/tvalaire.com\/index.php?rest_route=%2Fwp%2Fv2%2Fmedia&parent=569"}],"wp:term":[{"taxonomy":"category","embeddable":true,"href":"http:\/\/tvalaire.com\/index.php?rest_route=%2Fwp%2Fv2%2Fcategories&post=569"},{"taxonomy":"post_tag","embeddable":true,"href":"http:\/\/tvalaire.com\/index.php?rest_route=%2Fwp%2Fv2%2Ftags&post=569"}],"curies":[{"name":"wp","href":"https:\/\/api.w.org\/{rel}","templated":true}]}}