{"id":542,"date":"2017-02-22T09:33:28","date_gmt":"2017-02-22T15:33:28","guid":{"rendered":"http:\/\/tvalaire.com\/?p=542"},"modified":"2017-02-22T09:37:17","modified_gmt":"2017-02-22T15:37:17","slug":"promueve-dif-municipal-primera-jornada-optometrica-para-el-adulto-mayor","status":"publish","type":"post","link":"http:\/\/tvalaire.com\/?p=542","title":{"rendered":"PROMUEVE DIF MUNICIPAL PRIMERA JORNADA OPTOM\u00c9TRICA PARA EL ADULTO MAYOR"},"content":{"rendered":"<p class=\"xgmail-standard\" style=\"text-align: justify; background: white;\"><span style=\"font-size: 13.0pt; font-family: 'Arial','sans-serif'; color: #212121;\">El Sistema para el Desarrollo Integral de la Familia (DIF) de La Piedad promociona la Primera Jornada Optom\u00e9trica por medio de la cual se otorgar\u00e1n 100 lentes para adultos mayores que presenten alg\u00fan problema de la vista.<\/span><\/p>\n<p class=\"xgmail-standard\" style=\"text-align: justify; background: white; font-variant-ligatures: normal; font-variant-caps: normal; orphans: 2; widows: 2; -webkit-text-stroke-width: 0px; word-spacing: 0px;\"><span style=\"font-size: 13.0pt; font-family: 'Arial','sans-serif'; color: #212121;\">Esta campa\u00f1a se promueve con el apoyo y participaci\u00f3n\u00a0 del Sistema DIF Estatal, quien ser\u00e1 el organismo encargado en otorgar los anteojos, esto gracias a las gestiones realizadas por la Presidenta de la instituci\u00f3n de asistencia social, \u00a0Ma. Socorro Le\u00f3n y la directora.\u00a0<\/span><\/p>\n<p class=\"xgmail-standard\" style=\"text-align: justify; background: white; font-variant-ligatures: normal; font-variant-caps: normal; orphans: 2; widows: 2; -webkit-text-stroke-width: 0px; word-spacing: 0px;\"><span style=\"font-size: 13.0pt; font-family: 'Arial','sans-serif'; color: #212121;\">La directora del DIF inform\u00f3 que la campa\u00f1a estar\u00e1 dirigida para los adultos mayores de 60 a\u00f1os y ser\u00e1 limitada solo a 100 personas, por lo que invit\u00f3 a este grupo de edad que presente alg\u00fan problema con la vista para que acuda al organismo social ubicado en la calle Enrique Ram\u00edrez n\u00famero 79 en el fraccionamiento Jardines del Carmen a solicitar su ingreso al programa.<\/span><\/p>\n<p class=\"xgmail-standard\" style=\"text-align: justify; background: white; font-variant-ligatures: normal; font-variant-caps: normal; orphans: 2; widows: 2; -webkit-text-stroke-width: 0px; word-spacing: 0px;\"><span style=\"font-size: 13.0pt; font-family: 'Arial','sans-serif'; color: #212121;\">Los requisitos que deber\u00e1n presentar los interesados son: haber cumplido los 60 a\u00f1os, presentar copia de su INE, as\u00ed como de la CURP y de su comprobante de domicilio.<\/span><\/p>\n<p class=\"xgmail-standard\" style=\"text-align: justify; background: white; font-variant-ligatures: normal; font-variant-caps: normal; orphans: 2; widows: 2; -webkit-text-stroke-width: 0px; word-spacing: 0px;\"><span style=\"font-size: 13.0pt; font-family: 'Arial','sans-serif'; color: #212121;\">La documentaci\u00f3n deber\u00e1 ser llevada a las instalaciones del DIF Municipal el d\u00eda 10 de marzo, para la integraci\u00f3n de su expediente y pre-valoraci\u00f3n m\u00e9dica, ya que la adaptaci\u00f3n por parte del personal especializado y entrega de los anteojos se realizar\u00e1 el 13 de marzo a partir de las 08:00 horas en la unidad deportiva \u201cLic. Humberto Romero P\u00e9rez\u201d.<\/span><\/p>\n","protected":false},"excerpt":{"rendered":"<p>El Sistema para el Desarrollo Integral de la Familia (DIF) de La Piedad promociona la&#8230;<\/p>\n","protected":false},"author":1,"featured_media":544,"comment_status":"open","ping_status":"open","sticky":false,"template":"","format":"standard","meta":{"jetpack_post_was_ever_published":false,"_jetpack_newsletter_access":"","_jetpack_dont_email_post_to_subs":false,"_jetpack_newsletter_tier_id":0,"_jetpack_memberships_contains_paywalled_content":false,"_jetpack_memberships_contains_paid_content":false,"footnotes":"","jetpack_publicize_message":"","jetpack_publicize_feature_enabled":true,"jetpack_social_post_already_shared":false,"jetpack_social_options":{"image_generator_settings":{"template":"highway","enabled":false},"version":2}},"categories":[1],"tags":[15,36],"class_list":["post-542","post","type-post","status-publish","format-standard","has-post-thumbnail","hentry","category-la-piedad","tag-la-piedad","tag-principales"],"jetpack_publicize_connections":[],"jetpack_sharing_enabled":true,"featured_image_urls":{"full":["http:\/\/tvalaire.com\/wp-content\/uploads\/2017\/02\/PROMUEVE-DIF-MUNICIPAL-PRIMERA-JORNADA-OPTOM\u00c9TRICA-PARA-EL-ADULTO-MAYOR.jpg",768,1024,false],"thumbnail":["http:\/\/tvalaire.com\/wp-content\/uploads\/2017\/02\/PROMUEVE-DIF-MUNICIPAL-PRIMERA-JORNADA-OPTOM\u00c9TRICA-PARA-EL-ADULTO-MAYOR-150x150.jpg",150,150,true],"medium":["http:\/\/tvalaire.com\/wp-content\/uploads\/2017\/02\/PROMUEVE-DIF-MUNICIPAL-PRIMERA-JORNADA-OPTOM\u00c9TRICA-PARA-EL-ADULTO-MAYOR-225x300.jpg",225,300,true],"medium_large":["http:\/\/tvalaire.com\/wp-content\/uploads\/2017\/02\/PROMUEVE-DIF-MUNICIPAL-PRIMERA-JORNADA-OPTOM\u00c9TRICA-PARA-EL-ADULTO-MAYOR-768x1024.jpg",640,853,true],"large":["http:\/\/tvalaire.com\/wp-content\/uploads\/2017\/02\/PROMUEVE-DIF-MUNICIPAL-PRIMERA-JORNADA-OPTOM\u00c9TRICA-PARA-EL-ADULTO-MAYOR-768x1024.jpg",640,853,true],"post-slider-thumb-size":["http:\/\/tvalaire.com\/wp-content\/uploads\/2017\/02\/PROMUEVE-DIF-MUNICIPAL-PRIMERA-JORNADA-OPTOM\u00c9TRICA-PARA-EL-ADULTO-MAYOR.jpg",143,190,false],"post-category-slider-size":["http:\/\/tvalaire.com\/wp-content\/uploads\/2017\/02\/PROMUEVE-DIF-MUNICIPAL-PRIMERA-JORNADA-OPTOM\u00c9TRICA-PARA-EL-ADULTO-MAYOR.jpg",263,350,false],"1536x1536":["http:\/\/tvalaire.com\/wp-content\/uploads\/2017\/02\/PROMUEVE-DIF-MUNICIPAL-PRIMERA-JORNADA-OPTOM\u00c9TRICA-PARA-EL-ADULTO-MAYOR.jpg",768,1024,false],"2048x2048":["http:\/\/tvalaire.com\/wp-content\/uploads\/2017\/02\/PROMUEVE-DIF-MUNICIPAL-PRIMERA-JORNADA-OPTOM\u00c9TRICA-PARA-EL-ADULTO-MAYOR.jpg",768,1024,false],"newsium-slider-full":["http:\/\/tvalaire.com\/wp-content\/uploads\/2017\/02\/PROMUEVE-DIF-MUNICIPAL-PRIMERA-JORNADA-OPTOM\u00c9TRICA-PARA-EL-ADULTO-MAYOR.jpg",634,845,false],"newsium-featured":["http:\/\/tvalaire.com\/wp-content\/uploads\/2017\/02\/PROMUEVE-DIF-MUNICIPAL-PRIMERA-JORNADA-OPTOM\u00c9TRICA-PARA-EL-ADULTO-MAYOR.jpg",768,1024,false],"newsium-medium":["http:\/\/tvalaire.com\/wp-content\/uploads\/2017\/02\/PROMUEVE-DIF-MUNICIPAL-PRIMERA-JORNADA-OPTOM\u00c9TRICA-PARA-EL-ADULTO-MAYOR.jpg",356,475,false]},"author_info":{"info":["tvalairenoti"]},"category_info":"<a href=\"http:\/\/tvalaire.com\/?cat=1\" rel=\"category\">La Piedad<\/a>","tag_info":"La Piedad","comment_count":"0","jetpack_featured_media_url":"http:\/\/tvalaire.com\/wp-content\/uploads\/2017\/02\/PROMUEVE-DIF-MUNICIPAL-PRIMERA-JORNADA-OPTOM\u00c9TRICA-PARA-EL-ADULTO-MAYOR.jpg","_links":{"self":[{"href":"http:\/\/tvalaire.com\/index.php?rest_route=\/wp\/v2\/posts\/542"}],"collection":[{"href":"http:\/\/tvalaire.com\/index.php?rest_route=\/wp\/v2\/posts"}],"about":[{"href":"http:\/\/tvalaire.com\/index.php?rest_route=\/wp\/v2\/types\/post"}],"author":[{"embeddable":true,"href":"http:\/\/tvalaire.com\/index.php?rest_route=\/wp\/v2\/users\/1"}],"replies":[{"embeddable":true,"href":"http:\/\/tvalaire.com\/index.php?rest_route=%2Fwp%2Fv2%2Fcomments&post=542"}],"version-history":[{"count":3,"href":"http:\/\/tvalaire.com\/index.php?rest_route=\/wp\/v2\/posts\/542\/revisions"}],"predecessor-version":[{"id":547,"href":"http:\/\/tvalaire.com\/index.php?rest_route=\/wp\/v2\/posts\/542\/revisions\/547"}],"wp:featuredmedia":[{"embeddable":true,"href":"http:\/\/tvalaire.com\/index.php?rest_route=\/wp\/v2\/media\/544"}],"wp:attachment":[{"href":"http:\/\/tvalaire.com\/index.php?rest_route=%2Fwp%2Fv2%2Fmedia&parent=542"}],"wp:term":[{"taxonomy":"category","embeddable":true,"href":"http:\/\/tvalaire.com\/index.php?rest_route=%2Fwp%2Fv2%2Fcategories&post=542"},{"taxonomy":"post_tag","embeddable":true,"href":"http:\/\/tvalaire.com\/index.php?rest_route=%2Fwp%2Fv2%2Ftags&post=542"}],"curies":[{"name":"wp","href":"https:\/\/api.w.org\/{rel}","templated":true}]}}