{"id":5376,"date":"2019-08-07T10:16:11","date_gmt":"2019-08-07T15:16:11","guid":{"rendered":"http:\/\/tvalaire.com\/?p=5376"},"modified":"2019-08-09T10:27:14","modified_gmt":"2019-08-09T15:27:14","slug":"el-presidente-municipal-de-penjamillo-homero-martinez-leyva-al-dar-su-primer-informe-de-gobierno","status":"publish","type":"post","link":"http:\/\/tvalaire.com\/?p=5376","title":{"rendered":"EL PRESIDENTE MUNICIPAL DE PENJAMILLO, HOMERO MART\u00cdNEZ LEYVA, AL DAR SU PRIMER INFORME DE GOBIERNO"},"content":{"rendered":"<p><img loading=\"lazy\" decoding=\"async\" class=\"alignnone size-medium wp-image-5391\" src=\"http:\/\/tvalaire.com\/wp-content\/uploads\/2019\/08\/WhatsApp-Image-2019-08-09-at-7.43.06-AM-300x168.jpeg\" alt=\"\" width=\"300\" height=\"168\" srcset=\"http:\/\/tvalaire.com\/wp-content\/uploads\/2019\/08\/WhatsApp-Image-2019-08-09-at-7.43.06-AM-300x168.jpeg 300w, http:\/\/tvalaire.com\/wp-content\/uploads\/2019\/08\/WhatsApp-Image-2019-08-09-at-7.43.06-AM-768x431.jpeg 768w, http:\/\/tvalaire.com\/wp-content\/uploads\/2019\/08\/WhatsApp-Image-2019-08-09-at-7.43.06-AM-1024x575.jpeg 1024w, http:\/\/tvalaire.com\/wp-content\/uploads\/2019\/08\/WhatsApp-Image-2019-08-09-at-7.43.06-AM.jpeg 1040w\" sizes=\"(max-width: 300px) 100vw, 300px\" \/><\/p>\n<p>Aspecto parcial de la concurrencia al primer informe del presidente municipal de Penjamillo, Homero Mart\u00ednez Leyva.<\/p>\n<p><img loading=\"lazy\" decoding=\"async\" class=\"alignnone size-medium wp-image-5389\" src=\"http:\/\/tvalaire.com\/wp-content\/uploads\/2019\/08\/WhatsApp-Image-2019-08-09-at-7.51.14-AM-300x168.jpeg\" alt=\"\" width=\"300\" height=\"168\" srcset=\"http:\/\/tvalaire.com\/wp-content\/uploads\/2019\/08\/WhatsApp-Image-2019-08-09-at-7.51.14-AM-300x168.jpeg 300w, http:\/\/tvalaire.com\/wp-content\/uploads\/2019\/08\/WhatsApp-Image-2019-08-09-at-7.51.14-AM-768x431.jpeg 768w, http:\/\/tvalaire.com\/wp-content\/uploads\/2019\/08\/WhatsApp-Image-2019-08-09-at-7.51.14-AM-1024x575.jpeg 1024w, http:\/\/tvalaire.com\/wp-content\/uploads\/2019\/08\/WhatsApp-Image-2019-08-09-at-7.51.14-AM.jpeg 1040w\" sizes=\"(max-width: 300px) 100vw, 300px\" \/><\/p>\n<p>Aspecto parcial del presidium en el informe de gobierno del presidente municipal de Penjamillo, Homero Mart\u00ednez Leyva, el jueves 8 de agosto del 2019.<\/p>\n<p><img loading=\"lazy\" decoding=\"async\" class=\"alignnone size-medium wp-image-5388\" src=\"http:\/\/tvalaire.com\/wp-content\/uploads\/2019\/08\/WhatsApp-Image-2019-08-09-at-7.54.37-AM-300x168.jpeg\" alt=\"\" width=\"300\" height=\"168\" srcset=\"http:\/\/tvalaire.com\/wp-content\/uploads\/2019\/08\/WhatsApp-Image-2019-08-09-at-7.54.37-AM-300x168.jpeg 300w, http:\/\/tvalaire.com\/wp-content\/uploads\/2019\/08\/WhatsApp-Image-2019-08-09-at-7.54.37-AM-768x431.jpeg 768w, http:\/\/tvalaire.com\/wp-content\/uploads\/2019\/08\/WhatsApp-Image-2019-08-09-at-7.54.37-AM-1024x575.jpeg 1024w, http:\/\/tvalaire.com\/wp-content\/uploads\/2019\/08\/WhatsApp-Image-2019-08-09-at-7.54.37-AM.jpeg 1040w\" sizes=\"(max-width: 300px) 100vw, 300px\" \/><\/p>\n<p>Cuerpo de regidores del ayuntamiento de Penjamillo, participantes en la asamblea en la que el presidente Homero Martinez Leyva rindi\u00f3 su primer informe de gobierno.<\/p>\n<p><img loading=\"lazy\" decoding=\"async\" class=\"alignnone size-medium wp-image-5387\" src=\"http:\/\/tvalaire.com\/wp-content\/uploads\/2019\/08\/WhatsApp-Image-2019-08-09-at-7.55.52-AM-300x168.jpeg\" alt=\"\" width=\"300\" height=\"168\" srcset=\"http:\/\/tvalaire.com\/wp-content\/uploads\/2019\/08\/WhatsApp-Image-2019-08-09-at-7.55.52-AM-300x168.jpeg 300w, http:\/\/tvalaire.com\/wp-content\/uploads\/2019\/08\/WhatsApp-Image-2019-08-09-at-7.55.52-AM-768x431.jpeg 768w, http:\/\/tvalaire.com\/wp-content\/uploads\/2019\/08\/WhatsApp-Image-2019-08-09-at-7.55.52-AM-1024x575.jpeg 1024w, http:\/\/tvalaire.com\/wp-content\/uploads\/2019\/08\/WhatsApp-Image-2019-08-09-at-7.55.52-AM.jpeg 1040w\" sizes=\"(max-width: 300px) 100vw, 300px\" \/><\/p>\n<p>Jaime Rodr\u00edguez L\u00f3pez, presente en el evento.<\/p>\n<p><img loading=\"lazy\" decoding=\"async\" class=\"alignnone size-medium wp-image-5386\" src=\"http:\/\/tvalaire.com\/wp-content\/uploads\/2019\/08\/WhatsApp-Image-2019-08-09-at-7.57.32-AM-300x168.jpeg\" alt=\"\" width=\"300\" height=\"168\" srcset=\"http:\/\/tvalaire.com\/wp-content\/uploads\/2019\/08\/WhatsApp-Image-2019-08-09-at-7.57.32-AM-300x168.jpeg 300w, http:\/\/tvalaire.com\/wp-content\/uploads\/2019\/08\/WhatsApp-Image-2019-08-09-at-7.57.32-AM-768x431.jpeg 768w, http:\/\/tvalaire.com\/wp-content\/uploads\/2019\/08\/WhatsApp-Image-2019-08-09-at-7.57.32-AM-1024x575.jpeg 1024w, http:\/\/tvalaire.com\/wp-content\/uploads\/2019\/08\/WhatsApp-Image-2019-08-09-at-7.57.32-AM.jpeg 1040w\" sizes=\"(max-width: 300px) 100vw, 300px\" \/><\/p>\n<p>Herminio Granados Servin, expresidente municipal de Angamacutiro.<\/p>\n<p><img loading=\"lazy\" decoding=\"async\" class=\"alignnone size-medium wp-image-5385\" src=\"http:\/\/tvalaire.com\/wp-content\/uploads\/2019\/08\/WhatsApp-Image-2019-08-09-at-8.00.31-AM-300x168.jpeg\" alt=\"\" width=\"300\" height=\"168\" srcset=\"http:\/\/tvalaire.com\/wp-content\/uploads\/2019\/08\/WhatsApp-Image-2019-08-09-at-8.00.31-AM-300x168.jpeg 300w, http:\/\/tvalaire.com\/wp-content\/uploads\/2019\/08\/WhatsApp-Image-2019-08-09-at-8.00.31-AM-768x431.jpeg 768w, http:\/\/tvalaire.com\/wp-content\/uploads\/2019\/08\/WhatsApp-Image-2019-08-09-at-8.00.31-AM-1024x575.jpeg 1024w, http:\/\/tvalaire.com\/wp-content\/uploads\/2019\/08\/WhatsApp-Image-2019-08-09-at-8.00.31-AM.jpeg 1040w\" sizes=\"(max-width: 300px) 100vw, 300px\" \/><\/p>\n<p>Ruben Robledo Agabo, presidente municipal de Sixto. Verduzco.<\/p>\n<p><img loading=\"lazy\" decoding=\"async\" class=\"alignnone size-medium wp-image-5384\" src=\"http:\/\/tvalaire.com\/wp-content\/uploads\/2019\/08\/WhatsApp-Image-2019-08-09-at-8.03.08-AM-300x168.jpeg\" alt=\"\" width=\"300\" height=\"168\" srcset=\"http:\/\/tvalaire.com\/wp-content\/uploads\/2019\/08\/WhatsApp-Image-2019-08-09-at-8.03.08-AM-300x168.jpeg 300w, http:\/\/tvalaire.com\/wp-content\/uploads\/2019\/08\/WhatsApp-Image-2019-08-09-at-8.03.08-AM-768x431.jpeg 768w, http:\/\/tvalaire.com\/wp-content\/uploads\/2019\/08\/WhatsApp-Image-2019-08-09-at-8.03.08-AM-1024x575.jpeg 1024w, http:\/\/tvalaire.com\/wp-content\/uploads\/2019\/08\/WhatsApp-Image-2019-08-09-at-8.03.08-AM.jpeg 1040w\" sizes=\"(max-width: 300px) 100vw, 300px\" \/><\/p>\n<p>Toma parcial de la asistencia al indorme del presidente Homero Martinez Leyva.<\/p>\n<p><img loading=\"lazy\" decoding=\"async\" class=\"alignnone size-medium wp-image-5383\" src=\"http:\/\/tvalaire.com\/wp-content\/uploads\/2019\/08\/WhatsApp-Image-2019-08-09-at-8.05.16-AM-300x168.jpeg\" alt=\"\" width=\"300\" height=\"168\" srcset=\"http:\/\/tvalaire.com\/wp-content\/uploads\/2019\/08\/WhatsApp-Image-2019-08-09-at-8.05.16-AM-300x168.jpeg 300w, http:\/\/tvalaire.com\/wp-content\/uploads\/2019\/08\/WhatsApp-Image-2019-08-09-at-8.05.16-AM-768x431.jpeg 768w, http:\/\/tvalaire.com\/wp-content\/uploads\/2019\/08\/WhatsApp-Image-2019-08-09-at-8.05.16-AM-1024x575.jpeg 1024w, http:\/\/tvalaire.com\/wp-content\/uploads\/2019\/08\/WhatsApp-Image-2019-08-09-at-8.05.16-AM.jpeg 1040w\" sizes=\"(max-width: 300px) 100vw, 300px\" \/><\/p>\n<p>Parte de los asistentes al primer informe del presidente Homero Martinez Leyva.<\/p>\n<p><img loading=\"lazy\" decoding=\"async\" class=\"alignnone size-medium wp-image-5382\" src=\"http:\/\/tvalaire.com\/wp-content\/uploads\/2019\/08\/WhatsApp-Image-2019-08-09-at-8.09.47-AM-300x168.jpeg\" alt=\"\" width=\"300\" height=\"168\" srcset=\"http:\/\/tvalaire.com\/wp-content\/uploads\/2019\/08\/WhatsApp-Image-2019-08-09-at-8.09.47-AM-300x168.jpeg 300w, http:\/\/tvalaire.com\/wp-content\/uploads\/2019\/08\/WhatsApp-Image-2019-08-09-at-8.09.47-AM-768x431.jpeg 768w, http:\/\/tvalaire.com\/wp-content\/uploads\/2019\/08\/WhatsApp-Image-2019-08-09-at-8.09.47-AM-1024x575.jpeg 1024w, http:\/\/tvalaire.com\/wp-content\/uploads\/2019\/08\/WhatsApp-Image-2019-08-09-at-8.09.47-AM.jpeg 1040w\" sizes=\"(max-width: 300px) 100vw, 300px\" \/><\/p>\n<p>Se capt\u00f3 la presencia de Eliseo Leyva Raya y Jes\u00fas Servin Garc\u00eda expresidentes municipales de Penjamillo, asistentes al primer informe del alcalde Homero Mart\u00ednez Leyva.<\/p>\n<p><img loading=\"lazy\" decoding=\"async\" class=\"alignnone size-medium wp-image-5381\" src=\"http:\/\/tvalaire.com\/wp-content\/uploads\/2019\/08\/WhatsApp-Image-2019-08-09-at-8.12.29-AM-300x168.jpeg\" alt=\"\" width=\"300\" height=\"168\" srcset=\"http:\/\/tvalaire.com\/wp-content\/uploads\/2019\/08\/WhatsApp-Image-2019-08-09-at-8.12.29-AM-300x168.jpeg 300w, http:\/\/tvalaire.com\/wp-content\/uploads\/2019\/08\/WhatsApp-Image-2019-08-09-at-8.12.29-AM-768x431.jpeg 768w, http:\/\/tvalaire.com\/wp-content\/uploads\/2019\/08\/WhatsApp-Image-2019-08-09-at-8.12.29-AM-1024x575.jpeg 1024w, http:\/\/tvalaire.com\/wp-content\/uploads\/2019\/08\/WhatsApp-Image-2019-08-09-at-8.12.29-AM.jpeg 1040w\" sizes=\"(max-width: 300px) 100vw, 300px\" \/><\/p>\n<p>Otro aspecto de la asistenncia al primer informe de gobierno.<\/p>\n<p><img loading=\"lazy\" decoding=\"async\" class=\"alignnone size-medium wp-image-5380\" src=\"http:\/\/tvalaire.com\/wp-content\/uploads\/2019\/08\/WhatsApp-Image-2019-08-09-at-8.14.32-AM-300x168.jpeg\" alt=\"\" width=\"300\" height=\"168\" srcset=\"http:\/\/tvalaire.com\/wp-content\/uploads\/2019\/08\/WhatsApp-Image-2019-08-09-at-8.14.32-AM-300x168.jpeg 300w, http:\/\/tvalaire.com\/wp-content\/uploads\/2019\/08\/WhatsApp-Image-2019-08-09-at-8.14.32-AM-768x431.jpeg 768w, http:\/\/tvalaire.com\/wp-content\/uploads\/2019\/08\/WhatsApp-Image-2019-08-09-at-8.14.32-AM-1024x575.jpeg 1024w, http:\/\/tvalaire.com\/wp-content\/uploads\/2019\/08\/WhatsApp-Image-2019-08-09-at-8.14.32-AM.jpeg 1040w\" sizes=\"(max-width: 300px) 100vw, 300px\" \/><\/p>\n<p><img loading=\"lazy\" decoding=\"async\" class=\"alignnone size-medium wp-image-5378\" src=\"http:\/\/tvalaire.com\/wp-content\/uploads\/2019\/08\/WhatsApp-Image-2019-08-09-at-8.14.33-AM1-300x168.jpeg\" alt=\"\" width=\"300\" height=\"168\" srcset=\"http:\/\/tvalaire.com\/wp-content\/uploads\/2019\/08\/WhatsApp-Image-2019-08-09-at-8.14.33-AM1-300x168.jpeg 300w, http:\/\/tvalaire.com\/wp-content\/uploads\/2019\/08\/WhatsApp-Image-2019-08-09-at-8.14.33-AM1-768x431.jpeg 768w, http:\/\/tvalaire.com\/wp-content\/uploads\/2019\/08\/WhatsApp-Image-2019-08-09-at-8.14.33-AM1-1024x575.jpeg 1024w, http:\/\/tvalaire.com\/wp-content\/uploads\/2019\/08\/WhatsApp-Image-2019-08-09-at-8.14.33-AM1.jpeg 1040w\" sizes=\"(max-width: 300px) 100vw, 300px\" \/><\/p>\n<p><img loading=\"lazy\" decoding=\"async\" class=\"alignnone size-medium wp-image-5377\" src=\"http:\/\/tvalaire.com\/wp-content\/uploads\/2019\/08\/WhatsApp-Image-2019-08-09-at-8.14.32-AM1-300x168.jpeg\" alt=\"\" width=\"300\" height=\"168\" srcset=\"http:\/\/tvalaire.com\/wp-content\/uploads\/2019\/08\/WhatsApp-Image-2019-08-09-at-8.14.32-AM1-300x168.jpeg 300w, http:\/\/tvalaire.com\/wp-content\/uploads\/2019\/08\/WhatsApp-Image-2019-08-09-at-8.14.32-AM1-768x431.jpeg 768w, http:\/\/tvalaire.com\/wp-content\/uploads\/2019\/08\/WhatsApp-Image-2019-08-09-at-8.14.32-AM1-1024x575.jpeg 1024w, http:\/\/tvalaire.com\/wp-content\/uploads\/2019\/08\/WhatsApp-Image-2019-08-09-at-8.14.32-AM1.jpeg 1040w\" sizes=\"(max-width: 300px) 100vw, 300px\" \/><\/p>\n","protected":false},"excerpt":{"rendered":"<p>Aspecto parcial de la concurrencia al primer informe del presidente municipal de Penjamillo, Homero Mart\u00ednez&#8230;<\/p>\n","protected":false},"author":1,"featured_media":5390,"comment_status":"open","ping_status":"open","sticky":false,"template":"","format":"standard","meta":{"jetpack_post_was_ever_published":false,"_jetpack_newsletter_access":"","_jetpack_dont_email_post_to_subs":false,"_jetpack_newsletter_tier_id":0,"_jetpack_memberships_contains_paywalled_content":false,"_jetpack_memberships_contains_paid_content":false,"footnotes":"","jetpack_publicize_message":"","jetpack_publicize_feature_enabled":true,"jetpack_social_post_already_shared":false,"jetpack_social_options":{"image_generator_settings":{"template":"highway","enabled":false},"version":2}},"categories":[6],"tags":[30,36],"class_list":["post-5376","post","type-post","status-publish","format-standard","has-post-thumbnail","hentry","category-penjamillo","tag-penjamillo","tag-principales"],"jetpack_publicize_connections":[],"jetpack_sharing_enabled":true,"featured_image_urls":{"full":["http:\/\/tvalaire.com\/wp-content\/uploads\/2019\/08\/WhatsApp-Image-2019-08-09-at-7.47.47-AM.jpeg",1040,584,false],"thumbnail":["http:\/\/tvalaire.com\/wp-content\/uploads\/2019\/08\/WhatsApp-Image-2019-08-09-at-7.47.47-AM-150x150.jpeg",150,150,true],"medium":["http:\/\/tvalaire.com\/wp-content\/uploads\/2019\/08\/WhatsApp-Image-2019-08-09-at-7.47.47-AM-300x168.jpeg",300,168,true],"medium_large":["http:\/\/tvalaire.com\/wp-content\/uploads\/2019\/08\/WhatsApp-Image-2019-08-09-at-7.47.47-AM-768x431.jpeg",640,359,true],"large":["http:\/\/tvalaire.com\/wp-content\/uploads\/2019\/08\/WhatsApp-Image-2019-08-09-at-7.47.47-AM-1024x575.jpeg",640,359,true],"post-slider-thumb-size":["http:\/\/tvalaire.com\/wp-content\/uploads\/2019\/08\/WhatsApp-Image-2019-08-09-at-7.47.47-AM.jpeg",330,185,false],"post-category-slider-size":["http:\/\/tvalaire.com\/wp-content\/uploads\/2019\/08\/WhatsApp-Image-2019-08-09-at-7.47.47-AM.jpeg",330,185,false],"1536x1536":["http:\/\/tvalaire.com\/wp-content\/uploads\/2019\/08\/WhatsApp-Image-2019-08-09-at-7.47.47-AM.jpeg",1040,584,false],"2048x2048":["http:\/\/tvalaire.com\/wp-content\/uploads\/2019\/08\/WhatsApp-Image-2019-08-09-at-7.47.47-AM.jpeg",1040,584,false],"newsium-slider-full":["http:\/\/tvalaire.com\/wp-content\/uploads\/2019\/08\/WhatsApp-Image-2019-08-09-at-7.47.47-AM.jpeg",1040,584,false],"newsium-featured":["http:\/\/tvalaire.com\/wp-content\/uploads\/2019\/08\/WhatsApp-Image-2019-08-09-at-7.47.47-AM.jpeg",1024,575,false],"newsium-medium":["http:\/\/tvalaire.com\/wp-content\/uploads\/2019\/08\/WhatsApp-Image-2019-08-09-at-7.47.47-AM.jpeg",720,404,false]},"author_info":{"info":["tvalairenoti"]},"category_info":"<a href=\"http:\/\/tvalaire.com\/?cat=6\" rel=\"category\">Penjamillo<\/a>","tag_info":"Penjamillo","comment_count":"0","jetpack_featured_media_url":"http:\/\/tvalaire.com\/wp-content\/uploads\/2019\/08\/WhatsApp-Image-2019-08-09-at-7.47.47-AM.jpeg","_links":{"self":[{"href":"http:\/\/tvalaire.com\/index.php?rest_route=\/wp\/v2\/posts\/5376"}],"collection":[{"href":"http:\/\/tvalaire.com\/index.php?rest_route=\/wp\/v2\/posts"}],"about":[{"href":"http:\/\/tvalaire.com\/index.php?rest_route=\/wp\/v2\/types\/post"}],"author":[{"embeddable":true,"href":"http:\/\/tvalaire.com\/index.php?rest_route=\/wp\/v2\/users\/1"}],"replies":[{"embeddable":true,"href":"http:\/\/tvalaire.com\/index.php?rest_route=%2Fwp%2Fv2%2Fcomments&post=5376"}],"version-history":[{"count":1,"href":"http:\/\/tvalaire.com\/index.php?rest_route=\/wp\/v2\/posts\/5376\/revisions"}],"predecessor-version":[{"id":5392,"href":"http:\/\/tvalaire.com\/index.php?rest_route=\/wp\/v2\/posts\/5376\/revisions\/5392"}],"wp:featuredmedia":[{"embeddable":true,"href":"http:\/\/tvalaire.com\/index.php?rest_route=\/wp\/v2\/media\/5390"}],"wp:attachment":[{"href":"http:\/\/tvalaire.com\/index.php?rest_route=%2Fwp%2Fv2%2Fmedia&parent=5376"}],"wp:term":[{"taxonomy":"category","embeddable":true,"href":"http:\/\/tvalaire.com\/index.php?rest_route=%2Fwp%2Fv2%2Fcategories&post=5376"},{"taxonomy":"post_tag","embeddable":true,"href":"http:\/\/tvalaire.com\/index.php?rest_route=%2Fwp%2Fv2%2Ftags&post=5376"}],"curies":[{"name":"wp","href":"https:\/\/api.w.org\/{rel}","templated":true}]}}